{"id":184875,"date":"2025-05-29T16:46:00","date_gmt":"2025-05-29T19:46:00","guid":{"rendered":"https:\/\/www.hoymercedes.com.ar\/principal\/?p=184875"},"modified":"2025-05-29T20:51:46","modified_gmt":"2025-05-29T23:51:46","slug":"vuelve-el-taller-formativo-de-proyecto-entorno","status":"publish","type":"post","link":"https:\/\/www.hoymercedes.com.ar\/principal\/2025\/05\/29\/vuelve-el-taller-formativo-de-proyecto-entorno\/","title":{"rendered":"Vuelve el taller formativo de Proyecto Entorno"},"content":{"rendered":"\n<p>Con el apoyo de la Direcci\u00f3n de Cultura de la Municipalidad de Mercedes, se reactiv\u00f3 el ciclo&nbsp;<strong>Proyecto Entorno<\/strong>, una propuesta formativa coordinada por las docentes y artistas&nbsp;<strong>Paula F\u00edgoli<\/strong>&nbsp;y&nbsp;<strong>Marcela Cueto<\/strong>, que busca promover pr\u00e1cticas interdisciplinarias y art\u00edsticas vinculadas al entorno.<\/p>\n\n\n\n<p>La nueva edici\u00f3n, titulada&nbsp;<strong>\u201cMirar el entorno. Pensar un paisaje\u201d<\/strong>, se desarrollar\u00e1 durante los&nbsp;<strong>s\u00e1bados de junio<\/strong>&nbsp;en distintos espacios de la ciudad de Mercedes, en formato de&nbsp;<strong>tres encuentros presenciales y gratuitos<\/strong>, de 14:30 a 17 horas.<\/p>\n\n\n\n<p>El ciclo est\u00e1 destinado a personas&nbsp;<strong>mayores de 18 a\u00f1os<\/strong>, residentes en Mercedes o localidades cercanas,&nbsp;<strong>con o sin experiencia previa<\/strong>&nbsp;en artes visuales. La propuesta convoca a pensar, mirar y hacer de forma individual y colectiva, con el objetivo de&nbsp;<strong>agudizar la percepci\u00f3n del entorno y brindar herramientas para proyectar actividades art\u00edsticas interdisciplinarias<\/strong>.<\/p>\n\n\n\n<p>Los cupos son&nbsp;<strong>limitados<\/strong>&nbsp;y la inscripci\u00f3n ya se encuentra abierta a trav\u00e9s de un formulario online (<a class=\"\" href=\"https:\/\/forms.gle\/UcJndZ1GyLpvJPz88\" target=\"_blank\" rel=\"noopener\">acced\u00e9 aqu\u00ed<\/a>) o mediante el enlace disponible en la biograf\u00eda de Instagram del ciclo:&nbsp;<a class=\"\" href=\"https:\/\/www.instagram.com\/proyectoentorno\" target=\"_blank\" rel=\"noopener\">@proyectoentorno<\/a>.<\/p>\n\n\n\n<p><strong>Proyecto Entorno<\/strong>&nbsp;es una iniciativa conjunta de F\u00edgoli (por @laformadeloincierto) y Cueto (por @estudiodeartecueto), orientada a generar espacios de producci\u00f3n, formaci\u00f3n y reflexi\u00f3n art\u00edstica desde la mirada situada.<\/p>\n\n\n\n<p>Para m\u00e1s informaci\u00f3n, se puede escribir al correo:&nbsp;<strong><a>entornocomomaterial@gmail.com<\/a><\/strong>.<\/p>\n\n\n\n<p><\/p>\n","protected":false},"excerpt":{"rendered":"<p>Con el apoyo de la Direcci\u00f3n de Cultura de la Municipalidad de Mercedes, se reactiv\u00f3 el ciclo&nbsp;Proyecto Entorno, una propuesta &#8230; <a title=\"Vuelve el taller formativo de Proyecto Entorno\" class=\"read-more\" href=\"https:\/\/www.hoymercedes.com.ar\/principal\/2025\/05\/29\/vuelve-el-taller-formativo-de-proyecto-entorno\/\" aria-label=\"Leer m\u00e1s sobre Vuelve el taller formativo de Proyecto Entorno\">Leer m\u00e1s<\/a><\/p>\n","protected":false},"author":1,"featured_media":184876,"comment_status":"closed","ping_status":"open","sticky":false,"template":"","format":"standard","meta":{"_monsterinsights_skip_tracking":false,"_monsterinsights_sitenote_active":false,"_monsterinsights_sitenote_note":"","_monsterinsights_sitenote_category":0,"jetpack_post_was_ever_published":false,"_jetpack_newsletter_access":"","_jetpack_dont_email_post_to_subs":false,"_jetpack_newsletter_tier_id":0,"_jetpack_memberships_contains_paywalled_content":false,"_jetpack_memberships_contains_paid_content":false,"footnotes":"","jetpack_publicize_message":"","jetpack_publicize_feature_enabled":true,"jetpack_social_post_already_shared":false,"jetpack_social_options":{"image_generator_settings":{"template":"highway","enabled":false},"version":2},"_wpas_customize_per_network":false},"categories":[8],"tags":[],"class_list":["post-184875","post","type-post","status-publish","format-standard","has-post-thumbnail","hentry","category-sociedad","generate-columns","tablet-grid-50","mobile-grid-100","grid-parent","grid-50"],"jetpack_publicize_connections":[],"jetpack_featured_media_url":"https:\/\/www.hoymercedes.com.ar\/principal\/wp-content\/uploads\/2025\/05\/IMG-20250527-WA0007.jpg","wps_subtitle":"","jetpack_sharing_enabled":true,"_links":{"self":[{"href":"https:\/\/www.hoymercedes.com.ar\/principal\/wp-json\/wp\/v2\/posts\/184875","targetHints":{"allow":["GET"]}}],"collection":[{"href":"https:\/\/www.hoymercedes.com.ar\/principal\/wp-json\/wp\/v2\/posts"}],"about":[{"href":"https:\/\/www.hoymercedes.com.ar\/principal\/wp-json\/wp\/v2\/types\/post"}],"author":[{"embeddable":true,"href":"https:\/\/www.hoymercedes.com.ar\/principal\/wp-json\/wp\/v2\/users\/1"}],"replies":[{"embeddable":true,"href":"https:\/\/www.hoymercedes.com.ar\/principal\/wp-json\/wp\/v2\/comments?post=184875"}],"version-history":[{"count":3,"href":"https:\/\/www.hoymercedes.com.ar\/principal\/wp-json\/wp\/v2\/posts\/184875\/revisions"}],"predecessor-version":[{"id":184940,"href":"https:\/\/www.hoymercedes.com.ar\/principal\/wp-json\/wp\/v2\/posts\/184875\/revisions\/184940"}],"wp:featuredmedia":[{"embeddable":true,"href":"https:\/\/www.hoymercedes.com.ar\/principal\/wp-json\/wp\/v2\/media\/184876"}],"wp:attachment":[{"href":"https:\/\/www.hoymercedes.com.ar\/principal\/wp-json\/wp\/v2\/media?parent=184875"}],"wp:term":[{"taxonomy":"category","embeddable":true,"href":"https:\/\/www.hoymercedes.com.ar\/principal\/wp-json\/wp\/v2\/categories?post=184875"},{"taxonomy":"post_tag","embeddable":true,"href":"https:\/\/www.hoymercedes.com.ar\/principal\/wp-json\/wp\/v2\/tags?post=184875"}],"curies":[{"name":"wp","href":"https:\/\/api.w.org\/{rel}","templated":true}]}}