{"id":184884,"date":"2025-05-27T21:31:41","date_gmt":"2025-05-28T00:31:41","guid":{"rendered":"https:\/\/www.hoymercedes.com.ar\/principal\/?p=184884"},"modified":"2025-05-27T21:31:44","modified_gmt":"2025-05-28T00:31:44","slug":"el-cef-193-renovo-a-su-cooperadora","status":"publish","type":"post","link":"https:\/\/www.hoymercedes.com.ar\/principal\/2025\/05\/27\/el-cef-193-renovo-a-su-cooperadora\/","title":{"rendered":"El CEF 193 renov\u00f3 a su cooperadora"},"content":{"rendered":"\n<figure class=\"wp-block-image size-large\"><img loading=\"lazy\" decoding=\"async\" width=\"1024\" height=\"768\" data-attachment-id=\"184885\" data-permalink=\"https:\/\/www.hoymercedes.com.ar\/principal\/2025\/05\/27\/el-cef-193-renovo-a-su-cooperadora\/cooperadora-gowland\/#main\" data-orig-file=\"https:\/\/www.hoymercedes.com.ar\/principal\/wp-content\/uploads\/2025\/05\/Cooperadora-Gowland.jpeg\" data-orig-size=\"1280,960\" data-comments-opened=\"0\" data-image-meta=\"{&quot;aperture&quot;:&quot;0&quot;,&quot;credit&quot;:&quot;&quot;,&quot;camera&quot;:&quot;&quot;,&quot;caption&quot;:&quot;&quot;,&quot;created_timestamp&quot;:&quot;0&quot;,&quot;copyright&quot;:&quot;&quot;,&quot;focal_length&quot;:&quot;0&quot;,&quot;iso&quot;:&quot;0&quot;,&quot;shutter_speed&quot;:&quot;0&quot;,&quot;title&quot;:&quot;&quot;,&quot;orientation&quot;:&quot;0&quot;}\" data-image-title=\"Cooperadora-Gowland\" data-image-description=\"&lt;p&gt;El C.E.F 193 renov\u00f3 a su cooperadora&lt;\/p&gt;\n\" data-image-caption=\"&lt;p&gt;El C.E.F 193 renov\u00f3 a su cooperadora&lt;\/p&gt;\n\" data-large-file=\"https:\/\/www.hoymercedes.com.ar\/principal\/wp-content\/uploads\/2025\/05\/Cooperadora-Gowland-1024x768.jpeg\" src=\"https:\/\/www.hoymercedes.com.ar\/principal\/wp-content\/uploads\/2025\/05\/Cooperadora-Gowland-1024x768.jpeg\" alt=\"\" class=\"wp-image-184885\" srcset=\"https:\/\/www.hoymercedes.com.ar\/principal\/wp-content\/uploads\/2025\/05\/Cooperadora-Gowland-1024x768.jpeg 1024w, https:\/\/www.hoymercedes.com.ar\/principal\/wp-content\/uploads\/2025\/05\/Cooperadora-Gowland-630x473.jpeg 630w, https:\/\/www.hoymercedes.com.ar\/principal\/wp-content\/uploads\/2025\/05\/Cooperadora-Gowland-150x113.jpeg 150w, https:\/\/www.hoymercedes.com.ar\/principal\/wp-content\/uploads\/2025\/05\/Cooperadora-Gowland.jpeg 1280w\" sizes=\"auto, (max-width: 1024px) 100vw, 1024px\" \/><\/figure>\n\n\n\n<p>La cooperadora del CEF 193 de Gowland tuvo su asamblea de renovaci\u00f3n el pasado viernes.<\/p>\n\n\n\n<p><br>Pasadas las 18 horas del viernes pasado en la sede de la Escuela T\u00e9cnica N 2, donde funciona el Centro de Educaci\u00f3n F\u00edsica N 193 de la localidad de Gowland, se llev\u00f3 adelante la asamblea para renovar autoridades.<br>Sigue estando al frente la vecina Pety Laporta y la acompa\u00f1a como secretaria Carolina Sotelo. Luego parte de la comisi\u00f3n directiva se renov\u00f3 e incluy\u00f3 la inclusi\u00f3n de otros vecinos y vecinas.<\/p>\n\n\n\n<p><br>Esta comisi\u00f3n directiva ya empez\u00f3 a planificar actividades para el segundo semestre del a\u00f1o. En primer t\u00e9rmino, se estar\u00eda concretando un bingo, tal cual sucedi\u00f3 el a\u00f1o pasado con gran \u00e9xito.<\/p>\n","protected":false},"excerpt":{"rendered":"<p>La cooperadora del CEF 193 de Gowland tuvo su asamblea de renovaci\u00f3n el pasado viernes. Pasadas las 18 horas del &#8230; <a title=\"El CEF 193 renov\u00f3 a su cooperadora\" class=\"read-more\" href=\"https:\/\/www.hoymercedes.com.ar\/principal\/2025\/05\/27\/el-cef-193-renovo-a-su-cooperadora\/\" aria-label=\"Leer m\u00e1s sobre El CEF 193 renov\u00f3 a su cooperadora\">Leer m\u00e1s<\/a><\/p>\n","protected":false},"author":1,"featured_media":184885,"comment_status":"closed","ping_status":"open","sticky":false,"template":"","format":"standard","meta":{"_monsterinsights_skip_tracking":false,"_monsterinsights_sitenote_active":false,"_monsterinsights_sitenote_note":"","_monsterinsights_sitenote_category":0,"jetpack_post_was_ever_published":false,"_jetpack_newsletter_access":"","_jetpack_dont_email_post_to_subs":false,"_jetpack_newsletter_tier_id":0,"_jetpack_memberships_contains_paywalled_content":false,"_jetpack_memberships_contains_paid_content":false,"footnotes":"","jetpack_publicize_message":"","jetpack_publicize_feature_enabled":true,"jetpack_social_post_already_shared":false,"jetpack_social_options":{"image_generator_settings":{"template":"highway","enabled":false},"version":2},"_wpas_customize_per_network":false},"categories":[8],"tags":[20460],"class_list":["post-184884","post","type-post","status-publish","format-standard","has-post-thumbnail","hentry","category-sociedad","tag-el-c-e-f-193-renovo-a-su-cooperadora","generate-columns","tablet-grid-50","mobile-grid-100","grid-parent","grid-50"],"jetpack_publicize_connections":[],"jetpack_featured_media_url":"https:\/\/www.hoymercedes.com.ar\/principal\/wp-content\/uploads\/2025\/05\/Cooperadora-Gowland.jpeg","wps_subtitle":"","jetpack_sharing_enabled":true,"_links":{"self":[{"href":"https:\/\/www.hoymercedes.com.ar\/principal\/wp-json\/wp\/v2\/posts\/184884","targetHints":{"allow":["GET"]}}],"collection":[{"href":"https:\/\/www.hoymercedes.com.ar\/principal\/wp-json\/wp\/v2\/posts"}],"about":[{"href":"https:\/\/www.hoymercedes.com.ar\/principal\/wp-json\/wp\/v2\/types\/post"}],"author":[{"embeddable":true,"href":"https:\/\/www.hoymercedes.com.ar\/principal\/wp-json\/wp\/v2\/users\/1"}],"replies":[{"embeddable":true,"href":"https:\/\/www.hoymercedes.com.ar\/principal\/wp-json\/wp\/v2\/comments?post=184884"}],"version-history":[{"count":1,"href":"https:\/\/www.hoymercedes.com.ar\/principal\/wp-json\/wp\/v2\/posts\/184884\/revisions"}],"predecessor-version":[{"id":184886,"href":"https:\/\/www.hoymercedes.com.ar\/principal\/wp-json\/wp\/v2\/posts\/184884\/revisions\/184886"}],"wp:featuredmedia":[{"embeddable":true,"href":"https:\/\/www.hoymercedes.com.ar\/principal\/wp-json\/wp\/v2\/media\/184885"}],"wp:attachment":[{"href":"https:\/\/www.hoymercedes.com.ar\/principal\/wp-json\/wp\/v2\/media?parent=184884"}],"wp:term":[{"taxonomy":"category","embeddable":true,"href":"https:\/\/www.hoymercedes.com.ar\/principal\/wp-json\/wp\/v2\/categories?post=184884"},{"taxonomy":"post_tag","embeddable":true,"href":"https:\/\/www.hoymercedes.com.ar\/principal\/wp-json\/wp\/v2\/tags?post=184884"}],"curies":[{"name":"wp","href":"https:\/\/api.w.org\/{rel}","templated":true}]}}