{"id":184892,"date":"2025-05-27T22:47:01","date_gmt":"2025-05-28T01:47:01","guid":{"rendered":"https:\/\/www.hoymercedes.com.ar\/principal\/?p=184892"},"modified":"2025-05-27T22:52:31","modified_gmt":"2025-05-28T01:52:31","slug":"nuevos-nombramientos-en-el-departamento-judicial-mercedes","status":"publish","type":"post","link":"https:\/\/www.hoymercedes.com.ar\/principal\/2025\/05\/27\/nuevos-nombramientos-en-el-departamento-judicial-mercedes\/","title":{"rendered":"Nuevos nombramientos en el Departamento Judicial Mercedes"},"content":{"rendered":"\n<p>El sistema judicial de Mercedes tendr\u00e1 m\u00e1s nombramientos en puestos de jerarqu\u00eda tras la aprobaci\u00f3n de importantes pliegos de nombramientos que fortalecer\u00e1n diversas \u00e1reas del Departamento Judicial local. Las designaciones incluyen nuevos <strong>jueces y fiscales<\/strong><\/p>\n\n\n\n<p>Los nombramientos son varios, de jueces, juezas, agentes fiscales y jueces de c\u00e1mara <\/p>\n\n\n\n<!DOCTYPE html>\n<html lang=\"es\">\n<head>\n    <meta charset=\"UTF-8\">\n    <meta name=\"viewport\" content=\"width=device-width, initial-scale=1.0\">\n    <title>Listado Judicial<\/title>\n    <link href=\"https:\/\/fonts.googleapis.com\/css2?family=Roboto:wght@700&#038;display=swap\" rel=\"stylesheet\">\n    <style>\n        * {\n            box-sizing: border-box;\n            margin: 0;\n            padding: 0;\n            font-family: Arial, sans-serif;\n        }\n        \n        body {\n            padding: 20px;\n            color: #333;\n            line-height: 1.6;\n        }\n        \n        h14 {\n            text-align: center;\n            margin-bottom: 50px;\n            color: #ffffff;\n            font-family: 'Roboto', sans-serif;\n            font-weight: bold;\n            font-size: 24px;\n            background-color: #01A0C6;\n            padding: 20px;\n            border-radius: 5px;\n            box-shadow: 0 2px 5px rgba(0,0,0,0.1);\n            text-transform: uppercase;\n        }\n        \n        .judicial-list {\n            max-width: 1000px;\n            margin: 0 auto;\n            border: 1px solid #e2e2e2;\n            border-radius: 5px;\n            overflow: hidden;\n        }\n        \n        .judicial-item {\n            display: flex;\n            border-bottom: 1px solid #e2e2e2;\n            padding: 15px;\n        }\n        \n        .judicial-item:last-child {\n            border-bottom: none;\n        }\n        \n        .item-number {\n            font-weight: bold;\n            color: #2c3e50;\n            min-width: 30px;\n            padding-right: 15px;\n            font-size: 16px;\n        }\n        \n        .item-content {\n            flex: 1;\n        }\n        \n        .position {\n            font-weight: bold;\n            color: #2c3e50;\n            margin-bottom: 8px;\n            font-size: 14px;\n            text-transform: capitalize;\n        }\n        \n        .name {\n            color: #555;\n            font-size: 16px;\n            font-weight: bold;\n        }\n        \n        @media (max-width: 768px) {\n            h14 {\n                font-size: 20px;\n                padding: 15px;\n                margin-bottom: 30px;\n            }\n            \n            .judicial-item {\n                flex-direction: column;\n                padding: 12px;\n            }\n            \n            .item-number {\n                padding-right: 0;\n                padding-bottom: 5px;\n                font-size: 15px;\n            }\n            \n            .position {\n                font-size: 13px;\n                margin-bottom: 6px;\n            }\n            \n            .name {\n                font-size: 15px;\n            }\n        }\n    <\/style>\n<\/head>\n<body>\n\n    \n    <div class=\"judicial-list\">\n        <div class=\"judicial-item\">\n            <div class=\"item-number\">1<\/div>\n            <div class=\"item-content\">\n                <div class=\"position\">Agente fiscal del departamento judicial mercedes<\/div>\n                <div class=\"name\">Germ\u00e1n Pettoello<\/div>\n            <\/div>\n        <\/div>\n        \n        <div class=\"judicial-item\">\n            <div class=\"item-number\">2<\/div>\n            <div class=\"item-content\">\n                <div class=\"position\">Jueza de tribunal en lo criminal del departamento judicial mercedes<\/div>\n                <div class=\"name\">Mar\u00eda del Milagro Baliero<\/div>\n            <\/div>\n        <\/div>\n        \n        <div class=\"judicial-item\">\n            <div class=\"item-number\">3<\/div>\n            <div class=\"item-content\">\n                <div class=\"position\">Juez de tribunal en lo criminal del departamento judicial mercedes<\/div>\n                <div class=\"name\">Miguel J\u00e1uregui<\/div>\n            <\/div>\n        <\/div>\n        \n        <div class=\"judicial-item\">\n            <div class=\"item-number\">4<\/div>\n            <div class=\"item-content\">\n                <div class=\"position\">Juez de juzgado de primera instancia en lo civil y comercial del departamento judicial mercedes<\/div>\n                <div class=\"name\">Pablo Alejandro Baldassini<\/div>\n            <\/div>\n        <\/div>\n        \n        <div class=\"judicial-item\">\n            <div class=\"item-number\">5<\/div>\n            <div class=\"item-content\">\n                <div class=\"position\">Juez de juzgado de primera instancia en lo civil y comercial del departamento judicial mercedes<\/div>\n                <div class=\"name\">Leandro Enr\u00edquez<\/div>\n            <\/div>\n        <\/div>\n        \n        <div class=\"judicial-item\">\n            <div class=\"item-number\">6<\/div>\n            <div class=\"item-content\">\n                <div class=\"position\">Jueza de juzgado de familia del departamento judicial mercedes<\/div>\n                <div class=\"name\">Mar\u00eda Eugenia Rijavec<\/div>\n            <\/div>\n        <\/div>\n        \n        <div class=\"judicial-item\">\n            <div class=\"item-number\">7<\/div>\n            <div class=\"item-content\">\n                <div class=\"position\">Agente fiscal del departamento judicial mercedes<\/div>\n                <div class=\"name\">Mat\u00edas Ezequiel Lattaro<\/div>\n            <\/div>\n        <\/div>\n        \n        <div class=\"judicial-item\">\n            <div class=\"item-number\">8<\/div>\n            <div class=\"item-content\">\n                <div class=\"position\">Agente fiscal del departamento judicial mercedes<\/div>\n                <div class=\"name\">Juan Antonio Repetto<\/div>\n            <\/div>\n        <\/div>\n        \n        <div class=\"judicial-item\">\n            <div class=\"item-number\">9<\/div>\n            <div class=\"item-content\">\n                <div class=\"position\">Agente fiscal del departamento judicial mercedes<\/div>\n                <div class=\"name\">Agustina Russi<\/div>\n            <\/div>\n        <\/div>\n        \n        <div class=\"judicial-item\">\n            <div class=\"item-number\">10<\/div>\n            <div class=\"item-content\">\n                <div class=\"position\">Juez de c\u00e1mara de apelaci\u00f3n en lo civil y comercial del departamento judicial mercedes<\/div>\n                <div class=\"name\">Mart\u00edn Hernando Cherubini<\/div>\n            <\/div>\n        <\/div>\n        \n        <div class=\"judicial-item\">\n            <div class=\"item-number\">11<\/div>\n            <div class=\"item-content\">\n                <div class=\"position\">Jueza de c\u00e1mara de apelaci\u00f3n en lo civil y comercial del departamento judicial mercedes<\/div>\n                <div class=\"name\">Gabriela Andrea Rossello<\/div>\n            <\/div>\n        <\/div>\n    <\/div>\n<\/body>\n<\/html>\n","protected":false},"excerpt":{"rendered":"<p>El sistema judicial de Mercedes tendr\u00e1 m\u00e1s nombramientos en puestos de jerarqu\u00eda tras la aprobaci\u00f3n de importantes pliegos de nombramientos &#8230; <a title=\"Nuevos nombramientos en el Departamento Judicial Mercedes\" class=\"read-more\" href=\"https:\/\/www.hoymercedes.com.ar\/principal\/2025\/05\/27\/nuevos-nombramientos-en-el-departamento-judicial-mercedes\/\" aria-label=\"Leer m\u00e1s sobre Nuevos nombramientos en el Departamento Judicial Mercedes\">Leer m\u00e1s<\/a><\/p>\n","protected":false},"author":1,"featured_media":174142,"comment_status":"closed","ping_status":"open","sticky":false,"template":"","format":"standard","meta":{"_monsterinsights_skip_tracking":false,"_monsterinsights_sitenote_active":false,"_monsterinsights_sitenote_note":"","_monsterinsights_sitenote_category":0,"jetpack_post_was_ever_published":false,"_jetpack_newsletter_access":"","_jetpack_dont_email_post_to_subs":false,"_jetpack_newsletter_tier_id":0,"_jetpack_memberships_contains_paywalled_content":false,"_jetpack_memberships_contains_paid_content":false,"footnotes":"","jetpack_publicize_message":"","jetpack_publicize_feature_enabled":true,"jetpack_social_post_already_shared":false,"jetpack_social_options":{"image_generator_settings":{"template":"highway","enabled":false},"version":2},"_wpas_customize_per_network":false},"categories":[8],"tags":[2425,20464,20463,20462],"class_list":["post-184892","post","type-post","status-publish","format-standard","has-post-thumbnail","hentry","category-sociedad","tag-departamento-judicial-mercedes","tag-nombramientos-justicia-de-mercedes","tag-nuevos-fiscales-mercedes","tag-nuevos-jueces-mercedes","generate-columns","tablet-grid-50","mobile-grid-100","grid-parent","grid-50"],"jetpack_publicize_connections":[],"jetpack_featured_media_url":"https:\/\/www.hoymercedes.com.ar\/principal\/wp-content\/uploads\/2024\/03\/Tribunales.jpg","wps_subtitle":"","jetpack_sharing_enabled":true,"_links":{"self":[{"href":"https:\/\/www.hoymercedes.com.ar\/principal\/wp-json\/wp\/v2\/posts\/184892","targetHints":{"allow":["GET"]}}],"collection":[{"href":"https:\/\/www.hoymercedes.com.ar\/principal\/wp-json\/wp\/v2\/posts"}],"about":[{"href":"https:\/\/www.hoymercedes.com.ar\/principal\/wp-json\/wp\/v2\/types\/post"}],"author":[{"embeddable":true,"href":"https:\/\/www.hoymercedes.com.ar\/principal\/wp-json\/wp\/v2\/users\/1"}],"replies":[{"embeddable":true,"href":"https:\/\/www.hoymercedes.com.ar\/principal\/wp-json\/wp\/v2\/comments?post=184892"}],"version-history":[{"count":4,"href":"https:\/\/www.hoymercedes.com.ar\/principal\/wp-json\/wp\/v2\/posts\/184892\/revisions"}],"predecessor-version":[{"id":184897,"href":"https:\/\/www.hoymercedes.com.ar\/principal\/wp-json\/wp\/v2\/posts\/184892\/revisions\/184897"}],"wp:featuredmedia":[{"embeddable":true,"href":"https:\/\/www.hoymercedes.com.ar\/principal\/wp-json\/wp\/v2\/media\/174142"}],"wp:attachment":[{"href":"https:\/\/www.hoymercedes.com.ar\/principal\/wp-json\/wp\/v2\/media?parent=184892"}],"wp:term":[{"taxonomy":"category","embeddable":true,"href":"https:\/\/www.hoymercedes.com.ar\/principal\/wp-json\/wp\/v2\/categories?post=184892"},{"taxonomy":"post_tag","embeddable":true,"href":"https:\/\/www.hoymercedes.com.ar\/principal\/wp-json\/wp\/v2\/tags?post=184892"}],"curies":[{"name":"wp","href":"https:\/\/api.w.org\/{rel}","templated":true}]}}