{"id":184911,"date":"2025-05-30T10:12:00","date_gmt":"2025-05-30T13:12:00","guid":{"rendered":"https:\/\/www.hoymercedes.com.ar\/principal\/?p=184911"},"modified":"2025-05-29T21:00:23","modified_gmt":"2025-05-30T00:00:23","slug":"mes-de-la-seguridad-vial-arranca-con-la-caravana-vial","status":"publish","type":"post","link":"https:\/\/www.hoymercedes.com.ar\/principal\/2025\/05\/30\/mes-de-la-seguridad-vial-arranca-con-la-caravana-vial\/","title":{"rendered":"Mes de la Seguridad Vial arranca con la Caravana vial"},"content":{"rendered":"\n<p>Desde Estrellas Amarillas Mercedes anunciaron que inician el Mes de la Seguridad Vial con una caravana vial a trav\u00e9s de la ciudad. Ser\u00e1 el domingo 1 de junio, desde las 15:30 hs. saliendo desde la intersecci\u00f3n de 29 y 26. El rocorrido en veh\u00edculos ser\u00e1 por las avenidas principales de la ciudad para terminar en la Plaza San Luis donde se encuentra la estatua que homenajea a las v\u00edctimas fatales de siniestros viales. <\/p>\n\n\n<div class=\"wp-block-image\">\n<figure class=\"aligncenter size-large\"><img loading=\"lazy\" decoding=\"async\" width=\"724\" height=\"1024\" data-attachment-id=\"184912\" data-permalink=\"https:\/\/www.hoymercedes.com.ar\/principal\/2025\/05\/30\/mes-de-la-seguridad-vial-arranca-con-la-caravana-vial\/img-20250528-wa0005\/#main\" data-orig-file=\"https:\/\/www.hoymercedes.com.ar\/principal\/wp-content\/uploads\/2025\/05\/IMG-20250528-WA0005.jpg\" data-orig-size=\"1131,1600\" data-comments-opened=\"0\" data-image-meta=\"{&quot;aperture&quot;:&quot;0&quot;,&quot;credit&quot;:&quot;&quot;,&quot;camera&quot;:&quot;&quot;,&quot;caption&quot;:&quot;&quot;,&quot;created_timestamp&quot;:&quot;0&quot;,&quot;copyright&quot;:&quot;&quot;,&quot;focal_length&quot;:&quot;0&quot;,&quot;iso&quot;:&quot;0&quot;,&quot;shutter_speed&quot;:&quot;0&quot;,&quot;title&quot;:&quot;&quot;,&quot;orientation&quot;:&quot;0&quot;}\" data-image-title=\"IMG-20250528-WA0005\" data-image-description=\"\" data-image-caption=\"\" data-large-file=\"https:\/\/www.hoymercedes.com.ar\/principal\/wp-content\/uploads\/2025\/05\/IMG-20250528-WA0005-724x1024.jpg\" src=\"https:\/\/www.hoymercedes.com.ar\/principal\/wp-content\/uploads\/2025\/05\/IMG-20250528-WA0005-724x1024.jpg\" alt=\"\" class=\"wp-image-184912\" srcset=\"https:\/\/www.hoymercedes.com.ar\/principal\/wp-content\/uploads\/2025\/05\/IMG-20250528-WA0005-724x1024.jpg 724w, https:\/\/www.hoymercedes.com.ar\/principal\/wp-content\/uploads\/2025\/05\/IMG-20250528-WA0005-438x620.jpg 438w, https:\/\/www.hoymercedes.com.ar\/principal\/wp-content\/uploads\/2025\/05\/IMG-20250528-WA0005-106x150.jpg 106w, https:\/\/www.hoymercedes.com.ar\/principal\/wp-content\/uploads\/2025\/05\/IMG-20250528-WA0005-1086x1536.jpg 1086w, https:\/\/www.hoymercedes.com.ar\/principal\/wp-content\/uploads\/2025\/05\/IMG-20250528-WA0005.jpg 1131w\" sizes=\"auto, (max-width: 724px) 100vw, 724px\" \/><\/figure>\n<\/div>","protected":false},"excerpt":{"rendered":"<p>Desde Estrellas Amarillas Mercedes anunciaron que inician el Mes de la Seguridad Vial con una caravana vial a trav\u00e9s de &#8230; <a title=\"Mes de la Seguridad Vial arranca con la Caravana vial\" class=\"read-more\" href=\"https:\/\/www.hoymercedes.com.ar\/principal\/2025\/05\/30\/mes-de-la-seguridad-vial-arranca-con-la-caravana-vial\/\" aria-label=\"Leer m\u00e1s sobre Mes de la Seguridad Vial arranca con la Caravana vial\">Leer m\u00e1s<\/a><\/p>\n","protected":false},"author":1,"featured_media":84208,"comment_status":"closed","ping_status":"open","sticky":false,"template":"","format":"standard","meta":{"_monsterinsights_skip_tracking":false,"_monsterinsights_sitenote_active":false,"_monsterinsights_sitenote_note":"","_monsterinsights_sitenote_category":0,"jetpack_post_was_ever_published":false,"_jetpack_newsletter_access":"","_jetpack_dont_email_post_to_subs":false,"_jetpack_newsletter_tier_id":0,"_jetpack_memberships_contains_paywalled_content":false,"_jetpack_memberships_contains_paid_content":false,"footnotes":"","jetpack_publicize_message":"","jetpack_publicize_feature_enabled":true,"jetpack_social_post_already_shared":true,"jetpack_social_options":{"image_generator_settings":{"template":"highway","enabled":false},"version":2},"_wpas_customize_per_network":false},"categories":[8],"tags":[],"class_list":["post-184911","post","type-post","status-publish","format-standard","has-post-thumbnail","hentry","category-sociedad","generate-columns","tablet-grid-50","mobile-grid-100","grid-parent","grid-50"],"jetpack_publicize_connections":[],"jetpack_featured_media_url":"https:\/\/www.hoymercedes.com.ar\/principal\/wp-content\/uploads\/2018\/11\/19-estrellas-6.jpg","wps_subtitle":"","jetpack_sharing_enabled":true,"_links":{"self":[{"href":"https:\/\/www.hoymercedes.com.ar\/principal\/wp-json\/wp\/v2\/posts\/184911","targetHints":{"allow":["GET"]}}],"collection":[{"href":"https:\/\/www.hoymercedes.com.ar\/principal\/wp-json\/wp\/v2\/posts"}],"about":[{"href":"https:\/\/www.hoymercedes.com.ar\/principal\/wp-json\/wp\/v2\/types\/post"}],"author":[{"embeddable":true,"href":"https:\/\/www.hoymercedes.com.ar\/principal\/wp-json\/wp\/v2\/users\/1"}],"replies":[{"embeddable":true,"href":"https:\/\/www.hoymercedes.com.ar\/principal\/wp-json\/wp\/v2\/comments?post=184911"}],"version-history":[{"count":2,"href":"https:\/\/www.hoymercedes.com.ar\/principal\/wp-json\/wp\/v2\/posts\/184911\/revisions"}],"predecessor-version":[{"id":184943,"href":"https:\/\/www.hoymercedes.com.ar\/principal\/wp-json\/wp\/v2\/posts\/184911\/revisions\/184943"}],"wp:featuredmedia":[{"embeddable":true,"href":"https:\/\/www.hoymercedes.com.ar\/principal\/wp-json\/wp\/v2\/media\/84208"}],"wp:attachment":[{"href":"https:\/\/www.hoymercedes.com.ar\/principal\/wp-json\/wp\/v2\/media?parent=184911"}],"wp:term":[{"taxonomy":"category","embeddable":true,"href":"https:\/\/www.hoymercedes.com.ar\/principal\/wp-json\/wp\/v2\/categories?post=184911"},{"taxonomy":"post_tag","embeddable":true,"href":"https:\/\/www.hoymercedes.com.ar\/principal\/wp-json\/wp\/v2\/tags?post=184911"}],"curies":[{"name":"wp","href":"https:\/\/api.w.org\/{rel}","templated":true}]}}