{"id":184916,"date":"2025-05-28T23:56:22","date_gmt":"2025-05-29T02:56:22","guid":{"rendered":"https:\/\/www.hoymercedes.com.ar\/principal\/?p=184916"},"modified":"2025-05-28T23:57:27","modified_gmt":"2025-05-29T02:57:27","slug":"discapacidad-movilizacion-de-prestadores-y-familias-de-mercedes-denuncian-el-estado-de-emergencia","status":"publish","type":"post","link":"https:\/\/www.hoymercedes.com.ar\/principal\/2025\/05\/28\/discapacidad-movilizacion-de-prestadores-y-familias-de-mercedes-denuncian-el-estado-de-emergencia\/","title":{"rendered":"Discapacidad: movilizaci\u00f3n de prestadores y familias de Mercedes, denuncian el estado de emergencia"},"content":{"rendered":"\n<figure class=\"wp-block-image size-large\"><img loading=\"lazy\" decoding=\"async\" width=\"1024\" height=\"576\" data-attachment-id=\"184917\" data-permalink=\"https:\/\/www.hoymercedes.com.ar\/principal\/2025\/05\/28\/discapacidad-movilizacion-de-prestadores-y-familias-de-mercedes-denuncian-el-estado-de-emergencia\/movilizacion-discapacidad\/#main\" data-orig-file=\"https:\/\/www.hoymercedes.com.ar\/principal\/wp-content\/uploads\/2025\/05\/Movilizacion-Discapacidad.jpeg\" data-orig-size=\"1280,720\" data-comments-opened=\"0\" data-image-meta=\"{&quot;aperture&quot;:&quot;0&quot;,&quot;credit&quot;:&quot;&quot;,&quot;camera&quot;:&quot;&quot;,&quot;caption&quot;:&quot;&quot;,&quot;created_timestamp&quot;:&quot;0&quot;,&quot;copyright&quot;:&quot;&quot;,&quot;focal_length&quot;:&quot;0&quot;,&quot;iso&quot;:&quot;0&quot;,&quot;shutter_speed&quot;:&quot;0&quot;,&quot;title&quot;:&quot;&quot;,&quot;orientation&quot;:&quot;0&quot;}\" data-image-title=\"Movilizacion-Discapacidad\" data-image-description=\"\" data-image-caption=\"\" data-large-file=\"https:\/\/www.hoymercedes.com.ar\/principal\/wp-content\/uploads\/2025\/05\/Movilizacion-Discapacidad-1024x576.jpeg\" src=\"https:\/\/www.hoymercedes.com.ar\/principal\/wp-content\/uploads\/2025\/05\/Movilizacion-Discapacidad-1024x576.jpeg\" alt=\"\" class=\"wp-image-184917\" srcset=\"https:\/\/www.hoymercedes.com.ar\/principal\/wp-content\/uploads\/2025\/05\/Movilizacion-Discapacidad-1024x576.jpeg 1024w, https:\/\/www.hoymercedes.com.ar\/principal\/wp-content\/uploads\/2025\/05\/Movilizacion-Discapacidad-630x354.jpeg 630w, https:\/\/www.hoymercedes.com.ar\/principal\/wp-content\/uploads\/2025\/05\/Movilizacion-Discapacidad-150x84.jpeg 150w, https:\/\/www.hoymercedes.com.ar\/principal\/wp-content\/uploads\/2025\/05\/Movilizacion-Discapacidad.jpeg 1280w\" sizes=\"auto, (max-width: 1024px) 100vw, 1024px\" \/><\/figure>\n\n\n\n<p>En la tarde de este mi\u00e9rcoles 28 de mayo, en la plaza San Mart\u00edn de Mercedes, el Colectivo de Acompa\u00f1antes Terap\u00e9uticos convoc\u00f3 a una movilizaci\u00f3n por la dif\u00edcil situaci\u00f3n que atraviesa la discapacidad, los profesionales y las familias de personas en tratamientos. La movilizaci\u00f3n en Mercedes se dio en l\u00ednea con la del hospital Garraham.&nbsp; El colectivo de acompa\u00f1antes terap\u00e9uticos de la ciudad hizo la marcha hoy en conjunto con los de provincia de Buenos Aires.<\/p>\n\n\n\n<p>La concentraci\u00f3n en la plaza tuvo mucha participaci\u00f3n de familias y profesionales de la salud que atienden pacientes con discapacidad: terapistas ocupacionales, kinesi\u00f3logos, fonoaudi\u00f3logos, acompa\u00f1antes terap\u00e9uticos, entre otros.<\/p>\n\n\n\n<p>\u201cLa convocatoria ha sido muy buena\u201d expres\u00f3 Elena Sequeira, fonoaudi\u00f3loga y responsable de la escuela \u201cVamos Creciendo\u201d que habl\u00f3 con la RPM luego de la marcha que se realiz\u00f3 por las calles del centro de la ciudad.<\/p>\n\n\n\n<p>\u201cCreo que es urgente que esto sea ajustado con la inflaci\u00f3n\u201d expres\u00f3 Sequeira y agreg\u00f3 que \u201cdesde septiembre est\u00e1 congelado el nomenclador, los prestadores estamos pasando una situaci\u00f3n compleja\u201d.<\/p>\n\n\n\n<p>La ley 24901 es la que regula el sistema de prestaciones \u201cen favor de las personas con discapacidad\u201d y entre otras cuestiones, regula un nomenclador de las prestaciones. \u201cEl arancel b\u00e1sico por discapacidad actualmente est\u00e1 en 12 mil pesos y los colegios profesionales est\u00e1n pautando aranceles entre 19 y 25 mil pesos la sesi\u00f3n, ese es el m\u00ednimo \u00e9tico que debemos respetar\u201d comenta Sequeira.<\/p>\n\n\n\n<p>Noelia Gollo, profesional de salud y prestadora, se\u00f1al\u00f3 que adem\u00e1s del congelamiento de los honorarios que llevan 6 meses sin un aumento, es un tema preocupante los tiempos que demandan las autorizaciones de las prestaciones: \u201cla burocracia para los padres es mucha. Es un sector muy vulnerado. Es muy triste para las familias\u201d.<\/p>\n\n\n\n<p>En la movilizaci\u00f3n de los prestadores, algunas familias tambi\u00e9n expresaron su malestar, como Nadia Rodr\u00edguez, quien apunt\u00f3 \u201cLa situaci\u00f3n en discapacidad es de una crisis real\u201d y agreg\u00f3 que \u201cnos atraviesa a padres y terapistas\u201d.<\/p>\n\n\n\n<p>\u201cEstamos perdiendo profesionales, es un desastre\u201d manifest\u00f3 ante los micr\u00f3fonos de la RPM y pidi\u00f3 \u201cque se visibilice la situaci\u00f3n y que no se vulneren los derechos de nuestros hijos\u201d.<\/p>\n","protected":false},"excerpt":{"rendered":"<p>En la tarde de este mi\u00e9rcoles 28 de mayo, en la plaza San Mart\u00edn de Mercedes, el Colectivo de Acompa\u00f1antes &#8230; <a title=\"Discapacidad: movilizaci\u00f3n de prestadores y familias de Mercedes, denuncian el estado de emergencia\" class=\"read-more\" href=\"https:\/\/www.hoymercedes.com.ar\/principal\/2025\/05\/28\/discapacidad-movilizacion-de-prestadores-y-familias-de-mercedes-denuncian-el-estado-de-emergencia\/\" aria-label=\"Leer m\u00e1s sobre Discapacidad: movilizaci\u00f3n de prestadores y familias de Mercedes, denuncian el estado de emergencia\">Leer m\u00e1s<\/a><\/p>\n","protected":false},"author":1,"featured_media":184917,"comment_status":"closed","ping_status":"open","sticky":false,"template":"","format":"standard","meta":{"_monsterinsights_skip_tracking":false,"_monsterinsights_sitenote_active":false,"_monsterinsights_sitenote_note":"","_monsterinsights_sitenote_category":0,"jetpack_post_was_ever_published":false,"_jetpack_newsletter_access":"","_jetpack_dont_email_post_to_subs":false,"_jetpack_newsletter_tier_id":0,"_jetpack_memberships_contains_paywalled_content":false,"_jetpack_memberships_contains_paid_content":false,"footnotes":"","jetpack_publicize_message":"","jetpack_publicize_feature_enabled":true,"jetpack_social_post_already_shared":false,"jetpack_social_options":{"image_generator_settings":{"template":"highway","enabled":false},"version":2},"_wpas_customize_per_network":false},"categories":[8],"tags":[20466,20465],"class_list":["post-184916","post","type-post","status-publish","format-standard","has-post-thumbnail","hentry","category-sociedad","tag-acompanantes-terapeuticos","tag-reclamos-prestadores-de-discapacidad","generate-columns","tablet-grid-50","mobile-grid-100","grid-parent","grid-50"],"jetpack_publicize_connections":[],"jetpack_featured_media_url":"https:\/\/www.hoymercedes.com.ar\/principal\/wp-content\/uploads\/2025\/05\/Movilizacion-Discapacidad.jpeg","wps_subtitle":"Reclamo salarial y condiciones laborales","jetpack_sharing_enabled":true,"_links":{"self":[{"href":"https:\/\/www.hoymercedes.com.ar\/principal\/wp-json\/wp\/v2\/posts\/184916","targetHints":{"allow":["GET"]}}],"collection":[{"href":"https:\/\/www.hoymercedes.com.ar\/principal\/wp-json\/wp\/v2\/posts"}],"about":[{"href":"https:\/\/www.hoymercedes.com.ar\/principal\/wp-json\/wp\/v2\/types\/post"}],"author":[{"embeddable":true,"href":"https:\/\/www.hoymercedes.com.ar\/principal\/wp-json\/wp\/v2\/users\/1"}],"replies":[{"embeddable":true,"href":"https:\/\/www.hoymercedes.com.ar\/principal\/wp-json\/wp\/v2\/comments?post=184916"}],"version-history":[{"count":4,"href":"https:\/\/www.hoymercedes.com.ar\/principal\/wp-json\/wp\/v2\/posts\/184916\/revisions"}],"predecessor-version":[{"id":184921,"href":"https:\/\/www.hoymercedes.com.ar\/principal\/wp-json\/wp\/v2\/posts\/184916\/revisions\/184921"}],"wp:featuredmedia":[{"embeddable":true,"href":"https:\/\/www.hoymercedes.com.ar\/principal\/wp-json\/wp\/v2\/media\/184917"}],"wp:attachment":[{"href":"https:\/\/www.hoymercedes.com.ar\/principal\/wp-json\/wp\/v2\/media?parent=184916"}],"wp:term":[{"taxonomy":"category","embeddable":true,"href":"https:\/\/www.hoymercedes.com.ar\/principal\/wp-json\/wp\/v2\/categories?post=184916"},{"taxonomy":"post_tag","embeddable":true,"href":"https:\/\/www.hoymercedes.com.ar\/principal\/wp-json\/wp\/v2\/tags?post=184916"}],"curies":[{"name":"wp","href":"https:\/\/api.w.org\/{rel}","templated":true}]}}