{"id":184929,"date":"2025-05-29T13:56:33","date_gmt":"2025-05-29T16:56:33","guid":{"rendered":"https:\/\/www.hoymercedes.com.ar\/principal\/?p=184929"},"modified":"2025-05-29T13:56:53","modified_gmt":"2025-05-29T16:56:53","slug":"una-aprehendida-por-homicidio-en-tentativa","status":"publish","type":"post","link":"https:\/\/www.hoymercedes.com.ar\/principal\/2025\/05\/29\/una-aprehendida-por-homicidio-en-tentativa\/","title":{"rendered":"Una aprehendida por homicidio en tentativa"},"content":{"rendered":"\n<p>En la jornada del lunes 26 del corriente se produjo un enfrentamiento entre dos grupos que tuvo como saldo un herido de arma blanca. Por el hecho hay una mujer aprehendida.<\/p>\n\n\n\n<p>Seg\u00fan consta en la investigaci\u00f3n, alrededor de la 1 de la madrugada de este lunes se produjo una confrontaci\u00f3n entre varias personas en la v\u00eda p\u00fablica de calle 14 entre 105 y 101 bis de la ciudad de Mercedes.<\/p>\n\n\n\n<p>Por causas que son materia de investigaci\u00f3n, entre dos bandos se arrojaban piedras y elementos contundentes, hasta que cuando uno de los involucrados se encontraba recogiendo piedras para repeler las agresiones, una mujer se acerc\u00f3 por detr\u00e1s, extrajo de entre sus ropas un arma blanca y le dio un puntazo en el sector derecho del abdomen.<\/p>\n\n\n\n<p>La v\u00edctima debi\u00f3 ser trasladada por emergencias al hospital local dado que se encontraba gravemente herido y debi\u00f3 ser intervenido quir\u00fargicamente.<\/p>\n\n\n\n<p>Por el hecho tom\u00f3 intervenci\u00f3n la Unidad Funcional de Instrucci\u00f3n N\u00b0 6 &#8211; a cargo del dr. Luis Carcagno &#8211; del Departamento Judicial Mercedes e imparti\u00f3 las directivas del caso. Adem\u00e1s, &#8211; en el marco de las facultades que le son propias &#8211; se realiz\u00f3 un allanamiento donde se logr\u00f3 recuperar elementos de inter\u00e9s, para la investigaci\u00f3n.<\/p>\n\n\n\n<p>La imputada (una mujer de 26 a\u00f1os con domicilio en la ciudad de Mercedes) compareci\u00f3 ante el agente fiscal en el marco de la audiencia de declaraci\u00f3n en los t\u00e9rminos del art. 308 del C\u00f3digo Procesal Penal en la jornada de este mi\u00e9rcoles 28. Fue por el delito de \u201cHomicidio simple en grado de tentativa \u201d.<\/p>\n\n\n\n<p>Fuente: \u00c1rea Comunicacional &#8211; Ministerio P\u00fablico Fiscal Departamental Mercedes<\/p>\n","protected":false},"excerpt":{"rendered":"<p>En la jornada del lunes 26 del corriente se produjo un enfrentamiento entre dos grupos que tuvo como saldo un &#8230; <a title=\"Una aprehendida por homicidio en tentativa\" class=\"read-more\" href=\"https:\/\/www.hoymercedes.com.ar\/principal\/2025\/05\/29\/una-aprehendida-por-homicidio-en-tentativa\/\" aria-label=\"Leer m\u00e1s sobre Una aprehendida por homicidio en tentativa\">Leer m\u00e1s<\/a><\/p>\n","protected":false},"author":1,"featured_media":125642,"comment_status":"closed","ping_status":"open","sticky":false,"template":"","format":"standard","meta":{"_monsterinsights_skip_tracking":false,"_monsterinsights_sitenote_active":false,"_monsterinsights_sitenote_note":"","_monsterinsights_sitenote_category":0,"jetpack_post_was_ever_published":false,"_jetpack_newsletter_access":"","_jetpack_dont_email_post_to_subs":false,"_jetpack_newsletter_tier_id":0,"_jetpack_memberships_contains_paywalled_content":false,"_jetpack_memberships_contains_paid_content":false,"footnotes":"","jetpack_publicize_message":"","jetpack_publicize_feature_enabled":true,"jetpack_social_post_already_shared":false,"jetpack_social_options":{"image_generator_settings":{"template":"highway","enabled":false},"version":2},"_wpas_customize_per_network":false},"categories":[8],"tags":[],"class_list":["post-184929","post","type-post","status-publish","format-standard","has-post-thumbnail","hentry","category-sociedad","generate-columns","tablet-grid-50","mobile-grid-100","grid-parent","grid-50"],"jetpack_publicize_connections":[],"jetpack_featured_media_url":"https:\/\/www.hoymercedes.com.ar\/principal\/wp-content\/uploads\/2021\/03\/02-movil-policia.jpg","wps_subtitle":"","jetpack_sharing_enabled":true,"_links":{"self":[{"href":"https:\/\/www.hoymercedes.com.ar\/principal\/wp-json\/wp\/v2\/posts\/184929","targetHints":{"allow":["GET"]}}],"collection":[{"href":"https:\/\/www.hoymercedes.com.ar\/principal\/wp-json\/wp\/v2\/posts"}],"about":[{"href":"https:\/\/www.hoymercedes.com.ar\/principal\/wp-json\/wp\/v2\/types\/post"}],"author":[{"embeddable":true,"href":"https:\/\/www.hoymercedes.com.ar\/principal\/wp-json\/wp\/v2\/users\/1"}],"replies":[{"embeddable":true,"href":"https:\/\/www.hoymercedes.com.ar\/principal\/wp-json\/wp\/v2\/comments?post=184929"}],"version-history":[{"count":1,"href":"https:\/\/www.hoymercedes.com.ar\/principal\/wp-json\/wp\/v2\/posts\/184929\/revisions"}],"predecessor-version":[{"id":184930,"href":"https:\/\/www.hoymercedes.com.ar\/principal\/wp-json\/wp\/v2\/posts\/184929\/revisions\/184930"}],"wp:featuredmedia":[{"embeddable":true,"href":"https:\/\/www.hoymercedes.com.ar\/principal\/wp-json\/wp\/v2\/media\/125642"}],"wp:attachment":[{"href":"https:\/\/www.hoymercedes.com.ar\/principal\/wp-json\/wp\/v2\/media?parent=184929"}],"wp:term":[{"taxonomy":"category","embeddable":true,"href":"https:\/\/www.hoymercedes.com.ar\/principal\/wp-json\/wp\/v2\/categories?post=184929"},{"taxonomy":"post_tag","embeddable":true,"href":"https:\/\/www.hoymercedes.com.ar\/principal\/wp-json\/wp\/v2\/tags?post=184929"}],"curies":[{"name":"wp","href":"https:\/\/api.w.org\/{rel}","templated":true}]}}