{"id":184931,"date":"2025-05-29T20:30:52","date_gmt":"2025-05-29T23:30:52","guid":{"rendered":"https:\/\/www.hoymercedes.com.ar\/principal\/?p=184931"},"modified":"2025-05-29T21:00:00","modified_gmt":"2025-05-30T00:00:00","slug":"vuelve-destino-final-junto-a-lilo-y-stitch","status":"publish","type":"post","link":"https:\/\/www.hoymercedes.com.ar\/principal\/2025\/05\/29\/vuelve-destino-final-junto-a-lilo-y-stitch\/","title":{"rendered":"Se suma el Destino Final junto a Lilo y Stitch"},"content":{"rendered":"\n<p>El Cine Mercedes presenta entre el viernes 30 de mayo y el martes 3 de junio, dos pel\u00edculas aclamadas por el p\u00fablico. Lilo y Stitch sigue una semana m\u00e1s, mientras que Destino Final Lazos de Sangre vuelve a la pantalla local a pedido del p\u00fablico. <\/p>\n\n\n<div class=\"wp-block-image\">\n<figure class=\"aligncenter size-large\"><img loading=\"lazy\" decoding=\"async\" width=\"729\" height=\"1024\" data-attachment-id=\"184933\" data-permalink=\"https:\/\/www.hoymercedes.com.ar\/principal\/2025\/05\/29\/vuelve-destino-final-junto-a-lilo-y-stitch\/gacetilla-cine-mercedes-9-5\/#main\" data-orig-file=\"https:\/\/www.hoymercedes.com.ar\/principal\/wp-content\/uploads\/2025\/05\/Gacetilla-Cine-Mercedes-9.png\" data-orig-size=\"827,1162\" data-comments-opened=\"0\" data-image-meta=\"{&quot;aperture&quot;:&quot;0&quot;,&quot;credit&quot;:&quot;&quot;,&quot;camera&quot;:&quot;&quot;,&quot;caption&quot;:&quot;&quot;,&quot;created_timestamp&quot;:&quot;0&quot;,&quot;copyright&quot;:&quot;&quot;,&quot;focal_length&quot;:&quot;0&quot;,&quot;iso&quot;:&quot;0&quot;,&quot;shutter_speed&quot;:&quot;0&quot;,&quot;title&quot;:&quot;&quot;,&quot;orientation&quot;:&quot;0&quot;}\" data-image-title=\"Gacetilla Cine Mercedes (9)\" data-image-description=\"\" data-image-caption=\"\" data-large-file=\"https:\/\/www.hoymercedes.com.ar\/principal\/wp-content\/uploads\/2025\/05\/Gacetilla-Cine-Mercedes-9-729x1024.png\" src=\"https:\/\/www.hoymercedes.com.ar\/principal\/wp-content\/uploads\/2025\/05\/Gacetilla-Cine-Mercedes-9-729x1024.png\" alt=\"\" class=\"wp-image-184933\" srcset=\"https:\/\/www.hoymercedes.com.ar\/principal\/wp-content\/uploads\/2025\/05\/Gacetilla-Cine-Mercedes-9-729x1024.png 729w, https:\/\/www.hoymercedes.com.ar\/principal\/wp-content\/uploads\/2025\/05\/Gacetilla-Cine-Mercedes-9-441x620.png 441w, https:\/\/www.hoymercedes.com.ar\/principal\/wp-content\/uploads\/2025\/05\/Gacetilla-Cine-Mercedes-9-107x150.png 107w, https:\/\/www.hoymercedes.com.ar\/principal\/wp-content\/uploads\/2025\/05\/Gacetilla-Cine-Mercedes-9.png 827w\" sizes=\"auto, (max-width: 729px) 100vw, 729px\" \/><\/figure>\n<\/div>\n\n\n<p>Sinopsis: Remake en imagen real de \u00abLilo &amp; Stitch\u00bb. Narra la historia de una ni\u00f1a hawaiana solitaria y un extraterrestre fugitivo que la ayuda a recomponer su rota familia.<\/p>\n\n\n\n<p>Sinopsis Destino Final: Acosada por una violenta pesadilla recurrente, la estudiante universitaria Stefanie se dirige a casa para localizar a la \u00fanica persona que podr\u00eda ser capaz de romper el ciclo y salvar a su familia de la espeluznante muerte que inevitablemente les espera a todos. (FILMAFFINITY)<\/p>\n","protected":false},"excerpt":{"rendered":"<p>El Cine Mercedes presenta entre el viernes 30 de mayo y el martes 3 de junio, dos pel\u00edculas aclamadas por &#8230; <a title=\"Se suma el Destino Final junto a Lilo y Stitch\" class=\"read-more\" href=\"https:\/\/www.hoymercedes.com.ar\/principal\/2025\/05\/29\/vuelve-destino-final-junto-a-lilo-y-stitch\/\" aria-label=\"Leer m\u00e1s sobre Se suma el Destino Final junto a Lilo y Stitch\">Leer m\u00e1s<\/a><\/p>\n","protected":false},"author":1,"featured_media":184932,"comment_status":"closed","ping_status":"open","sticky":false,"template":"","format":"standard","meta":{"_monsterinsights_skip_tracking":false,"_monsterinsights_sitenote_active":false,"_monsterinsights_sitenote_note":"","_monsterinsights_sitenote_category":0,"jetpack_post_was_ever_published":false,"_jetpack_newsletter_access":"","_jetpack_dont_email_post_to_subs":false,"_jetpack_newsletter_tier_id":0,"_jetpack_memberships_contains_paywalled_content":false,"_jetpack_memberships_contains_paid_content":false,"footnotes":"","jetpack_publicize_message":"","jetpack_publicize_feature_enabled":true,"jetpack_social_post_already_shared":false,"jetpack_social_options":{"image_generator_settings":{"template":"highway","enabled":false},"version":2},"_wpas_customize_per_network":false},"categories":[8],"tags":[],"class_list":["post-184931","post","type-post","status-publish","format-standard","has-post-thumbnail","hentry","category-sociedad","generate-columns","tablet-grid-50","mobile-grid-100","grid-parent","grid-50"],"jetpack_publicize_connections":[],"jetpack_featured_media_url":"https:\/\/www.hoymercedes.com.ar\/principal\/wp-content\/uploads\/2025\/05\/WARNER-DESTINO-FINAL-LAZOS-DE-SANGRE-1.png","wps_subtitle":"","jetpack_sharing_enabled":true,"_links":{"self":[{"href":"https:\/\/www.hoymercedes.com.ar\/principal\/wp-json\/wp\/v2\/posts\/184931","targetHints":{"allow":["GET"]}}],"collection":[{"href":"https:\/\/www.hoymercedes.com.ar\/principal\/wp-json\/wp\/v2\/posts"}],"about":[{"href":"https:\/\/www.hoymercedes.com.ar\/principal\/wp-json\/wp\/v2\/types\/post"}],"author":[{"embeddable":true,"href":"https:\/\/www.hoymercedes.com.ar\/principal\/wp-json\/wp\/v2\/users\/1"}],"replies":[{"embeddable":true,"href":"https:\/\/www.hoymercedes.com.ar\/principal\/wp-json\/wp\/v2\/comments?post=184931"}],"version-history":[{"count":2,"href":"https:\/\/www.hoymercedes.com.ar\/principal\/wp-json\/wp\/v2\/posts\/184931\/revisions"}],"predecessor-version":[{"id":184944,"href":"https:\/\/www.hoymercedes.com.ar\/principal\/wp-json\/wp\/v2\/posts\/184931\/revisions\/184944"}],"wp:featuredmedia":[{"embeddable":true,"href":"https:\/\/www.hoymercedes.com.ar\/principal\/wp-json\/wp\/v2\/media\/184932"}],"wp:attachment":[{"href":"https:\/\/www.hoymercedes.com.ar\/principal\/wp-json\/wp\/v2\/media?parent=184931"}],"wp:term":[{"taxonomy":"category","embeddable":true,"href":"https:\/\/www.hoymercedes.com.ar\/principal\/wp-json\/wp\/v2\/categories?post=184931"},{"taxonomy":"post_tag","embeddable":true,"href":"https:\/\/www.hoymercedes.com.ar\/principal\/wp-json\/wp\/v2\/tags?post=184931"}],"curies":[{"name":"wp","href":"https:\/\/api.w.org\/{rel}","templated":true}]}}