{"id":184935,"date":"2025-05-31T10:38:00","date_gmt":"2025-05-31T13:38:00","guid":{"rendered":"https:\/\/www.hoymercedes.com.ar\/principal\/?p=184935"},"modified":"2025-05-29T20:48:07","modified_gmt":"2025-05-29T23:48:07","slug":"alarma-crece-en-argentina-el-consumo-de-tabaco-y-nicotina-en-adolescentes","status":"publish","type":"post","link":"https:\/\/www.hoymercedes.com.ar\/principal\/2025\/05\/31\/alarma-crece-en-argentina-el-consumo-de-tabaco-y-nicotina-en-adolescentes\/","title":{"rendered":"Alarma: crece en Argentina el consumo de tabaco y nicotina en adolescentes"},"content":{"rendered":"\n<p>En el D\u00eda Mundial sin Tabaco, nuevas cifras revelan que el 38,7% de los adolescentes en CABA ya prob\u00f3 productos con nicotina. Los factores socioculturales y el auge de los vapeadores explican esta preocupante tendencia. Expertos alertan sobre los riesgos a largo plazo y la necesidad urgente de reforzar la prevenci\u00f3n.<\/p>\n\n\n<div class=\"wp-block-image\">\n<figure class=\"aligncenter is-resized\"><img decoding=\"async\" src=\"https:\/\/lh7-rt.googleusercontent.com\/docsz\/AD_4nXe_KsNnQgcjSPoM7ZPFZnCtXM1N4hXgVo05nI3lPmwck-kPIW81qZi9lNxRhDn6YlLgB-_nCPnMaL6fRdSeVwRauMbXAwtNW8pSAjerXHb1twZU_xupsqm0ZHV07jCle4amOsZsoqtDPhS82V3eH3c?key=BMGlUFG5iWUYW8dwYd4KIQ\" alt=\"\" style=\"width:778px;height:auto\"\/><\/figure>\n<\/div>\n\n\n<p>Cada 31 de mayo se conmemora el D\u00eda Mundial sin Tabaco, una fecha impulsada por la Organizaci\u00f3n Mundial de la Salud para concientizar sobre los riesgos del tabaquismo y promover pol\u00edticas eficaces para reducir su consumo. Sin embargo, en los \u00faltimos a\u00f1os, el foco se posa con fuerza sobre los adolescentes, ya que en Argentina los n\u00fameros son alarmantes. En la Ciudad Aut\u00f3noma de Buenos Aires, de acuerdo con la <a href=\"https:\/\/www.ficargentina.org\/nueva-evidencia-sobre-consumo-y-publicidad-de-productos-de-tabaco-y-o-nicotina-en-argentina\/\" target=\"_blank\" rel=\"noopener\">Fundaci\u00f3n Interamericana del Coraz\u00f3n (FIC)<\/a> el 38,7% de los adolescentes ha probado alg\u00fan producto de tabaco o nicotina alguna vez en su vida. Esta realidad genera preocupaci\u00f3n entre especialistas y autoridades sanitarias, quienes advierten que el inicio del consumo a edades tempranas incrementa exponencialmente los riesgos para la salud y la posibilidad de desarrollar adicciones en el futuro cercano.<\/p>\n\n\n\n<p>Entre los principales factores que explican este fen\u00f3meno, se encuentran diversas influencias socioculturales que afectan de manera directa a los adolescentes. La baja autoestima, la falta de pr\u00e1cticas deportivas y la exposici\u00f3n frecuente a contextos sociales como fiestas, son elementos clave. A esto se suma la influencia de pares fumadores, especialmente si se trata del mejor amigo o del grupo cercano. La presencia de padres o familiares fumadores en el hogar tambi\u00e9n cumple un rol determinante, ya que normaliza la conducta y disminuye las barreras de prevenci\u00f3n. Estas din\u00e1micas familiares y sociales crean un entorno propicio para que los j\u00f3venes naturalicen el consumo desde temprana edad.<\/p>\n\n\n\n<p>\u201cUn factor adicional que agrava la situaci\u00f3n es el auge de los dispositivos electr\u00f3nicos como cigarrillos electr\u00f3nicos y vapeadores. Estos productos, percibidos por muchos adolescentes como una alternativa m\u00e1s \u00absegura\u00bb al cigarrillo tradicional, son ampliamente aceptados por su dise\u00f1o moderno, sabores atractivos y f\u00e1cil acceso. No obstante, su consumo implica riesgos serios para la salud, ya que la nicotina afecta directamente al desarrollo del cerebro en etapas de crecimiento, genera alta dependencia y puede desencadenar trastornos respiratorios, cardiovasculares y emocionales. Adem\u00e1s, su aparente inocuidad promueve el inicio del consumo incluso en quienes nunca hab\u00edan fumado antes.\u201d se\u00f1al\u00f3 el Dr. Ricardo Daniel Tapia, especialista en Medicina Familiar (MN 155873\u00a0 &#8211; MP 4288).\u00a0<\/p>\n\n\n\n<p>Para prevenir el consumo de tabaco a edad temprana, es necesario aplicar estrategias integrales que combinen regulaciones estrictas con acciones educativas. Algunas medidas efectivas incluyen el aumento del precio del tabaco, la restricci\u00f3n del acceso por edad, la prohibici\u00f3n de la publicidad en medios masivos y la realizaci\u00f3n de campa\u00f1as informativas dirigidas a j\u00f3venes. Asimismo, resulta esencial fomentar entornos libres de humo y brindar programas de apoyo a quienes ya han comenzado a fumar. La prevenci\u00f3n debe empezar en el hogar y continuar en la escuela y en la comunidad, creando una red que proteja a los adolescentes de la exposici\u00f3n temprana.<\/p>\n\n\n\n<p>\u201cLas probabilidades de que los adolescentes que consumen productos con nicotina desarrollen una adicci\u00f3n a largo plazo son significativamente altas. Estudios recientes indican que el cerebro en desarrollo es especialmente vulnerable a sustancias adictivas, y que el consumo temprano act\u00faa como una puerta de entrada hacia otras conductas problem\u00e1ticas. El uso regular de tabaco durante la adolescencia est\u00e1 relacionado con un mayor riesgo de dependencia en la adultez y puede afectar la vida social, acad\u00e9mica y emocional del individuo. Adem\u00e1s, los da\u00f1os acumulativos en el cuerpo suelen ser m\u00e1s severos cuando la exposici\u00f3n comienza desde edades m\u00e1s tempranas.\u201d agregaron los profesionales de la salud.\u00a0<\/p>\n\n\n\n<p>A largo plazo, el objetivo debe ser lograr una disminuci\u00f3n sostenida en los \u00edndices de consumo adolescente a trav\u00e9s de pol\u00edticas p\u00fablicas, educaci\u00f3n y concientizaci\u00f3n. Reducir la normalizaci\u00f3n del h\u00e1bito en la sociedad es clave para cambiar la percepci\u00f3n que los j\u00f3venes tienen sobre fumar. Solo con un compromiso conjunto de familias, escuelas, profesionales de la salud y gobiernos, ser\u00e1 posible revertir esta tendencia que amenaza la salud de miles de adolescentes argentinos.<\/p>\n","protected":false},"excerpt":{"rendered":"<p>En el D\u00eda Mundial sin Tabaco, nuevas cifras revelan que el 38,7% de los adolescentes en CABA ya prob\u00f3 productos &#8230; <a title=\"Alarma: crece en Argentina el consumo de tabaco y nicotina en adolescentes\" class=\"read-more\" href=\"https:\/\/www.hoymercedes.com.ar\/principal\/2025\/05\/31\/alarma-crece-en-argentina-el-consumo-de-tabaco-y-nicotina-en-adolescentes\/\" aria-label=\"Leer m\u00e1s sobre Alarma: crece en Argentina el consumo de tabaco y nicotina en adolescentes\">Leer m\u00e1s<\/a><\/p>\n","protected":false},"author":1,"featured_media":184936,"comment_status":"closed","ping_status":"open","sticky":false,"template":"","format":"standard","meta":{"_monsterinsights_skip_tracking":false,"_monsterinsights_sitenote_active":false,"_monsterinsights_sitenote_note":"","_monsterinsights_sitenote_category":0,"jetpack_post_was_ever_published":false,"_jetpack_newsletter_access":"","_jetpack_dont_email_post_to_subs":false,"_jetpack_newsletter_tier_id":0,"_jetpack_memberships_contains_paywalled_content":false,"_jetpack_memberships_contains_paid_content":false,"footnotes":"","jetpack_publicize_message":"","jetpack_publicize_feature_enabled":true,"jetpack_social_post_already_shared":true,"jetpack_social_options":{"image_generator_settings":{"template":"highway","enabled":false},"version":2},"_wpas_customize_per_network":false},"categories":[8],"tags":[],"class_list":["post-184935","post","type-post","status-publish","format-standard","has-post-thumbnail","hentry","category-sociedad","generate-columns","tablet-grid-50","mobile-grid-100","grid-parent","grid-50"],"jetpack_publicize_connections":[],"jetpack_featured_media_url":"https:\/\/www.hoymercedes.com.ar\/principal\/wp-content\/uploads\/2025\/05\/2.jpg","wps_subtitle":"31 de mayo - D\u00eda Mundial sin Tabaco","jetpack_sharing_enabled":true,"_links":{"self":[{"href":"https:\/\/www.hoymercedes.com.ar\/principal\/wp-json\/wp\/v2\/posts\/184935","targetHints":{"allow":["GET"]}}],"collection":[{"href":"https:\/\/www.hoymercedes.com.ar\/principal\/wp-json\/wp\/v2\/posts"}],"about":[{"href":"https:\/\/www.hoymercedes.com.ar\/principal\/wp-json\/wp\/v2\/types\/post"}],"author":[{"embeddable":true,"href":"https:\/\/www.hoymercedes.com.ar\/principal\/wp-json\/wp\/v2\/users\/1"}],"replies":[{"embeddable":true,"href":"https:\/\/www.hoymercedes.com.ar\/principal\/wp-json\/wp\/v2\/comments?post=184935"}],"version-history":[{"count":2,"href":"https:\/\/www.hoymercedes.com.ar\/principal\/wp-json\/wp\/v2\/posts\/184935\/revisions"}],"predecessor-version":[{"id":184938,"href":"https:\/\/www.hoymercedes.com.ar\/principal\/wp-json\/wp\/v2\/posts\/184935\/revisions\/184938"}],"wp:featuredmedia":[{"embeddable":true,"href":"https:\/\/www.hoymercedes.com.ar\/principal\/wp-json\/wp\/v2\/media\/184936"}],"wp:attachment":[{"href":"https:\/\/www.hoymercedes.com.ar\/principal\/wp-json\/wp\/v2\/media?parent=184935"}],"wp:term":[{"taxonomy":"category","embeddable":true,"href":"https:\/\/www.hoymercedes.com.ar\/principal\/wp-json\/wp\/v2\/categories?post=184935"},{"taxonomy":"post_tag","embeddable":true,"href":"https:\/\/www.hoymercedes.com.ar\/principal\/wp-json\/wp\/v2\/tags?post=184935"}],"curies":[{"name":"wp","href":"https:\/\/api.w.org\/{rel}","templated":true}]}}