{"id":184956,"date":"2025-05-30T10:29:00","date_gmt":"2025-05-30T13:29:00","guid":{"rendered":"https:\/\/www.hoymercedes.com.ar\/principal\/?p=184956"},"modified":"2025-05-30T09:18:46","modified_gmt":"2025-05-30T12:18:46","slug":"lo-encontraron-tratando-de-robar-una-moto-quedo-aprehendido","status":"publish","type":"post","link":"https:\/\/www.hoymercedes.com.ar\/principal\/2025\/05\/30\/lo-encontraron-tratando-de-robar-una-moto-quedo-aprehendido\/","title":{"rendered":"Lo encontraron tratando de robar una moto: qued\u00f3 aprehendido"},"content":{"rendered":"\n<p>En la jornada del martes 27 del corriente, en horas de la tarde, un sujeto intent\u00f3 sustraer una motocicleta que se encontraba estacionada en la vereda de calles 4 entre 19 y 21. Mientras intentaba hacerla arrancar manipulando los cables de ignici\u00f3n, un vecino advirti\u00f3 lo que estaba sucediendo y dio aviso a personal policial. R\u00e1pidamente, los efectivos policiales se constituyeron en la zona y lograron la aprehensi\u00f3n del sujeto.<\/p>\n\n\n\n<p>Por el hecho tom\u00f3 intervenci\u00f3n la Unidad Funcional de Instrucci\u00f3n N\u00b0 6 &#8211; a cargo del dr. Luis Carcagno &#8211; del Departamento Judicial Mercedes e imparti\u00f3 las directivas del caso.<br>El imputado (un sujeto de 28 a\u00f1os con domicilio en la ciudad de Mercedes) compareci\u00f3 ante el agente fiscal en el marco de la audiencia de declaraci\u00f3n en los t\u00e9rminos del art. 308 del C\u00f3digo Procesal Penal en la jornada de este jueves 29 del corriente. Fue por el delito de \u201c Robo agravado de veh\u00edculo dejado en la v\u00eda p\u00fablica en grado de tentativa\u201d.<\/p>\n\n\n\n<p>Vale destacar que el sujeto cuenta con antecedentes penales por delitos contra la propiedad por lo que en la misma jornada se solicit\u00f3 por ante el Juzgado de Garant\u00edas N\u00b0 3 &#8211; a cargo del dr. Patricio Arrieta &#8211; la conversi\u00f3n de la aprehensi\u00f3n en detenci\u00f3n.<\/p>\n\n\n\n<p>Fuente: \u00c1rea Comunicacional &#8211; Ministerio P\u00fablico Fiscal Departamental Mercedes<\/p>\n","protected":false},"excerpt":{"rendered":"<p>En la jornada del martes 27 del corriente, en horas de la tarde, un sujeto intent\u00f3 sustraer una motocicleta que &#8230; <a title=\"Lo encontraron tratando de robar una moto: qued\u00f3 aprehendido\" class=\"read-more\" href=\"https:\/\/www.hoymercedes.com.ar\/principal\/2025\/05\/30\/lo-encontraron-tratando-de-robar-una-moto-quedo-aprehendido\/\" aria-label=\"Leer m\u00e1s sobre Lo encontraron tratando de robar una moto: qued\u00f3 aprehendido\">Leer m\u00e1s<\/a><\/p>\n","protected":false},"author":1,"featured_media":127982,"comment_status":"closed","ping_status":"open","sticky":false,"template":"","format":"standard","meta":{"_monsterinsights_skip_tracking":false,"_monsterinsights_sitenote_active":false,"_monsterinsights_sitenote_note":"","_monsterinsights_sitenote_category":0,"jetpack_post_was_ever_published":false,"_jetpack_newsletter_access":"","_jetpack_dont_email_post_to_subs":false,"_jetpack_newsletter_tier_id":0,"_jetpack_memberships_contains_paywalled_content":false,"_jetpack_memberships_contains_paid_content":false,"footnotes":"","jetpack_publicize_message":"","jetpack_publicize_feature_enabled":true,"jetpack_social_post_already_shared":true,"jetpack_social_options":{"image_generator_settings":{"template":"highway","enabled":false},"version":2},"_wpas_customize_per_network":false},"categories":[8],"tags":[],"class_list":["post-184956","post","type-post","status-publish","format-standard","has-post-thumbnail","hentry","category-sociedad","generate-columns","tablet-grid-50","mobile-grid-100","grid-parent","grid-50"],"jetpack_publicize_connections":[],"jetpack_featured_media_url":"https:\/\/www.hoymercedes.com.ar\/principal\/wp-content\/uploads\/2021\/04\/PoliciaComual.jpg","wps_subtitle":"","jetpack_sharing_enabled":true,"_links":{"self":[{"href":"https:\/\/www.hoymercedes.com.ar\/principal\/wp-json\/wp\/v2\/posts\/184956","targetHints":{"allow":["GET"]}}],"collection":[{"href":"https:\/\/www.hoymercedes.com.ar\/principal\/wp-json\/wp\/v2\/posts"}],"about":[{"href":"https:\/\/www.hoymercedes.com.ar\/principal\/wp-json\/wp\/v2\/types\/post"}],"author":[{"embeddable":true,"href":"https:\/\/www.hoymercedes.com.ar\/principal\/wp-json\/wp\/v2\/users\/1"}],"replies":[{"embeddable":true,"href":"https:\/\/www.hoymercedes.com.ar\/principal\/wp-json\/wp\/v2\/comments?post=184956"}],"version-history":[{"count":1,"href":"https:\/\/www.hoymercedes.com.ar\/principal\/wp-json\/wp\/v2\/posts\/184956\/revisions"}],"predecessor-version":[{"id":184957,"href":"https:\/\/www.hoymercedes.com.ar\/principal\/wp-json\/wp\/v2\/posts\/184956\/revisions\/184957"}],"wp:featuredmedia":[{"embeddable":true,"href":"https:\/\/www.hoymercedes.com.ar\/principal\/wp-json\/wp\/v2\/media\/127982"}],"wp:attachment":[{"href":"https:\/\/www.hoymercedes.com.ar\/principal\/wp-json\/wp\/v2\/media?parent=184956"}],"wp:term":[{"taxonomy":"category","embeddable":true,"href":"https:\/\/www.hoymercedes.com.ar\/principal\/wp-json\/wp\/v2\/categories?post=184956"},{"taxonomy":"post_tag","embeddable":true,"href":"https:\/\/www.hoymercedes.com.ar\/principal\/wp-json\/wp\/v2\/tags?post=184956"}],"curies":[{"name":"wp","href":"https:\/\/api.w.org\/{rel}","templated":true}]}}