{"id":184958,"date":"2025-05-30T18:02:09","date_gmt":"2025-05-30T21:02:09","guid":{"rendered":"https:\/\/www.hoymercedes.com.ar\/principal\/?p=184958"},"modified":"2025-05-31T09:53:40","modified_gmt":"2025-05-31T12:53:40","slug":"condenan-a-cinco-anos-de-prision-a-autor-de-varios-hechos-delictivos","status":"publish","type":"post","link":"https:\/\/www.hoymercedes.com.ar\/principal\/2025\/05\/30\/condenan-a-cinco-anos-de-prision-a-autor-de-varios-hechos-delictivos\/","title":{"rendered":"Condenan a cinco a\u00f1os de prisi\u00f3n a autor de varios hechos delictivos"},"content":{"rendered":"\n<p>Se dio a conocer en el Tribunal en lo Criminal N\u00b0 4 del Departamento Judicial Mercedes, el veredicto en el marco del juicio contra Guillermo Kevin SISTERNA (23 a\u00f1os, domiciliado en la localidad de Luj\u00e1n) por los delitos de \u201cRobo agravado por su comisi\u00f3n con efracci\u00f3n\u201d, \u201cRobo agravado por el uso de arma\u201d y \u201cLesiones leves y amenazas agravadas por el uso de arma\u201d, todo en concurso real entre s\u00ed. Los hechos ocurrieron entre los a\u00f1os 2020 y 2023 en la ciudad de Luj\u00e1n y Mercedes.<\/p>\n\n\n\n<p>Vale destacar que las partes solicitaron la aplicaci\u00f3n al caso del tr\u00e1mite del juicio abreviado previsto por el C\u00f3digo Procesal Penal. Finalmente, el veredicto fue condenatorio y se le impuso la pena de cinco a\u00f1os y seis meses de prisi\u00f3n.<br>Para la dra. Patricia Guerrieri, como juez integrante del Tribunal en lo Criminal N\u00b0 4 se encuentran debidamente acreditados los tres hechos que le fueron imputados. A saber, durante las primeras horas del d\u00eda 15 de agosto de 2020 -al menos antes de las 6:30 hs-, el imputado provoc\u00f3 da\u00f1os en una ventana del domicilio de la ciudad de Luj\u00e1n tras lo cual logr\u00f3 ingresar a la vivienda donde funciona un kiosco apoder\u00e1ndose ileg\u00edtimamente de productos alimenticios y bebidas alcoh\u00f3licas.<\/p>\n\n\n\n<p>En tanto, el d\u00eda 20 de septiembre de 2021 siendo aproximadamente las 20:15 hs. una vecina de la localidad de Luj\u00e1n fue interceptada cuando transitaba por la v\u00eda p\u00fablica por un sujeto que la golpe\u00f3 en su cabeza e intent\u00f3 quitarle la cartera que llevaba colgada. Ante la resistencia de \u00e9sta comenz\u00f3 a arrastrarla y luego la golpe\u00f3 y amenaz\u00f3 con un arma blanca.<\/p>\n\n\n\n<p>Por otro lado, el 6 de enero de 2023, un sujeto de sexo masculino comenz\u00f3 una discusi\u00f3n con otro en el ex Instituto Mart\u00edn Rodriguez- de la ciudad de Mercedes, donde el imputado se encontraba cumpliendo prisi\u00f3n domiciliaria. Tras amenazar con hacerle da\u00f1o con un cuchillo, tom\u00f3 un arma blanca de la cocina del lugar y le produjo un puntazo en la zona del pecho. Tras ello se procedi\u00f3 a la aprehensi\u00f3n del inculpado y perdi\u00f3 su beneficio.<\/p>\n\n\n\n<p>Para arribar a dicha resoluci\u00f3n se bas\u00f3 en los diversos elementos que se adjuntaron a la causa, en el marco del juicio abreviado llevado d\u00edas pasados.<\/p>\n\n\n\n<p>Seg\u00fan dicta la sentencia se resolvi\u00f3 que Sisterna resulta autor y coautor penalmente responsable de los delitos de de \u201cRobo agravado por su comisi\u00f3n con efracci\u00f3n\u201d, \u201cRobo agravado por el uso de arma\u201d y \u201cLesiones leves y amenazas agravadas por el uso de arma\u201d, todo en concurso real entre s\u00ed y se lo conden\u00f3 a la pena de cinco a\u00f1os y seis meses de prisi\u00f3n, accesorias legales y costas.<\/p>\n\n\n\n<p>Fuente: \u00c1rea Comunicacional &#8211; Ministerio P\u00fablico Fiscal Departamental Mercedes<\/p>\n","protected":false},"excerpt":{"rendered":"<p>Se dio a conocer en el Tribunal en lo Criminal N\u00b0 4 del Departamento Judicial Mercedes, el veredicto en el &#8230; <a title=\"Condenan a cinco a\u00f1os de prisi\u00f3n a autor de varios hechos delictivos\" class=\"read-more\" href=\"https:\/\/www.hoymercedes.com.ar\/principal\/2025\/05\/30\/condenan-a-cinco-anos-de-prision-a-autor-de-varios-hechos-delictivos\/\" aria-label=\"Leer m\u00e1s sobre Condenan a cinco a\u00f1os de prisi\u00f3n a autor de varios hechos delictivos\">Leer m\u00e1s<\/a><\/p>\n","protected":false},"author":1,"featured_media":174142,"comment_status":"closed","ping_status":"open","sticky":false,"template":"","format":"standard","meta":{"_monsterinsights_skip_tracking":false,"_monsterinsights_sitenote_active":false,"_monsterinsights_sitenote_note":"","_monsterinsights_sitenote_category":0,"jetpack_post_was_ever_published":false,"_jetpack_newsletter_access":"","_jetpack_dont_email_post_to_subs":false,"_jetpack_newsletter_tier_id":0,"_jetpack_memberships_contains_paywalled_content":false,"_jetpack_memberships_contains_paid_content":false,"footnotes":"","jetpack_publicize_message":"","jetpack_publicize_feature_enabled":true,"jetpack_social_post_already_shared":false,"jetpack_social_options":{"image_generator_settings":{"template":"highway","enabled":false},"version":2},"_wpas_customize_per_network":false},"categories":[8],"tags":[],"class_list":["post-184958","post","type-post","status-publish","format-standard","has-post-thumbnail","hentry","category-sociedad","generate-columns","tablet-grid-50","mobile-grid-100","grid-parent","grid-50"],"jetpack_publicize_connections":[],"jetpack_featured_media_url":"https:\/\/www.hoymercedes.com.ar\/principal\/wp-content\/uploads\/2024\/03\/Tribunales.jpg","wps_subtitle":"","jetpack_sharing_enabled":true,"_links":{"self":[{"href":"https:\/\/www.hoymercedes.com.ar\/principal\/wp-json\/wp\/v2\/posts\/184958","targetHints":{"allow":["GET"]}}],"collection":[{"href":"https:\/\/www.hoymercedes.com.ar\/principal\/wp-json\/wp\/v2\/posts"}],"about":[{"href":"https:\/\/www.hoymercedes.com.ar\/principal\/wp-json\/wp\/v2\/types\/post"}],"author":[{"embeddable":true,"href":"https:\/\/www.hoymercedes.com.ar\/principal\/wp-json\/wp\/v2\/users\/1"}],"replies":[{"embeddable":true,"href":"https:\/\/www.hoymercedes.com.ar\/principal\/wp-json\/wp\/v2\/comments?post=184958"}],"version-history":[{"count":1,"href":"https:\/\/www.hoymercedes.com.ar\/principal\/wp-json\/wp\/v2\/posts\/184958\/revisions"}],"predecessor-version":[{"id":184959,"href":"https:\/\/www.hoymercedes.com.ar\/principal\/wp-json\/wp\/v2\/posts\/184958\/revisions\/184959"}],"wp:featuredmedia":[{"embeddable":true,"href":"https:\/\/www.hoymercedes.com.ar\/principal\/wp-json\/wp\/v2\/media\/174142"}],"wp:attachment":[{"href":"https:\/\/www.hoymercedes.com.ar\/principal\/wp-json\/wp\/v2\/media?parent=184958"}],"wp:term":[{"taxonomy":"category","embeddable":true,"href":"https:\/\/www.hoymercedes.com.ar\/principal\/wp-json\/wp\/v2\/categories?post=184958"},{"taxonomy":"post_tag","embeddable":true,"href":"https:\/\/www.hoymercedes.com.ar\/principal\/wp-json\/wp\/v2\/tags?post=184958"}],"curies":[{"name":"wp","href":"https:\/\/api.w.org\/{rel}","templated":true}]}}