{"id":184977,"date":"2025-05-31T15:30:00","date_gmt":"2025-05-31T18:30:00","guid":{"rendered":"https:\/\/www.hoymercedes.com.ar\/principal\/?p=184977"},"modified":"2025-05-31T12:10:37","modified_gmt":"2025-05-31T15:10:37","slug":"anses-anuncia-calendario-de-pagos-de-junio","status":"publish","type":"post","link":"https:\/\/www.hoymercedes.com.ar\/principal\/2025\/05\/31\/anses-anuncia-calendario-de-pagos-de-junio\/","title":{"rendered":"ANSES: anuncia calendario de pagos de junio"},"content":{"rendered":"\n<p>ANSES, organismo dependiente del Ministerio de Capital Humano, comunica los calendarios de pagos de&nbsp;<strong>junio<\/strong>&nbsp;para jubilados, pensionados y titulares de Pensiones No Contributivas (PNC), Asignaci\u00f3n Universal por Hijo, Asignaci\u00f3n por Embarazo, Asignaciones Familiares y Prestaci\u00f3n por Desempleo.<\/p>\n\n\n\n<p><strong>Jubilaciones y pensiones que no superen un haber m\u00ednimo<\/strong><br>\u2022 DNI terminados en 0: 9 de junio<br>\u2022 DNI terminados en 1: 10 de junio<br>\u2022 DNI terminados en 2: 11 de junio<br>\u2022 DNI terminados en 3: 12 de junio<br>\u2022 DNI terminados en 4: 13 de junio<br>\u2022 DNI terminados en 5: 17 de junio<br>\u2022 DNI terminados en 6 y 7: 18 de junio<br>\u2022 DNI terminados en 8: 19 de junio<br>\u2022 DNI terminados en 9: 23 de junio<\/p>\n\n\n\n<p><strong>Jubilaciones y pensiones que superen un haber m\u00ednimo<\/strong><br>\u2022 DNI terminados en 0 y 1: 24 de junio<br>\u2022 DNI terminados en 2 y 3: 25 de junio<br>\u2022 DNI terminados en 4 y 5: 26 de junio<br>\u2022 DNI terminados en 6 y 7: 27 de junio<br>\u2022 DNI terminados en 8 y 9: 30 de junio<\/p>\n\n\n\n<p><strong>Asignaci\u00f3n Universal por Hijo y Asignaci\u00f3n Familiar por Hijo<\/strong><br>\u2022 DNI terminados en 0: 9 de junio<br>\u2022 DNI terminados en 1: 10 de junio<br>\u2022 DNI terminados en 2: 11 de junio<br>\u2022 DNI terminados en 3: 12 de junio<br>\u2022 DNI terminados en 4: 13 de junio<br>\u2022 DNI terminados en 5: 17 de junio<br>\u2022 DNI terminados en 6: 18 de junio<br>\u2022 DNI terminados en 7: 19 de junio<br>\u2022 DNI terminados en 8: 23 de junio<br>\u2022 DNI terminados en 9: 24 de junio<\/p>\n\n\n\n<p><strong>Asignaci\u00f3n por Embarazo<\/strong><br>\u2022 DNI terminados en 0: 10 de junio<br>\u2022 DNI terminados en 1:\u00a0 11 de junio<br>\u2022 DNI terminados en 2: 12 de junio<br>\u2022 DNI terminados en 3: 13 de junio<br>\u2022 DNI terminados en 4: 17 de junio<br>\u2022 DNI terminados en 5: 18 de junio<br>\u2022 DNI terminados en 6: 19 de junio<br>\u2022 DNI terminados en 7: 23 de junio<br>\u2022 DNI terminados en 8: 24 de junio<br>\u2022 DNI terminados en 9: 25 de junio<\/p>\n\n\n\n<p><strong>Asignaci\u00f3n por Prenatal y Maternidad<\/strong><br>\u2022 DNI terminados en 0 y 1: 10 de junio<br>\u2022 DNI terminados en 2 y 3: 11 de junio<br>\u2022 DNI terminados en 4 y 5: 12 de junio<br>\u2022 DNI terminados en 6 y 7: 13 de junio<br>\u2022 DNI terminados en 8 y 9: 17 de junio<\/p>\n\n\n\n<p><strong>Asignaciones Pago \u00danico (Matrimonio, Nacimiento, Adopci\u00f3n)<\/strong><br>\u2022 Todas las terminaciones de documento: 10 de junio al 14 de julio<\/p>\n\n\n\n<p><strong>Pensiones No Contributivas<\/strong><br>\u2022 DNI terminados en 0 y 1: 9 de junio<br>\u2022 DNI terminados en 2 y 3: 10 de junio<br>\u2022 DNI terminados en 4 y 5: 11 de junio<br>\u2022 DNI terminados en 6 y 7: 12 de junio<br>\u2022 DNI terminados en 8 y 9: 13 de junio<\/p>\n\n\n\n<p><strong>Asignaciones Familiares de Pensiones No Contributivas<\/strong><br>\u2022 Todas las terminaciones de documento: 9 de junio al 14 de julio<\/p>\n\n\n\n<p><strong>Prestaci\u00f3n por Desempleo<\/strong><br>\u2022 DNI terminados en 0 y 1: 24 de junio<br>\u2022 DNI terminados en 2 y 3: 25 de junio<br>\u2022 DNI terminados en 4 y 5: 26 de junio<br>\u2022 DNI terminados en 6 y 7: 30 de junio<br>\u2022 DNI terminados en 8 y 9: 1 de julio<\/p>\n","protected":false},"excerpt":{"rendered":"<p>ANSES, organismo dependiente del Ministerio de Capital Humano, comunica los calendarios de pagos de&nbsp;junio&nbsp;para jubilados, pensionados y titulares de Pensiones &#8230; <a title=\"ANSES: anuncia calendario de pagos de junio\" class=\"read-more\" href=\"https:\/\/www.hoymercedes.com.ar\/principal\/2025\/05\/31\/anses-anuncia-calendario-de-pagos-de-junio\/\" aria-label=\"Leer m\u00e1s sobre ANSES: anuncia calendario de pagos de junio\">Leer m\u00e1s<\/a><\/p>\n","protected":false},"author":1,"featured_media":172443,"comment_status":"closed","ping_status":"open","sticky":false,"template":"","format":"standard","meta":{"_monsterinsights_skip_tracking":false,"_monsterinsights_sitenote_active":false,"_monsterinsights_sitenote_note":"","_monsterinsights_sitenote_category":0,"jetpack_post_was_ever_published":false,"_jetpack_newsletter_access":"","_jetpack_dont_email_post_to_subs":false,"_jetpack_newsletter_tier_id":0,"_jetpack_memberships_contains_paywalled_content":false,"_jetpack_memberships_contains_paid_content":false,"footnotes":"","jetpack_publicize_message":"","jetpack_publicize_feature_enabled":true,"jetpack_social_post_already_shared":true,"jetpack_social_options":{"image_generator_settings":{"template":"highway","enabled":false},"version":2},"_wpas_customize_per_network":false},"categories":[8],"tags":[],"class_list":["post-184977","post","type-post","status-publish","format-standard","has-post-thumbnail","hentry","category-sociedad","generate-columns","tablet-grid-50","mobile-grid-100","grid-parent","grid-50"],"jetpack_publicize_connections":[],"jetpack_featured_media_url":"https:\/\/www.hoymercedes.com.ar\/principal\/wp-content\/uploads\/2024\/02\/anses-mercedes.jpg","wps_subtitle":"","jetpack_sharing_enabled":true,"_links":{"self":[{"href":"https:\/\/www.hoymercedes.com.ar\/principal\/wp-json\/wp\/v2\/posts\/184977","targetHints":{"allow":["GET"]}}],"collection":[{"href":"https:\/\/www.hoymercedes.com.ar\/principal\/wp-json\/wp\/v2\/posts"}],"about":[{"href":"https:\/\/www.hoymercedes.com.ar\/principal\/wp-json\/wp\/v2\/types\/post"}],"author":[{"embeddable":true,"href":"https:\/\/www.hoymercedes.com.ar\/principal\/wp-json\/wp\/v2\/users\/1"}],"replies":[{"embeddable":true,"href":"https:\/\/www.hoymercedes.com.ar\/principal\/wp-json\/wp\/v2\/comments?post=184977"}],"version-history":[{"count":1,"href":"https:\/\/www.hoymercedes.com.ar\/principal\/wp-json\/wp\/v2\/posts\/184977\/revisions"}],"predecessor-version":[{"id":184978,"href":"https:\/\/www.hoymercedes.com.ar\/principal\/wp-json\/wp\/v2\/posts\/184977\/revisions\/184978"}],"wp:featuredmedia":[{"embeddable":true,"href":"https:\/\/www.hoymercedes.com.ar\/principal\/wp-json\/wp\/v2\/media\/172443"}],"wp:attachment":[{"href":"https:\/\/www.hoymercedes.com.ar\/principal\/wp-json\/wp\/v2\/media?parent=184977"}],"wp:term":[{"taxonomy":"category","embeddable":true,"href":"https:\/\/www.hoymercedes.com.ar\/principal\/wp-json\/wp\/v2\/categories?post=184977"},{"taxonomy":"post_tag","embeddable":true,"href":"https:\/\/www.hoymercedes.com.ar\/principal\/wp-json\/wp\/v2\/tags?post=184977"}],"curies":[{"name":"wp","href":"https:\/\/api.w.org\/{rel}","templated":true}]}}