{"id":185006,"date":"2025-06-02T00:03:42","date_gmt":"2025-06-02T03:03:42","guid":{"rendered":"https:\/\/www.hoymercedes.com.ar\/principal\/?p=185006"},"modified":"2025-06-02T00:03:45","modified_gmt":"2025-06-02T03:03:45","slug":"justicia-de-mercedes-en-operativo-antidrogas-en-chivilcoy-3-detenidos","status":"publish","type":"post","link":"https:\/\/www.hoymercedes.com.ar\/principal\/2025\/06\/02\/justicia-de-mercedes-en-operativo-antidrogas-en-chivilcoy-3-detenidos\/","title":{"rendered":"Justicia de Mercedes en Operativo Antidrogas en Chivilcoy: 3 detenidos"},"content":{"rendered":"\n<p>Con participaci\u00f3n del <strong>Departamento Judicial Mercedes<\/strong>, se llev\u00f3 a cabo un importante operativo que culmin\u00f3 con el desmantelamiento de puntos de venta de drogas en la ciudad de Chivilcoy y la detenci\u00f3n de tres individuos con antecedentes por comercializaci\u00f3n de estupefacientes. Las \u00f3rdenes de allanamiento fueron libradas por el <strong>Juzgado de Garant\u00edas N\u00b0 2<\/strong> y contaron con la intervenci\u00f3n directa de la <strong>Ayudant\u00eda Fiscal de Estupefacientes<\/strong> y la <strong>UFI N\u00b0 6<\/strong>, todas instancias pertenecientes al mencionado <strong>Departamento Judicial Mercedes<\/strong>.<\/p>\n\n\n\n<p>En horas de la ma\u00f1ana, personal de la Subdelegaci\u00f3n de Investigaciones del Tr\u00e1fico de Drogas Il\u00edcitas Chivilcoy, bajo la direcci\u00f3n del Comisario Donato Rafael Pitetti, y en una acci\u00f3n coordinada con el Grupo Apoyo Departamental, la Estaci\u00f3n Polic\u00eda Comunal y la Secretar\u00eda de Seguridad de Chivilcoy, materializaron las dos \u00f3rdenes judiciales.<\/p>\n\n\n\n<p>El primer allanamiento se efectu\u00f3 en un domicilio de la calle Emilio Mitre N\u00b0 550 esquina Italia. All\u00ed se identific\u00f3 a Jonatan Mart\u00edn Cuevas (34), uno de los principales investigados, junto a otra persona. Si bien la requisa personal inicial no arroj\u00f3 elementos de inter\u00e9s, el registro de la vivienda permiti\u00f3 incautar un frasco con cogollos de marihuana, dinero en efectivo, dos tel\u00e9fonos celulares y una bolsa con 21 envoltorios de coca\u00edna, adem\u00e1s de recortes de nylon y elementos de corte.<\/p>\n\n\n\n<p>Posteriormente, las diligencias se trasladaron a una propiedad en la calle Italia N\u00b0 241, entre Emilio Mitre y Vicente Loveira. En este lugar se individualiz\u00f3 a Mart\u00edn Rolando Cuevas (56) y Daniel Alejandro Cuevas (23), tambi\u00e9n sindicados en la investigaci\u00f3n, junto a otra persona. La requisa personal tampoco arroj\u00f3 resultados inmediatos. Sin embargo, al registrar el interior del domicilio, se secuestraron tres frascos con marihuana, 16 envoltorios de la misma sustancia, recortes de nylon y una balanza digital. En el patio de la finca se descubri\u00f3 una planta de marihuana de grandes dimensiones (2,70 metros de alto por 3,70 metros de ancho), que al ser deshojada arroj\u00f3 un peso de 15,700 kilogramos. Se destac\u00f3 que la planta estaba protegida y rodeada por un sistema el\u00e9ctrico.<\/p>\n\n\n\n<p>Las pruebas de campo realizadas a las sustancias secuestradas en ambos domicilios confirmaron la presencia de clorhidrato de coca\u00edna y marihuana.<\/p>\n\n\n\n<p>El <strong>Dr. Gabriel Courtade, magistrado de la Ayudant\u00eda Fiscal de Estupefacientes del Departamento Judicial de Mercedes<\/strong>, jug\u00f3 un papel crucial en el procedimiento, retransmitiendo los pormenores al Fiscal de intervenci\u00f3n de la misma jurisdicci\u00f3n. Con base en las evidencias recolectadas y bajo la direcci\u00f3n de la fiscal\u00eda mercedina, se dispuso la aprehensi\u00f3n de Mart\u00edn Rolando Cuevas, Daniel Alejandro Cuevas y Jonatan Mart\u00edn Cuevas por el delito de \u00abTenencia de Estupefacientes con Fines de Comercializaci\u00f3n Propiamente Dicho\u00bb (arts. 5 inc. C de la Ley 23737 del CPP).<\/p>\n\n\n\n<p>Finalmente, los tres aprehendidos, junto con todas las actuaciones labradas y los elementos secuestrados, fueron trasladados a la <strong>sede judicial de Mercedes<\/strong>, donde continuar\u00e1 el proceso bajo la \u00f3rbita de las autoridades judiciales de dicho departamento.<\/p>\n\n\n\n<p>Cabe resaltar que tanto Jonatan como Daniel Cuevas ya se encontraban bajo prisi\u00f3n domiciliaria con tobillera electr\u00f3nica, imputados previamente por diversos delitos contra la propiedad. Mart\u00edn Cuevas tambi\u00e9n cuenta con antecedentes penales, lo que subraya la importancia de la intervenci\u00f3n de la justicia mercedina en la desarticulaci\u00f3n de estas actividades il\u00edcitas.<\/p>\n","protected":false},"excerpt":{"rendered":"<p>Con participaci\u00f3n del Departamento Judicial Mercedes, se llev\u00f3 a cabo un importante operativo que culmin\u00f3 con el desmantelamiento de puntos &#8230; <a title=\"Justicia de Mercedes en Operativo Antidrogas en Chivilcoy: 3 detenidos\" class=\"read-more\" href=\"https:\/\/www.hoymercedes.com.ar\/principal\/2025\/06\/02\/justicia-de-mercedes-en-operativo-antidrogas-en-chivilcoy-3-detenidos\/\" aria-label=\"Leer m\u00e1s sobre Justicia de Mercedes en Operativo Antidrogas en Chivilcoy: 3 detenidos\">Leer m\u00e1s<\/a><\/p>\n","protected":false},"author":1,"featured_media":185009,"comment_status":"closed","ping_status":"open","sticky":false,"template":"","format":"standard","meta":{"_monsterinsights_skip_tracking":false,"_monsterinsights_sitenote_active":false,"_monsterinsights_sitenote_note":"","_monsterinsights_sitenote_category":0,"jetpack_post_was_ever_published":false,"_jetpack_newsletter_access":"","_jetpack_dont_email_post_to_subs":false,"_jetpack_newsletter_tier_id":0,"_jetpack_memberships_contains_paywalled_content":false,"_jetpack_memberships_contains_paid_content":false,"footnotes":"","jetpack_publicize_message":"","jetpack_publicize_feature_enabled":true,"jetpack_social_post_already_shared":false,"jetpack_social_options":{"image_generator_settings":{"template":"highway","enabled":false},"version":2},"_wpas_customize_per_network":false},"categories":[85],"tags":[20476,20475,12474],"class_list":["post-185006","post","type-post","status-publish","format-standard","has-post-thumbnail","hentry","category-policial","tag-anti-drogas-chivilcoy","tag-detenidos-en-chivilcoy","tag-justicia-de-mercedes","generate-columns","tablet-grid-50","mobile-grid-100","grid-parent","grid-50"],"jetpack_publicize_connections":[],"jetpack_featured_media_url":"https:\/\/www.hoymercedes.com.ar\/principal\/wp-content\/uploads\/2025\/06\/Detenidos-Chivilcoy.jpg","wps_subtitle":"Tras las rejas","jetpack_sharing_enabled":true,"_links":{"self":[{"href":"https:\/\/www.hoymercedes.com.ar\/principal\/wp-json\/wp\/v2\/posts\/185006","targetHints":{"allow":["GET"]}}],"collection":[{"href":"https:\/\/www.hoymercedes.com.ar\/principal\/wp-json\/wp\/v2\/posts"}],"about":[{"href":"https:\/\/www.hoymercedes.com.ar\/principal\/wp-json\/wp\/v2\/types\/post"}],"author":[{"embeddable":true,"href":"https:\/\/www.hoymercedes.com.ar\/principal\/wp-json\/wp\/v2\/users\/1"}],"replies":[{"embeddable":true,"href":"https:\/\/www.hoymercedes.com.ar\/principal\/wp-json\/wp\/v2\/comments?post=185006"}],"version-history":[{"count":2,"href":"https:\/\/www.hoymercedes.com.ar\/principal\/wp-json\/wp\/v2\/posts\/185006\/revisions"}],"predecessor-version":[{"id":185011,"href":"https:\/\/www.hoymercedes.com.ar\/principal\/wp-json\/wp\/v2\/posts\/185006\/revisions\/185011"}],"wp:featuredmedia":[{"embeddable":true,"href":"https:\/\/www.hoymercedes.com.ar\/principal\/wp-json\/wp\/v2\/media\/185009"}],"wp:attachment":[{"href":"https:\/\/www.hoymercedes.com.ar\/principal\/wp-json\/wp\/v2\/media?parent=185006"}],"wp:term":[{"taxonomy":"category","embeddable":true,"href":"https:\/\/www.hoymercedes.com.ar\/principal\/wp-json\/wp\/v2\/categories?post=185006"},{"taxonomy":"post_tag","embeddable":true,"href":"https:\/\/www.hoymercedes.com.ar\/principal\/wp-json\/wp\/v2\/tags?post=185006"}],"curies":[{"name":"wp","href":"https:\/\/api.w.org\/{rel}","templated":true}]}}