{"id":185021,"date":"2025-06-02T11:51:00","date_gmt":"2025-06-02T14:51:00","guid":{"rendered":"https:\/\/www.hoymercedes.com.ar\/principal\/?p=185021"},"modified":"2025-06-02T19:07:02","modified_gmt":"2025-06-02T22:07:02","slug":"carlos-keen-se-prepara-para-celebrar-una-nueva-fiesta-del-sol","status":"publish","type":"post","link":"https:\/\/www.hoymercedes.com.ar\/principal\/2025\/06\/02\/carlos-keen-se-prepara-para-celebrar-una-nueva-fiesta-del-sol\/","title":{"rendered":"Carlos Keen se prepara para celebrar una nueva Fiesta del Sol\u00a0"},"content":{"rendered":"\n<p>Desde hace 22 a\u00f1os, la localidad de Carlos Keen celebra la \u201cFiesta del Sol\u201d, la festividad m\u00e1s importante de la localidad que honra&nbsp;a la tierra y su relaci\u00f3n con el sol. vinculada a los or\u00edgenes ind\u00edgenas y sus pueblos agr\u00edcolas.<\/p>\n\n\n\n<p>Como es habitual, el evento contempla dos d\u00edas de festejos libres y gratuitos, y coincide con el solsticio de invierno, el d\u00eda m\u00e1s corto del a\u00f1o que da inicio al invierno. Para este 2025, la Fiesta del Sol se realizar\u00e1 el viernes 20 desde las 14 horas, y el s\u00e1bado 21 de junio desde las 12 horas, en la emblem\u00e1tica estaci\u00f3n de ferrocarril de Carlos Keen.&nbsp;<\/p>\n\n\n\n<p>Con el objetivo de impulsar la cultura lujanense y sus artistas, habr\u00e1 m\u00fasica en vivo a cargo de diferentes referentes del rock y el folclore. Adem\u00e1s, se realizar\u00e1 la tradicional \u201cCeremonia Inti Raymi\u201d, y se podr\u00e1 recorrer la feria de artesanos y el patio gastron\u00f3mico.&nbsp;<\/p>\n\n\n\n<p>Para culminar el evento, se realizar\u00e1 la tradicional fogata de los deseos. Quienes asistan, podr\u00e1n quemar sus deseos escritos en papel, con la creencia de que ser\u00e1n concretados por la energ\u00eda del fuego.&nbsp;<\/p>\n\n\n\n<p>\u201cLa Fiesta del Sol es una celebraci\u00f3n \u00fanica en su tipo, inspirada en la cosmovisi\u00f3n de los pueblos originarios, la cual ya es parte de nuestra identidad local. Este a\u00f1o el evento incluir\u00e1 dos jornadas de propuestas culturales libres y gratuitas para el disfrute de nuestra comunidad as\u00ed como de los turistas que visitan la localidad\u201d&nbsp; se\u00f1al\u00f3 al respecto el Secretario de Culturas y Turismo, Nicolas Capelli.<\/p>\n\n\n\n<p>Cientos de artistas pasan cada a\u00f1o por esta emblem\u00e1tica festividad organizada por el Municipio de Luj\u00e1n, siendo en esta oportunidad la 22\u00b0 edici\u00f3n de un ciclo que se posiciona a\u00f1o tras a\u00f1o a nivel local y nacional.&nbsp;<\/p>\n\n\n\n<p>En los pr\u00f3ximos d\u00edas, se difundir\u00e1 el cronograma detallado de los espect\u00e1culos que ser\u00e1n parte de la grilla a trav\u00e9s de la p\u00e1gina de instagram del Municipio, @municipiodelujan y de&nbsp; @culturasyturismolujan<\/p>\n","protected":false},"excerpt":{"rendered":"<p>Desde hace 22 a\u00f1os, la localidad de Carlos Keen celebra la \u201cFiesta del Sol\u201d, la festividad m\u00e1s importante de la &#8230; <a title=\"Carlos Keen se prepara para celebrar una nueva Fiesta del Sol\u00a0\" class=\"read-more\" href=\"https:\/\/www.hoymercedes.com.ar\/principal\/2025\/06\/02\/carlos-keen-se-prepara-para-celebrar-una-nueva-fiesta-del-sol\/\" aria-label=\"Leer m\u00e1s sobre Carlos Keen se prepara para celebrar una nueva Fiesta del Sol\u00a0\">Leer m\u00e1s<\/a><\/p>\n","protected":false},"author":1,"featured_media":185022,"comment_status":"closed","ping_status":"open","sticky":false,"template":"","format":"standard","meta":{"_monsterinsights_skip_tracking":false,"_monsterinsights_sitenote_active":false,"_monsterinsights_sitenote_note":"","_monsterinsights_sitenote_category":0,"jetpack_post_was_ever_published":false,"_jetpack_newsletter_access":"","_jetpack_dont_email_post_to_subs":false,"_jetpack_newsletter_tier_id":0,"_jetpack_memberships_contains_paywalled_content":false,"_jetpack_memberships_contains_paid_content":false,"footnotes":"","jetpack_publicize_message":"","jetpack_publicize_feature_enabled":true,"jetpack_social_post_already_shared":false,"jetpack_social_options":{"image_generator_settings":{"template":"highway","enabled":false},"version":2},"_wpas_customize_per_network":false},"categories":[201],"tags":[],"class_list":["post-185021","post","type-post","status-publish","format-standard","has-post-thumbnail","hentry","category-lujan-2","generate-columns","tablet-grid-50","mobile-grid-100","grid-parent","grid-50"],"jetpack_publicize_connections":[],"jetpack_featured_media_url":"https:\/\/www.hoymercedes.com.ar\/principal\/wp-content\/uploads\/2025\/06\/Fiesta-del-Sol.jpeg","wps_subtitle":"","jetpack_sharing_enabled":true,"_links":{"self":[{"href":"https:\/\/www.hoymercedes.com.ar\/principal\/wp-json\/wp\/v2\/posts\/185021","targetHints":{"allow":["GET"]}}],"collection":[{"href":"https:\/\/www.hoymercedes.com.ar\/principal\/wp-json\/wp\/v2\/posts"}],"about":[{"href":"https:\/\/www.hoymercedes.com.ar\/principal\/wp-json\/wp\/v2\/types\/post"}],"author":[{"embeddable":true,"href":"https:\/\/www.hoymercedes.com.ar\/principal\/wp-json\/wp\/v2\/users\/1"}],"replies":[{"embeddable":true,"href":"https:\/\/www.hoymercedes.com.ar\/principal\/wp-json\/wp\/v2\/comments?post=185021"}],"version-history":[{"count":1,"href":"https:\/\/www.hoymercedes.com.ar\/principal\/wp-json\/wp\/v2\/posts\/185021\/revisions"}],"predecessor-version":[{"id":185023,"href":"https:\/\/www.hoymercedes.com.ar\/principal\/wp-json\/wp\/v2\/posts\/185021\/revisions\/185023"}],"wp:featuredmedia":[{"embeddable":true,"href":"https:\/\/www.hoymercedes.com.ar\/principal\/wp-json\/wp\/v2\/media\/185022"}],"wp:attachment":[{"href":"https:\/\/www.hoymercedes.com.ar\/principal\/wp-json\/wp\/v2\/media?parent=185021"}],"wp:term":[{"taxonomy":"category","embeddable":true,"href":"https:\/\/www.hoymercedes.com.ar\/principal\/wp-json\/wp\/v2\/categories?post=185021"},{"taxonomy":"post_tag","embeddable":true,"href":"https:\/\/www.hoymercedes.com.ar\/principal\/wp-json\/wp\/v2\/tags?post=185021"}],"curies":[{"name":"wp","href":"https:\/\/api.w.org\/{rel}","templated":true}]}}