{"id":185031,"date":"2025-06-02T19:49:03","date_gmt":"2025-06-02T22:49:03","guid":{"rendered":"https:\/\/www.hoymercedes.com.ar\/principal\/?p=185031"},"modified":"2025-06-04T08:43:16","modified_gmt":"2025-06-04T11:43:16","slug":"domingo-8-anticipo-de-la-fiesta-del-salame-quintero","status":"publish","type":"post","link":"https:\/\/www.hoymercedes.com.ar\/principal\/2025\/06\/02\/domingo-8-anticipo-de-la-fiesta-del-salame-quintero\/","title":{"rendered":"Domingo 8: Anticipo de la Fiesta del Salame Quintero"},"content":{"rendered":"\n<p>Con tres meses de antelaci\u00f3n, el venidero 8 de junio se realizar\u00e1 \u00abla previa\u00bb de la Fiesta Nacional del Salame Quintero. Ser\u00e1 en el predio de La Trocha desde media ma\u00f1ana, hasta la tarde. <\/p>\n\n\n\n<p>\u201cHemos tenido distintas reuniones con los productores de salame quintero, siempre con el mandato de nuestro intendente Juani Ustarroz para poder continuar impulsando el trabajo mercedino, el turismo, la posibilidad de encontrarnos y pasar lindos momentos en familia, con amigas y amigos\u201d narr\u00f3 Francisco Dinova.<\/p>\n\n\n\n<p>La actividad ser\u00e1 en La Trocha, contando con acceso libre y gratuito, el pr\u00f3ximo 8 de junio con m\u00faltiples atractivos y posibilidades de disfrutar, una vez m\u00e1s, de las propuestas en comunidad se generan.<\/p>\n","protected":false},"excerpt":{"rendered":"<p>Con tres meses de antelaci\u00f3n, el venidero 8 de junio se realizar\u00e1 \u00abla previa\u00bb de la Fiesta Nacional del Salame &#8230; <a title=\"Domingo 8: Anticipo de la Fiesta del Salame Quintero\" class=\"read-more\" href=\"https:\/\/www.hoymercedes.com.ar\/principal\/2025\/06\/02\/domingo-8-anticipo-de-la-fiesta-del-salame-quintero\/\" aria-label=\"Leer m\u00e1s sobre Domingo 8: Anticipo de la Fiesta del Salame Quintero\">Leer m\u00e1s<\/a><\/p>\n","protected":false},"author":1,"featured_media":185032,"comment_status":"closed","ping_status":"open","sticky":false,"template":"","format":"standard","meta":{"_monsterinsights_skip_tracking":false,"_monsterinsights_sitenote_active":false,"_monsterinsights_sitenote_note":"","_monsterinsights_sitenote_category":0,"jetpack_post_was_ever_published":false,"_jetpack_newsletter_access":"","_jetpack_dont_email_post_to_subs":false,"_jetpack_newsletter_tier_id":0,"_jetpack_memberships_contains_paywalled_content":false,"_jetpack_memberships_contains_paid_content":false,"footnotes":"","jetpack_publicize_message":"","jetpack_publicize_feature_enabled":true,"jetpack_social_post_already_shared":false,"jetpack_social_options":{"image_generator_settings":{"template":"highway","enabled":false},"version":2},"_wpas_customize_per_network":false},"categories":[8],"tags":[],"class_list":["post-185031","post","type-post","status-publish","format-standard","has-post-thumbnail","hentry","category-sociedad","generate-columns","tablet-grid-50","mobile-grid-100","grid-parent","grid-50"],"jetpack_publicize_connections":[],"jetpack_featured_media_url":"https:\/\/www.hoymercedes.com.ar\/principal\/wp-content\/uploads\/2025\/06\/presalame.jpg","wps_subtitle":"","jetpack_sharing_enabled":true,"_links":{"self":[{"href":"https:\/\/www.hoymercedes.com.ar\/principal\/wp-json\/wp\/v2\/posts\/185031","targetHints":{"allow":["GET"]}}],"collection":[{"href":"https:\/\/www.hoymercedes.com.ar\/principal\/wp-json\/wp\/v2\/posts"}],"about":[{"href":"https:\/\/www.hoymercedes.com.ar\/principal\/wp-json\/wp\/v2\/types\/post"}],"author":[{"embeddable":true,"href":"https:\/\/www.hoymercedes.com.ar\/principal\/wp-json\/wp\/v2\/users\/1"}],"replies":[{"embeddable":true,"href":"https:\/\/www.hoymercedes.com.ar\/principal\/wp-json\/wp\/v2\/comments?post=185031"}],"version-history":[{"count":2,"href":"https:\/\/www.hoymercedes.com.ar\/principal\/wp-json\/wp\/v2\/posts\/185031\/revisions"}],"predecessor-version":[{"id":185056,"href":"https:\/\/www.hoymercedes.com.ar\/principal\/wp-json\/wp\/v2\/posts\/185031\/revisions\/185056"}],"wp:featuredmedia":[{"embeddable":true,"href":"https:\/\/www.hoymercedes.com.ar\/principal\/wp-json\/wp\/v2\/media\/185032"}],"wp:attachment":[{"href":"https:\/\/www.hoymercedes.com.ar\/principal\/wp-json\/wp\/v2\/media?parent=185031"}],"wp:term":[{"taxonomy":"category","embeddable":true,"href":"https:\/\/www.hoymercedes.com.ar\/principal\/wp-json\/wp\/v2\/categories?post=185031"},{"taxonomy":"post_tag","embeddable":true,"href":"https:\/\/www.hoymercedes.com.ar\/principal\/wp-json\/wp\/v2\/tags?post=185031"}],"curies":[{"name":"wp","href":"https:\/\/api.w.org\/{rel}","templated":true}]}}