{"id":185045,"date":"2025-06-02T23:07:23","date_gmt":"2025-06-03T02:07:23","guid":{"rendered":"https:\/\/www.hoymercedes.com.ar\/principal\/?p=185045"},"modified":"2025-06-02T23:07:25","modified_gmt":"2025-06-03T02:07:25","slug":"pj-jornada-de-debate-y-presentacion-de-revista-hologramas","status":"publish","type":"post","link":"https:\/\/www.hoymercedes.com.ar\/principal\/2025\/06\/02\/pj-jornada-de-debate-y-presentacion-de-revista-hologramas\/","title":{"rendered":"PJ: jornada de debate y presentaci\u00f3n de Revista Hologramas"},"content":{"rendered":"\n<figure class=\"wp-block-image size-large\"><img loading=\"lazy\" decoding=\"async\" width=\"1024\" height=\"683\" data-attachment-id=\"185046\" data-permalink=\"https:\/\/www.hoymercedes.com.ar\/principal\/2025\/06\/02\/pj-jornada-de-debate-y-presentacion-de-revista-hologramas\/dsc036441\/#main\" data-orig-file=\"https:\/\/www.hoymercedes.com.ar\/principal\/wp-content\/uploads\/2025\/06\/DSC036441-scaled.jpg\" data-orig-size=\"2560,1707\" data-comments-opened=\"0\" data-image-meta=\"{&quot;aperture&quot;:&quot;4&quot;,&quot;credit&quot;:&quot;&quot;,&quot;camera&quot;:&quot;ILCE-7M3&quot;,&quot;caption&quot;:&quot;&quot;,&quot;created_timestamp&quot;:&quot;1748630829&quot;,&quot;copyright&quot;:&quot;&quot;,&quot;focal_length&quot;:&quot;29&quot;,&quot;iso&quot;:&quot;12800&quot;,&quot;shutter_speed&quot;:&quot;0.00625&quot;,&quot;title&quot;:&quot;&quot;,&quot;orientation&quot;:&quot;1&quot;}\" data-image-title=\"Revista Hologramas, Partido Justicialista\" data-image-description=\"&lt;p&gt;Revista Hologramas, Partido Justicialista &lt;\/p&gt;\n\" data-image-caption=\"&lt;p&gt;Revista Hologramas, Partido Justicialista &lt;\/p&gt;\n\" data-large-file=\"https:\/\/www.hoymercedes.com.ar\/principal\/wp-content\/uploads\/2025\/06\/DSC036441-1024x683.jpg\" src=\"https:\/\/www.hoymercedes.com.ar\/principal\/wp-content\/uploads\/2025\/06\/DSC036441-1024x683.jpg\" alt=\"\" class=\"wp-image-185046\" srcset=\"https:\/\/www.hoymercedes.com.ar\/principal\/wp-content\/uploads\/2025\/06\/DSC036441-1024x683.jpg 1024w, https:\/\/www.hoymercedes.com.ar\/principal\/wp-content\/uploads\/2025\/06\/DSC036441-630x420.jpg 630w, https:\/\/www.hoymercedes.com.ar\/principal\/wp-content\/uploads\/2025\/06\/DSC036441-150x100.jpg 150w, https:\/\/www.hoymercedes.com.ar\/principal\/wp-content\/uploads\/2025\/06\/DSC036441-1536x1024.jpg 1536w, https:\/\/www.hoymercedes.com.ar\/principal\/wp-content\/uploads\/2025\/06\/DSC036441-2048x1365.jpg 2048w\" sizes=\"auto, (max-width: 1024px) 100vw, 1024px\" \/><\/figure>\n\n\n\n<p>Se llev\u00f3 adelante la presentaci\u00f3n de la Revista \u201cHologramas\u201d en el marco de las acciones de formaci\u00f3n y debate del PJ. Fue durante la noche del viernes con un amplio acompa\u00f1amiento. La actividad fue generada desde la Secretar\u00eda Formaci\u00f3n Pol\u00edtica del partido Justicialista de Mercedes.<\/p>\n\n\n\n<p>La propuesta editorial parte desde el Club Lup\u00edn. Para ello se cont\u00f3 con la presencia de Massimiliano Pisani y Mair Williams quienes llevaron adelante la presentaci\u00f3n de la revista \u201cHologramas\u201d.<\/p>\n\n\n\n<p>La actividad cont\u00f3 con la coordinaci\u00f3n de Santiago Altube, actual secretario de Formaci\u00f3n Pol\u00edtica del PJ y la participaci\u00f3n de los periodistas Mariano P\u00e9rez y Julio Boccalatte, que oficiaron de moderadores del debate y exposici\u00f3n.&nbsp; \u201cHerramientas para una nueva imaginaci\u00f3n pol\u00edtica\u201d fue el t\u00edtulo que le daba vida a esta charla amena que se dio en la noche del viernes.<\/p>\n\n\n\n<figure class=\"wp-block-image size-large\"><img loading=\"lazy\" decoding=\"async\" width=\"1024\" height=\"683\" data-attachment-id=\"185047\" data-permalink=\"https:\/\/www.hoymercedes.com.ar\/principal\/2025\/06\/02\/pj-jornada-de-debate-y-presentacion-de-revista-hologramas\/dsc03629\/#main\" data-orig-file=\"https:\/\/www.hoymercedes.com.ar\/principal\/wp-content\/uploads\/2025\/06\/DSC03629-scaled.jpg\" data-orig-size=\"2560,1707\" data-comments-opened=\"0\" data-image-meta=\"{&quot;aperture&quot;:&quot;4&quot;,&quot;credit&quot;:&quot;&quot;,&quot;camera&quot;:&quot;ILCE-7M3&quot;,&quot;caption&quot;:&quot;&quot;,&quot;created_timestamp&quot;:&quot;1748630689&quot;,&quot;copyright&quot;:&quot;&quot;,&quot;focal_length&quot;:&quot;28&quot;,&quot;iso&quot;:&quot;10000&quot;,&quot;shutter_speed&quot;:&quot;0.016666666666667&quot;,&quot;title&quot;:&quot;&quot;,&quot;orientation&quot;:&quot;1&quot;}\" data-image-title=\"DSC03629\" data-image-description=\"\" data-image-caption=\"\" data-large-file=\"https:\/\/www.hoymercedes.com.ar\/principal\/wp-content\/uploads\/2025\/06\/DSC03629-1024x683.jpg\" src=\"https:\/\/www.hoymercedes.com.ar\/principal\/wp-content\/uploads\/2025\/06\/DSC03629-1024x683.jpg\" alt=\"Revista Hologramas, Partido Justicialista \" class=\"wp-image-185047\" srcset=\"https:\/\/www.hoymercedes.com.ar\/principal\/wp-content\/uploads\/2025\/06\/DSC03629-1024x683.jpg 1024w, https:\/\/www.hoymercedes.com.ar\/principal\/wp-content\/uploads\/2025\/06\/DSC03629-630x420.jpg 630w, https:\/\/www.hoymercedes.com.ar\/principal\/wp-content\/uploads\/2025\/06\/DSC03629-150x100.jpg 150w, https:\/\/www.hoymercedes.com.ar\/principal\/wp-content\/uploads\/2025\/06\/DSC03629-1536x1024.jpg 1536w, https:\/\/www.hoymercedes.com.ar\/principal\/wp-content\/uploads\/2025\/06\/DSC03629-2048x1365.jpg 2048w\" sizes=\"auto, (max-width: 1024px) 100vw, 1024px\" \/><\/figure>\n\n\n\n<p>La revista \u201cHologramas\u201d presenta diversos textos sobre pol\u00edtica donde se analiza la realidad argentina, bajo la mirada de un grupo de j\u00f3venes que integran el Club Lupin, una organizaci\u00f3n que tiene su sede en CABA.<\/p>\n\n\n\n<p>Hubo charla, exposici\u00f3n de los invitados y di\u00e1logo fluido con quienes se acercaron al Bar Balero para compartir la actividad.<\/p>\n\n\n\n<p>Sobre el final Santiago Altube agradeci\u00f3 al propietario de Balero e hizo entrega de producciones locales en forma de agradecimiento a los dos j\u00f3venes que presentaron su revista en Mercedes.<\/p>\n","protected":false},"excerpt":{"rendered":"<p>Se llev\u00f3 adelante la presentaci\u00f3n de la Revista \u201cHologramas\u201d en el marco de las acciones de formaci\u00f3n y debate del &#8230; <a title=\"PJ: jornada de debate y presentaci\u00f3n de Revista Hologramas\" class=\"read-more\" href=\"https:\/\/www.hoymercedes.com.ar\/principal\/2025\/06\/02\/pj-jornada-de-debate-y-presentacion-de-revista-hologramas\/\" aria-label=\"Leer m\u00e1s sobre PJ: jornada de debate y presentaci\u00f3n de Revista Hologramas\">Leer m\u00e1s<\/a><\/p>\n","protected":false},"author":1,"featured_media":185046,"comment_status":"closed","ping_status":"open","sticky":false,"template":"","format":"standard","meta":{"_monsterinsights_skip_tracking":false,"_monsterinsights_sitenote_active":false,"_monsterinsights_sitenote_note":"","_monsterinsights_sitenote_category":0,"jetpack_post_was_ever_published":false,"_jetpack_newsletter_access":"","_jetpack_dont_email_post_to_subs":false,"_jetpack_newsletter_tier_id":0,"_jetpack_memberships_contains_paywalled_content":false,"_jetpack_memberships_contains_paid_content":false,"footnotes":"","jetpack_publicize_message":"","jetpack_publicize_feature_enabled":true,"jetpack_social_post_already_shared":false,"jetpack_social_options":{"image_generator_settings":{"template":"highway","enabled":false},"version":2},"_wpas_customize_per_network":false},"categories":[8],"tags":[],"class_list":["post-185045","post","type-post","status-publish","format-standard","has-post-thumbnail","hentry","category-sociedad","generate-columns","tablet-grid-50","mobile-grid-100","grid-parent","grid-50"],"jetpack_publicize_connections":[],"jetpack_featured_media_url":"https:\/\/www.hoymercedes.com.ar\/principal\/wp-content\/uploads\/2025\/06\/DSC036441-scaled.jpg","wps_subtitle":"Propuesta partidaria","jetpack_sharing_enabled":true,"_links":{"self":[{"href":"https:\/\/www.hoymercedes.com.ar\/principal\/wp-json\/wp\/v2\/posts\/185045","targetHints":{"allow":["GET"]}}],"collection":[{"href":"https:\/\/www.hoymercedes.com.ar\/principal\/wp-json\/wp\/v2\/posts"}],"about":[{"href":"https:\/\/www.hoymercedes.com.ar\/principal\/wp-json\/wp\/v2\/types\/post"}],"author":[{"embeddable":true,"href":"https:\/\/www.hoymercedes.com.ar\/principal\/wp-json\/wp\/v2\/users\/1"}],"replies":[{"embeddable":true,"href":"https:\/\/www.hoymercedes.com.ar\/principal\/wp-json\/wp\/v2\/comments?post=185045"}],"version-history":[{"count":2,"href":"https:\/\/www.hoymercedes.com.ar\/principal\/wp-json\/wp\/v2\/posts\/185045\/revisions"}],"predecessor-version":[{"id":185049,"href":"https:\/\/www.hoymercedes.com.ar\/principal\/wp-json\/wp\/v2\/posts\/185045\/revisions\/185049"}],"wp:featuredmedia":[{"embeddable":true,"href":"https:\/\/www.hoymercedes.com.ar\/principal\/wp-json\/wp\/v2\/media\/185046"}],"wp:attachment":[{"href":"https:\/\/www.hoymercedes.com.ar\/principal\/wp-json\/wp\/v2\/media?parent=185045"}],"wp:term":[{"taxonomy":"category","embeddable":true,"href":"https:\/\/www.hoymercedes.com.ar\/principal\/wp-json\/wp\/v2\/categories?post=185045"},{"taxonomy":"post_tag","embeddable":true,"href":"https:\/\/www.hoymercedes.com.ar\/principal\/wp-json\/wp\/v2\/tags?post=185045"}],"curies":[{"name":"wp","href":"https:\/\/api.w.org\/{rel}","templated":true}]}}