{"id":185064,"date":"2025-06-04T07:34:00","date_gmt":"2025-06-04T10:34:00","guid":{"rendered":"https:\/\/www.hoymercedes.com.ar\/principal\/?p=185064"},"modified":"2025-06-04T00:04:16","modified_gmt":"2025-06-04T03:04:16","slug":"fran-dinova-se-viene-la-previa-del-salame-quintero","status":"publish","type":"post","link":"https:\/\/www.hoymercedes.com.ar\/principal\/2025\/06\/04\/fran-dinova-se-viene-la-previa-del-salame-quintero\/","title":{"rendered":"Libre y gratuita se viene la previa del salame quintero"},"content":{"rendered":"\n<figure class=\"wp-block-image size-large\"><img loading=\"lazy\" decoding=\"async\" width=\"1024\" height=\"682\" data-attachment-id=\"185065\" data-permalink=\"https:\/\/www.hoymercedes.com.ar\/principal\/2025\/06\/04\/fran-dinova-se-viene-la-previa-del-salame-quintero\/0h0a3655\/#main\" data-orig-file=\"https:\/\/www.hoymercedes.com.ar\/principal\/wp-content\/uploads\/2025\/06\/0H0A3655.jpg\" data-orig-size=\"1319,879\" data-comments-opened=\"0\" data-image-meta=\"{&quot;aperture&quot;:&quot;0&quot;,&quot;credit&quot;:&quot;&quot;,&quot;camera&quot;:&quot;&quot;,&quot;caption&quot;:&quot;&quot;,&quot;created_timestamp&quot;:&quot;0&quot;,&quot;copyright&quot;:&quot;&quot;,&quot;focal_length&quot;:&quot;0&quot;,&quot;iso&quot;:&quot;0&quot;,&quot;shutter_speed&quot;:&quot;0&quot;,&quot;title&quot;:&quot;&quot;,&quot;orientation&quot;:&quot;0&quot;}\" data-image-title=\"Fran Dinova: se viene la previa del salame quintero\" data-image-description=\"&lt;p&gt;Fran Dinova: se viene la previa del salame quintero&lt;\/p&gt;\n\" data-image-caption=\"&lt;p&gt;Fran Dinova: se viene la previa del salame quintero&lt;\/p&gt;\n\" data-large-file=\"https:\/\/www.hoymercedes.com.ar\/principal\/wp-content\/uploads\/2025\/06\/0H0A3655-1024x682.jpg\" src=\"https:\/\/www.hoymercedes.com.ar\/principal\/wp-content\/uploads\/2025\/06\/0H0A3655-1024x682.jpg\" alt=\"\" class=\"wp-image-185065\" srcset=\"https:\/\/www.hoymercedes.com.ar\/principal\/wp-content\/uploads\/2025\/06\/0H0A3655-1024x682.jpg 1024w, https:\/\/www.hoymercedes.com.ar\/principal\/wp-content\/uploads\/2025\/06\/0H0A3655-630x420.jpg 630w, https:\/\/www.hoymercedes.com.ar\/principal\/wp-content\/uploads\/2025\/06\/0H0A3655-150x100.jpg 150w, https:\/\/www.hoymercedes.com.ar\/principal\/wp-content\/uploads\/2025\/06\/0H0A3655-700x465.jpg 700w, https:\/\/www.hoymercedes.com.ar\/principal\/wp-content\/uploads\/2025\/06\/0H0A3655.jpg 1319w\" sizes=\"auto, (max-width: 1024px) 100vw, 1024px\" \/><\/figure>\n\n\n\n<p>El director de Turismo, Francisco Dinova, destac\u00f3 lo lindo que ser\u00e1 el pr\u00f3ximo domingo compartir la previa del Salame Quintero, una propuesta para disfrutar en familia de manera libre y gratuita en La Trocha.<\/p>\n\n\n\n<p>Dinova aprovech\u00f3 un encuentro con los medios para invitar a las y los vecinos y visitantes de la regi\u00f3n a esta pre fiesta que se realizar\u00e1 este domingo 8 de junio en el predio de La Trocha, con entrada libre y gratuita, \u201ca partir de las 10 de la ma\u00f1ana, vamos a empezar la tercera edici\u00f3n de la pre fiesta\u201d explic\u00f3, agregando que este a\u00f1o se celebra los 50 a\u00f1os de su realizaci\u00f3n\u201d<\/p>\n\n\n\n<p>\u201cVamos a tener en el predio de La Trocha, en el galp\u00f3n principal, a los productores, exhibiendo su producci\u00f3n. Y a partir del galp\u00f3n vamos a ir montando un gran evento\u201d dijo el director de turismo que resalt\u00f3 la gran inscripci\u00f3n para participar de la misma: fue muy alta la convocatorio y eso tambi\u00e9n habla de que importante son las fiestas populares que en Mercedes son generadoras de trabajo\u201d y termin\u00f3 agregando \u201ces una excusa, un momento, para poder hablar de la producci\u00f3n local: vamos a tener la feria de artesanos, de micro emprendimientos, de otros sectores productivos. Vamos a tener arte, cultura, m\u00fasica. Es una jornada para pasar en familia\u201d.<\/p>\n\n\n\n<p>Habr\u00e1 espect\u00e1culos para disfrutar, contando con la participaci\u00f3n desde las 12hs de <strong>Mala Memoria, Amarilys D\u00edas y los Fabulosos, Tren Misterioso, Maximiliano G\u00f3mez, Jo Marcely La Ezze Band. \u00a0<\/strong><\/p>\n","protected":false},"excerpt":{"rendered":"<p>El director de Turismo, Francisco Dinova, destac\u00f3 lo lindo que ser\u00e1 el pr\u00f3ximo domingo compartir la previa del Salame Quintero, &#8230; <a title=\"Libre y gratuita se viene la previa del salame quintero\" class=\"read-more\" href=\"https:\/\/www.hoymercedes.com.ar\/principal\/2025\/06\/04\/fran-dinova-se-viene-la-previa-del-salame-quintero\/\" aria-label=\"Leer m\u00e1s sobre Libre y gratuita se viene la previa del salame quintero\">Leer m\u00e1s<\/a><\/p>\n","protected":false},"author":1,"featured_media":185065,"comment_status":"closed","ping_status":"open","sticky":false,"template":"","format":"standard","meta":{"_monsterinsights_skip_tracking":false,"_monsterinsights_sitenote_active":false,"_monsterinsights_sitenote_note":"","_monsterinsights_sitenote_category":0,"jetpack_post_was_ever_published":false,"_jetpack_newsletter_access":"","_jetpack_dont_email_post_to_subs":false,"_jetpack_newsletter_tier_id":0,"_jetpack_memberships_contains_paywalled_content":false,"_jetpack_memberships_contains_paid_content":false,"footnotes":"","jetpack_publicize_message":"","jetpack_publicize_feature_enabled":true,"jetpack_social_post_already_shared":true,"jetpack_social_options":{"image_generator_settings":{"template":"highway","enabled":false},"version":2},"_wpas_customize_per_network":false},"categories":[8],"tags":[18777,405],"class_list":["post-185064","post","type-post","status-publish","format-standard","has-post-thumbnail","hentry","category-sociedad","tag-previa-del-salame","tag-turismo-en-mercedes","generate-columns","tablet-grid-50","mobile-grid-100","grid-parent","grid-50"],"jetpack_publicize_connections":[],"jetpack_featured_media_url":"https:\/\/www.hoymercedes.com.ar\/principal\/wp-content\/uploads\/2025\/06\/0H0A3655.jpg","wps_subtitle":"Fiestas Populares","jetpack_sharing_enabled":true,"_links":{"self":[{"href":"https:\/\/www.hoymercedes.com.ar\/principal\/wp-json\/wp\/v2\/posts\/185064","targetHints":{"allow":["GET"]}}],"collection":[{"href":"https:\/\/www.hoymercedes.com.ar\/principal\/wp-json\/wp\/v2\/posts"}],"about":[{"href":"https:\/\/www.hoymercedes.com.ar\/principal\/wp-json\/wp\/v2\/types\/post"}],"author":[{"embeddable":true,"href":"https:\/\/www.hoymercedes.com.ar\/principal\/wp-json\/wp\/v2\/users\/1"}],"replies":[{"embeddable":true,"href":"https:\/\/www.hoymercedes.com.ar\/principal\/wp-json\/wp\/v2\/comments?post=185064"}],"version-history":[{"count":6,"href":"https:\/\/www.hoymercedes.com.ar\/principal\/wp-json\/wp\/v2\/posts\/185064\/revisions"}],"predecessor-version":[{"id":185071,"href":"https:\/\/www.hoymercedes.com.ar\/principal\/wp-json\/wp\/v2\/posts\/185064\/revisions\/185071"}],"wp:featuredmedia":[{"embeddable":true,"href":"https:\/\/www.hoymercedes.com.ar\/principal\/wp-json\/wp\/v2\/media\/185065"}],"wp:attachment":[{"href":"https:\/\/www.hoymercedes.com.ar\/principal\/wp-json\/wp\/v2\/media?parent=185064"}],"wp:term":[{"taxonomy":"category","embeddable":true,"href":"https:\/\/www.hoymercedes.com.ar\/principal\/wp-json\/wp\/v2\/categories?post=185064"},{"taxonomy":"post_tag","embeddable":true,"href":"https:\/\/www.hoymercedes.com.ar\/principal\/wp-json\/wp\/v2\/tags?post=185064"}],"curies":[{"name":"wp","href":"https:\/\/api.w.org\/{rel}","templated":true}]}}