{"id":185088,"date":"2025-06-05T08:05:00","date_gmt":"2025-06-05T11:05:00","guid":{"rendered":"https:\/\/www.hoymercedes.com.ar\/principal\/?p=185088"},"modified":"2025-06-04T23:19:36","modified_gmt":"2025-06-05T02:19:36","slug":"secundarios-reflexionaron-en-el-10-aniversario-del-niunamenos","status":"publish","type":"post","link":"https:\/\/www.hoymercedes.com.ar\/principal\/2025\/06\/05\/secundarios-reflexionaron-en-el-10-aniversario-del-niunamenos\/","title":{"rendered":"Secundarios reflexionaron en el 10 aniversario del #NiUnaMenos"},"content":{"rendered":"\n<figure class=\"wp-block-image size-large\"><img loading=\"lazy\" decoding=\"async\" width=\"1024\" height=\"683\" data-attachment-id=\"185089\" data-permalink=\"https:\/\/www.hoymercedes.com.ar\/principal\/2025\/06\/05\/secundarios-reflexionaron-en-el-10-aniversario-del-niunamenos\/26-37\/#main\" data-orig-file=\"https:\/\/www.hoymercedes.com.ar\/principal\/wp-content\/uploads\/2025\/06\/26-scaled.jpeg\" data-orig-size=\"2560,1707\" data-comments-opened=\"0\" data-image-meta=\"{&quot;aperture&quot;:&quot;0&quot;,&quot;credit&quot;:&quot;&quot;,&quot;camera&quot;:&quot;&quot;,&quot;caption&quot;:&quot;&quot;,&quot;created_timestamp&quot;:&quot;0&quot;,&quot;copyright&quot;:&quot;&quot;,&quot;focal_length&quot;:&quot;0&quot;,&quot;iso&quot;:&quot;0&quot;,&quot;shutter_speed&quot;:&quot;0&quot;,&quot;title&quot;:&quot;&quot;,&quot;orientation&quot;:&quot;0&quot;}\" data-image-title=\"Ni una menos &amp;#8211; Mercedes &amp;#8211; 2025\" data-image-description=\"&lt;p&gt;Ni una menos &amp;#8211; Mercedes &amp;#8211; 2025 &lt;\/p&gt;\n\" data-image-caption=\"&lt;p&gt;Ni una menos &amp;#8211; Mercedes &amp;#8211; 2025 &lt;\/p&gt;\n\" data-large-file=\"https:\/\/www.hoymercedes.com.ar\/principal\/wp-content\/uploads\/2025\/06\/26-1024x683.jpeg\" src=\"https:\/\/www.hoymercedes.com.ar\/principal\/wp-content\/uploads\/2025\/06\/26-1024x683.jpeg\" alt=\"\" class=\"wp-image-185089\" srcset=\"https:\/\/www.hoymercedes.com.ar\/principal\/wp-content\/uploads\/2025\/06\/26-1024x683.jpeg 1024w, https:\/\/www.hoymercedes.com.ar\/principal\/wp-content\/uploads\/2025\/06\/26-630x420.jpeg 630w, https:\/\/www.hoymercedes.com.ar\/principal\/wp-content\/uploads\/2025\/06\/26-150x100.jpeg 150w, https:\/\/www.hoymercedes.com.ar\/principal\/wp-content\/uploads\/2025\/06\/26-1536x1024.jpeg 1536w, https:\/\/www.hoymercedes.com.ar\/principal\/wp-content\/uploads\/2025\/06\/26-2048x1366.jpeg 2048w\" sizes=\"auto, (max-width: 1024px) 100vw, 1024px\" \/><\/figure>\n\n\n\n<p>Se llev\u00f3 adelante una nueva jornada en el marco del <strong>D\u00eda de la Acci\u00f3n Colectiva contra los Feminicidios y Transfemicidios<\/strong>, que conmemora la primera marcha que dio inicio al movimiento <strong>\u201cNi Una Menos\u201d,<\/strong> el d\u00eda 3 de junio del 2015.<\/p>\n\n\n\n<p>La propuesta de este a\u00f1o fue trabajar articuladamente con estudiantes de escuelas secundarias. Fueron ellos y ellas, a trav\u00e9s del acompa\u00f1amiento de referentes educativos, quienes produjeron los contenidos (m\u00fasica en vivo, instalaciones, lectura de poemas, grabaci\u00f3n de podcast, entre otros) y los compartieron con el resto de las instituciones educativas en el Teatro Argentino.<\/p>\n\n\n\n<p>Esta fecha nos invita a reflexionar y repensar nuestras formas de vincularnos, de habitar el mundo y de cuidar nuestras relaciones.<\/p>\n\n\n\n<p><strong>Actividad<\/strong><\/p>\n\n\n\n<p>La actividad cont\u00f3 con un impulso desde <strong>la Direcci\u00f3n de Pol\u00edticas y de G\u00e9nero y Diversidades<\/strong>, en colaboraci\u00f3n de distintas \u00e1reas, tales como la <strong>Secretar\u00eda de Educaci\u00f3n, la Direcci\u00f3n de Ni\u00f1ez y Adolescencia y la Direcci\u00f3n de Cultura.<\/strong><\/p>\n\n\n\n<p>Bajo el lema \u201cCuid\u00e1 a quien ten\u00e9s al lado\u201d, este encuentro propuso la uni\u00f3n, la empat\u00eda, la escucha y la ternura como una hermosa y profunda manera de vivir la vida.<\/p>\n\n\n\n<p>Para el intendente <strong>Juan I. Ustarroz<\/strong> ha sido una gran jornada, con un rol protag\u00f3nico de las y los j\u00f3venes, quienes son claves para la construcci\u00f3n de una sociedad mejor, m\u00e1s inclusiva, sin violencias por razones de g\u00e9nero.<\/p>\n\n\n\n<figure class=\"wp-block-image size-large\"><img loading=\"lazy\" decoding=\"async\" width=\"1024\" height=\"682\" data-attachment-id=\"185090\" data-permalink=\"https:\/\/www.hoymercedes.com.ar\/principal\/2025\/06\/05\/secundarios-reflexionaron-en-el-10-aniversario-del-niunamenos\/29-34\/#main\" data-orig-file=\"https:\/\/www.hoymercedes.com.ar\/principal\/wp-content\/uploads\/2025\/06\/29.jpg\" data-orig-size=\"1319,879\" data-comments-opened=\"0\" data-image-meta=\"{&quot;aperture&quot;:&quot;0&quot;,&quot;credit&quot;:&quot;&quot;,&quot;camera&quot;:&quot;&quot;,&quot;caption&quot;:&quot;&quot;,&quot;created_timestamp&quot;:&quot;0&quot;,&quot;copyright&quot;:&quot;&quot;,&quot;focal_length&quot;:&quot;0&quot;,&quot;iso&quot;:&quot;0&quot;,&quot;shutter_speed&quot;:&quot;0&quot;,&quot;title&quot;:&quot;&quot;,&quot;orientation&quot;:&quot;0&quot;}\" data-image-title=\"Ni una menos &amp;#8211; Mercedes &amp;#8211; 2025\" data-image-description=\"&lt;p&gt;Ni una menos &amp;#8211; Mercedes &amp;#8211; 2025 &lt;\/p&gt;\n\" data-image-caption=\"&lt;p&gt;Ni una menos &amp;#8211; Mercedes &amp;#8211; 2025 &lt;\/p&gt;\n\" data-large-file=\"https:\/\/www.hoymercedes.com.ar\/principal\/wp-content\/uploads\/2025\/06\/29-1024x682.jpg\" src=\"https:\/\/www.hoymercedes.com.ar\/principal\/wp-content\/uploads\/2025\/06\/29-1024x682.jpg\" alt=\"\" class=\"wp-image-185090\" srcset=\"https:\/\/www.hoymercedes.com.ar\/principal\/wp-content\/uploads\/2025\/06\/29-1024x682.jpg 1024w, https:\/\/www.hoymercedes.com.ar\/principal\/wp-content\/uploads\/2025\/06\/29-630x420.jpg 630w, https:\/\/www.hoymercedes.com.ar\/principal\/wp-content\/uploads\/2025\/06\/29-150x100.jpg 150w, https:\/\/www.hoymercedes.com.ar\/principal\/wp-content\/uploads\/2025\/06\/29-700x465.jpg 700w, https:\/\/www.hoymercedes.com.ar\/principal\/wp-content\/uploads\/2025\/06\/29.jpg 1319w\" sizes=\"auto, (max-width: 1024px) 100vw, 1024px\" \/><\/figure>\n\n\n\n<p>Por su parte, la directora del \u00e1rea de G\u00e9neros y Diversidad<strong>, Guadalupe Gonz\u00e1lez<\/strong> manifest\u00f3: \u201cNos alegra y alienta que los chicos y chicas de las secundarias se hayan comprometido junto a sus profesoras y profesores en este d\u00eda tan significativo. Tuvimos la oportunidad de escucharlos y observar c\u00f3mo trabajan en relaci\u00f3n a la prevenci\u00f3n de las violencias. Este es un trabajo que debemos continuar, a trav\u00e9s de diferentes modalidades pero con un \u00fanico objetivo, promover el buen trato, la diversidad de modos de ser y sentir en comunidad, libres de violencias\u201d.<\/p>\n\n\n\n<p><strong>Propuesta<\/strong><\/p>\n\n\n\n<p>La propuesta se inici\u00f3 este 3 de junio a las 10hs, con un corte al mediod\u00eda y se retom\u00f3 a las 14hs para finalizar a las 16hs, contemplando as\u00ed un horario amplio y la participaci\u00f3n de ambos turnos de los colegios e instituciones educativas, grandes protagonistas de la actividad social, cultural y educativa, a trav\u00e9s de sus \u00faltimos a\u00f1os.<\/p>\n\n\n\n<figure class=\"wp-block-image size-large\"><img loading=\"lazy\" decoding=\"async\" width=\"1024\" height=\"682\" data-attachment-id=\"185091\" data-permalink=\"https:\/\/www.hoymercedes.com.ar\/principal\/2025\/06\/05\/secundarios-reflexionaron-en-el-10-aniversario-del-niunamenos\/24-35\/#main\" data-orig-file=\"https:\/\/www.hoymercedes.com.ar\/principal\/wp-content\/uploads\/2025\/06\/24.jpg\" data-orig-size=\"1319,879\" data-comments-opened=\"0\" data-image-meta=\"{&quot;aperture&quot;:&quot;0&quot;,&quot;credit&quot;:&quot;&quot;,&quot;camera&quot;:&quot;&quot;,&quot;caption&quot;:&quot;&quot;,&quot;created_timestamp&quot;:&quot;0&quot;,&quot;copyright&quot;:&quot;&quot;,&quot;focal_length&quot;:&quot;0&quot;,&quot;iso&quot;:&quot;0&quot;,&quot;shutter_speed&quot;:&quot;0&quot;,&quot;title&quot;:&quot;&quot;,&quot;orientation&quot;:&quot;0&quot;}\" data-image-title=\"Ni una menos &amp;#8211; Mercedes &amp;#8211; 2025\" data-image-description=\"\" data-image-caption=\"&lt;p&gt;Ni una menos &amp;#8211; Mercedes &amp;#8211; 2025 &lt;\/p&gt;\n\" data-large-file=\"https:\/\/www.hoymercedes.com.ar\/principal\/wp-content\/uploads\/2025\/06\/24-1024x682.jpg\" src=\"https:\/\/www.hoymercedes.com.ar\/principal\/wp-content\/uploads\/2025\/06\/24-1024x682.jpg\" alt=\"\" class=\"wp-image-185091\" srcset=\"https:\/\/www.hoymercedes.com.ar\/principal\/wp-content\/uploads\/2025\/06\/24-1024x682.jpg 1024w, https:\/\/www.hoymercedes.com.ar\/principal\/wp-content\/uploads\/2025\/06\/24-630x420.jpg 630w, https:\/\/www.hoymercedes.com.ar\/principal\/wp-content\/uploads\/2025\/06\/24-150x100.jpg 150w, https:\/\/www.hoymercedes.com.ar\/principal\/wp-content\/uploads\/2025\/06\/24-700x465.jpg 700w, https:\/\/www.hoymercedes.com.ar\/principal\/wp-content\/uploads\/2025\/06\/24.jpg 1319w\" sizes=\"auto, (max-width: 1024px) 100vw, 1024px\" \/><\/figure>\n\n\n\n<figure class=\"wp-block-image size-large\"><img loading=\"lazy\" decoding=\"async\" width=\"1024\" height=\"682\" data-attachment-id=\"185092\" data-permalink=\"https:\/\/www.hoymercedes.com.ar\/principal\/2025\/06\/05\/secundarios-reflexionaron-en-el-10-aniversario-del-niunamenos\/27-34\/#main\" data-orig-file=\"https:\/\/www.hoymercedes.com.ar\/principal\/wp-content\/uploads\/2025\/06\/27.jpg\" data-orig-size=\"1319,879\" data-comments-opened=\"0\" data-image-meta=\"{&quot;aperture&quot;:&quot;0&quot;,&quot;credit&quot;:&quot;&quot;,&quot;camera&quot;:&quot;&quot;,&quot;caption&quot;:&quot;&quot;,&quot;created_timestamp&quot;:&quot;0&quot;,&quot;copyright&quot;:&quot;&quot;,&quot;focal_length&quot;:&quot;0&quot;,&quot;iso&quot;:&quot;0&quot;,&quot;shutter_speed&quot;:&quot;0&quot;,&quot;title&quot;:&quot;&quot;,&quot;orientation&quot;:&quot;0&quot;}\" data-image-title=\"Ni una menos &amp;#8211; Mercedes &amp;#8211; 2025\" data-image-description=\"&lt;p&gt;Ni una menos &amp;#8211; Mercedes &amp;#8211; 2025 &lt;\/p&gt;\n\" data-image-caption=\"&lt;p&gt;Ni una menos &amp;#8211; Mercedes &amp;#8211; 2025 &lt;\/p&gt;\n\" data-large-file=\"https:\/\/www.hoymercedes.com.ar\/principal\/wp-content\/uploads\/2025\/06\/27-1024x682.jpg\" src=\"https:\/\/www.hoymercedes.com.ar\/principal\/wp-content\/uploads\/2025\/06\/27-1024x682.jpg\" alt=\"\" class=\"wp-image-185092\" srcset=\"https:\/\/www.hoymercedes.com.ar\/principal\/wp-content\/uploads\/2025\/06\/27-1024x682.jpg 1024w, https:\/\/www.hoymercedes.com.ar\/principal\/wp-content\/uploads\/2025\/06\/27-630x420.jpg 630w, https:\/\/www.hoymercedes.com.ar\/principal\/wp-content\/uploads\/2025\/06\/27-150x100.jpg 150w, https:\/\/www.hoymercedes.com.ar\/principal\/wp-content\/uploads\/2025\/06\/27-700x465.jpg 700w, https:\/\/www.hoymercedes.com.ar\/principal\/wp-content\/uploads\/2025\/06\/27.jpg 1319w\" sizes=\"auto, (max-width: 1024px) 100vw, 1024px\" \/><\/figure>\n\n\n\n<figure class=\"wp-block-image size-large\"><img loading=\"lazy\" decoding=\"async\" width=\"1024\" height=\"682\" data-attachment-id=\"185093\" data-permalink=\"https:\/\/www.hoymercedes.com.ar\/principal\/2025\/06\/05\/secundarios-reflexionaron-en-el-10-aniversario-del-niunamenos\/28-33\/#main\" data-orig-file=\"https:\/\/www.hoymercedes.com.ar\/principal\/wp-content\/uploads\/2025\/06\/28.jpg\" data-orig-size=\"1319,879\" data-comments-opened=\"0\" data-image-meta=\"{&quot;aperture&quot;:&quot;0&quot;,&quot;credit&quot;:&quot;&quot;,&quot;camera&quot;:&quot;&quot;,&quot;caption&quot;:&quot;&quot;,&quot;created_timestamp&quot;:&quot;0&quot;,&quot;copyright&quot;:&quot;&quot;,&quot;focal_length&quot;:&quot;0&quot;,&quot;iso&quot;:&quot;0&quot;,&quot;shutter_speed&quot;:&quot;0&quot;,&quot;title&quot;:&quot;&quot;,&quot;orientation&quot;:&quot;0&quot;}\" data-image-title=\"Ni una menos &amp;#8211; Mercedes &amp;#8211; 2025\" data-image-description=\"&lt;p&gt;Ni una menos &amp;#8211; Mercedes &amp;#8211; 2025 &lt;\/p&gt;\n\" data-image-caption=\"&lt;p&gt;Ni una menos &amp;#8211; Mercedes &amp;#8211; 2025 &lt;\/p&gt;\n\" data-large-file=\"https:\/\/www.hoymercedes.com.ar\/principal\/wp-content\/uploads\/2025\/06\/28-1024x682.jpg\" src=\"https:\/\/www.hoymercedes.com.ar\/principal\/wp-content\/uploads\/2025\/06\/28-1024x682.jpg\" alt=\"\" class=\"wp-image-185093\" srcset=\"https:\/\/www.hoymercedes.com.ar\/principal\/wp-content\/uploads\/2025\/06\/28-1024x682.jpg 1024w, https:\/\/www.hoymercedes.com.ar\/principal\/wp-content\/uploads\/2025\/06\/28-630x420.jpg 630w, https:\/\/www.hoymercedes.com.ar\/principal\/wp-content\/uploads\/2025\/06\/28-150x100.jpg 150w, https:\/\/www.hoymercedes.com.ar\/principal\/wp-content\/uploads\/2025\/06\/28-700x465.jpg 700w, https:\/\/www.hoymercedes.com.ar\/principal\/wp-content\/uploads\/2025\/06\/28.jpg 1319w\" sizes=\"auto, (max-width: 1024px) 100vw, 1024px\" \/><\/figure>\n","protected":false},"excerpt":{"rendered":"<p>Se llev\u00f3 adelante una nueva jornada en el marco del D\u00eda de la Acci\u00f3n Colectiva contra los Feminicidios y Transfemicidios, &#8230; <a title=\"Secundarios reflexionaron en el 10 aniversario del #NiUnaMenos\" class=\"read-more\" href=\"https:\/\/www.hoymercedes.com.ar\/principal\/2025\/06\/05\/secundarios-reflexionaron-en-el-10-aniversario-del-niunamenos\/\" aria-label=\"Leer m\u00e1s sobre Secundarios reflexionaron en el 10 aniversario del #NiUnaMenos\">Leer m\u00e1s<\/a><\/p>\n","protected":false},"author":1,"featured_media":185091,"comment_status":"closed","ping_status":"open","sticky":false,"template":"","format":"standard","meta":{"_monsterinsights_skip_tracking":false,"_monsterinsights_sitenote_active":false,"_monsterinsights_sitenote_note":"","_monsterinsights_sitenote_category":0,"jetpack_post_was_ever_published":false,"_jetpack_newsletter_access":"","_jetpack_dont_email_post_to_subs":false,"_jetpack_newsletter_tier_id":0,"_jetpack_memberships_contains_paywalled_content":false,"_jetpack_memberships_contains_paid_content":false,"footnotes":"","jetpack_publicize_message":"","jetpack_publicize_feature_enabled":true,"jetpack_social_post_already_shared":true,"jetpack_social_options":{"image_generator_settings":{"template":"highway","default_image_id":0,"enabled":false},"version":2},"_wpas_customize_per_network":false},"categories":[8],"tags":[],"class_list":["post-185088","post","type-post","status-publish","format-standard","has-post-thumbnail","hentry","category-sociedad","generate-columns","tablet-grid-50","mobile-grid-100","grid-parent","grid-50"],"jetpack_publicize_connections":[],"jetpack_featured_media_url":"https:\/\/www.hoymercedes.com.ar\/principal\/wp-content\/uploads\/2025\/06\/24.jpg","wps_subtitle":"Luchas sociales","jetpack_sharing_enabled":true,"_links":{"self":[{"href":"https:\/\/www.hoymercedes.com.ar\/principal\/wp-json\/wp\/v2\/posts\/185088","targetHints":{"allow":["GET"]}}],"collection":[{"href":"https:\/\/www.hoymercedes.com.ar\/principal\/wp-json\/wp\/v2\/posts"}],"about":[{"href":"https:\/\/www.hoymercedes.com.ar\/principal\/wp-json\/wp\/v2\/types\/post"}],"author":[{"embeddable":true,"href":"https:\/\/www.hoymercedes.com.ar\/principal\/wp-json\/wp\/v2\/users\/1"}],"replies":[{"embeddable":true,"href":"https:\/\/www.hoymercedes.com.ar\/principal\/wp-json\/wp\/v2\/comments?post=185088"}],"version-history":[{"count":3,"href":"https:\/\/www.hoymercedes.com.ar\/principal\/wp-json\/wp\/v2\/posts\/185088\/revisions"}],"predecessor-version":[{"id":185096,"href":"https:\/\/www.hoymercedes.com.ar\/principal\/wp-json\/wp\/v2\/posts\/185088\/revisions\/185096"}],"wp:featuredmedia":[{"embeddable":true,"href":"https:\/\/www.hoymercedes.com.ar\/principal\/wp-json\/wp\/v2\/media\/185091"}],"wp:attachment":[{"href":"https:\/\/www.hoymercedes.com.ar\/principal\/wp-json\/wp\/v2\/media?parent=185088"}],"wp:term":[{"taxonomy":"category","embeddable":true,"href":"https:\/\/www.hoymercedes.com.ar\/principal\/wp-json\/wp\/v2\/categories?post=185088"},{"taxonomy":"post_tag","embeddable":true,"href":"https:\/\/www.hoymercedes.com.ar\/principal\/wp-json\/wp\/v2\/tags?post=185088"}],"curies":[{"name":"wp","href":"https:\/\/api.w.org\/{rel}","templated":true}]}}