{"id":185100,"date":"2025-06-05T15:05:17","date_gmt":"2025-06-05T18:05:17","guid":{"rendered":"https:\/\/www.hoymercedes.com.ar\/principal\/?p=185100"},"modified":"2025-06-05T15:27:56","modified_gmt":"2025-06-05T18:27:56","slug":"la-cem-en-encuntro-para-formacion-de-empresarios-pyme","status":"publish","type":"post","link":"https:\/\/www.hoymercedes.com.ar\/principal\/2025\/06\/05\/la-cem-en-encuntro-para-formacion-de-empresarios-pyme\/","title":{"rendered":"La CEM en encuentro para formaci\u00f3n de empresarios PyME"},"content":{"rendered":"\n<p>Representantes de la C\u00e1mara Econ\u00f3mica Mercedina (CEM) participaron del 1\u00ba Encuentro de Formaci\u00f3n para Empresarios PyME, una jornada centrada en la gesti\u00f3n estrat\u00e9gica, el liderazgo y la toma de decisiones, con el objetivo de fortalecer el entramado productivo nacional.<\/p>\n\n\n<div class=\"wp-block-image\">\n<figure class=\"aligncenter size-large\"><img loading=\"lazy\" decoding=\"async\" width=\"1024\" height=\"576\" data-attachment-id=\"185101\" data-permalink=\"https:\/\/www.hoymercedes.com.ar\/principal\/2025\/06\/05\/la-cem-en-encuntro-para-formacion-de-empresarios-pyme\/whatsapp-image-2025-06-03-at-21-12-42\/#main\" data-orig-file=\"https:\/\/www.hoymercedes.com.ar\/principal\/wp-content\/uploads\/2025\/06\/WhatsApp-Image-2025-06-03-at-21.12.42.jpeg\" data-orig-size=\"1600,900\" data-comments-opened=\"0\" data-image-meta=\"{&quot;aperture&quot;:&quot;0&quot;,&quot;credit&quot;:&quot;&quot;,&quot;camera&quot;:&quot;&quot;,&quot;caption&quot;:&quot;&quot;,&quot;created_timestamp&quot;:&quot;0&quot;,&quot;copyright&quot;:&quot;&quot;,&quot;focal_length&quot;:&quot;0&quot;,&quot;iso&quot;:&quot;0&quot;,&quot;shutter_speed&quot;:&quot;0&quot;,&quot;title&quot;:&quot;&quot;,&quot;orientation&quot;:&quot;0&quot;}\" data-image-title=\"WhatsApp Image 2025-06-03 at 21.12.42\" data-image-description=\"\" data-image-caption=\"\" data-large-file=\"https:\/\/www.hoymercedes.com.ar\/principal\/wp-content\/uploads\/2025\/06\/WhatsApp-Image-2025-06-03-at-21.12.42-1024x576.jpeg\" src=\"https:\/\/www.hoymercedes.com.ar\/principal\/wp-content\/uploads\/2025\/06\/WhatsApp-Image-2025-06-03-at-21.12.42-1024x576.jpeg\" alt=\"\" class=\"wp-image-185101\" srcset=\"https:\/\/www.hoymercedes.com.ar\/principal\/wp-content\/uploads\/2025\/06\/WhatsApp-Image-2025-06-03-at-21.12.42-1024x576.jpeg 1024w, https:\/\/www.hoymercedes.com.ar\/principal\/wp-content\/uploads\/2025\/06\/WhatsApp-Image-2025-06-03-at-21.12.42-630x354.jpeg 630w, https:\/\/www.hoymercedes.com.ar\/principal\/wp-content\/uploads\/2025\/06\/WhatsApp-Image-2025-06-03-at-21.12.42-150x84.jpeg 150w, https:\/\/www.hoymercedes.com.ar\/principal\/wp-content\/uploads\/2025\/06\/WhatsApp-Image-2025-06-03-at-21.12.42-1536x864.jpeg 1536w, https:\/\/www.hoymercedes.com.ar\/principal\/wp-content\/uploads\/2025\/06\/WhatsApp-Image-2025-06-03-at-21.12.42.jpeg 1600w\" sizes=\"auto, (max-width: 1024px) 100vw, 1024px\" \/><\/figure>\n<\/div>\n\n\n<p>El presidente de la CEM, Federico Sirch, el tesorero Lisandro Pin y el gerente general y consejero de CAME, Ariel Pietrucha, representaron a la instituci\u00f3n local en este espacio de formaci\u00f3n junto a referentes de entidades empresariales de todo el pa\u00eds. Tambi\u00e9n estuvo presente Camilo Kahale, presidente de la Federaci\u00f3n Econ\u00f3mica de la provincia de Buenos Aires (FEBA) y vicepresidente de CAME.<\/p>\n\n\n\n<p>El evento cont\u00f3 con la participaci\u00f3n de especialistas del Instituto Tecnol\u00f3gico de Buenos Aires (ITBA) y de la Fundaci\u00f3n Dom Cabral de Brasil, instituci\u00f3n reconocida internacionalmente por su trayectoria en la formaci\u00f3n de l\u00edderes empresariales. A lo largo de la jornada se compartieron herramientas clave para mejorar la competitividad y fomentar el desarrollo estrat\u00e9gico de las peque\u00f1as y medianas empresas.<\/p>\n\n\n\n<p>Desde la C\u00e1mara Econ\u00f3mica destacaron que la capacitaci\u00f3n permanente es un eje prioritario para el crecimiento del sector productivo y reafirmaron su compromiso con el acompa\u00f1amiento institucional a los empresarios locales.<\/p>\n","protected":false},"excerpt":{"rendered":"<p>Representantes de la C\u00e1mara Econ\u00f3mica Mercedina (CEM) participaron del 1\u00ba Encuentro de Formaci\u00f3n para Empresarios PyME, una jornada centrada en &#8230; <a title=\"La CEM en encuentro para formaci\u00f3n de empresarios PyME\" class=\"read-more\" href=\"https:\/\/www.hoymercedes.com.ar\/principal\/2025\/06\/05\/la-cem-en-encuntro-para-formacion-de-empresarios-pyme\/\" aria-label=\"Leer m\u00e1s sobre La CEM en encuentro para formaci\u00f3n de empresarios PyME\">Leer m\u00e1s<\/a><\/p>\n","protected":false},"author":1,"featured_media":185101,"comment_status":"closed","ping_status":"open","sticky":false,"template":"","format":"standard","meta":{"_monsterinsights_skip_tracking":false,"_monsterinsights_sitenote_active":false,"_monsterinsights_sitenote_note":"","_monsterinsights_sitenote_category":0,"jetpack_post_was_ever_published":false,"_jetpack_newsletter_access":"","_jetpack_dont_email_post_to_subs":false,"_jetpack_newsletter_tier_id":0,"_jetpack_memberships_contains_paywalled_content":false,"_jetpack_memberships_contains_paid_content":false,"footnotes":"","jetpack_publicize_message":"","jetpack_publicize_feature_enabled":true,"jetpack_social_post_already_shared":false,"jetpack_social_options":{"image_generator_settings":{"template":"highway","default_image_id":0,"enabled":false},"version":2},"_wpas_customize_per_network":false},"categories":[8],"tags":[],"class_list":["post-185100","post","type-post","status-publish","format-standard","has-post-thumbnail","hentry","category-sociedad","generate-columns","tablet-grid-50","mobile-grid-100","grid-parent","grid-50"],"jetpack_publicize_connections":[],"jetpack_featured_media_url":"https:\/\/www.hoymercedes.com.ar\/principal\/wp-content\/uploads\/2025\/06\/WhatsApp-Image-2025-06-03-at-21.12.42.jpeg","wps_subtitle":"","jetpack_sharing_enabled":true,"_links":{"self":[{"href":"https:\/\/www.hoymercedes.com.ar\/principal\/wp-json\/wp\/v2\/posts\/185100","targetHints":{"allow":["GET"]}}],"collection":[{"href":"https:\/\/www.hoymercedes.com.ar\/principal\/wp-json\/wp\/v2\/posts"}],"about":[{"href":"https:\/\/www.hoymercedes.com.ar\/principal\/wp-json\/wp\/v2\/types\/post"}],"author":[{"embeddable":true,"href":"https:\/\/www.hoymercedes.com.ar\/principal\/wp-json\/wp\/v2\/users\/1"}],"replies":[{"embeddable":true,"href":"https:\/\/www.hoymercedes.com.ar\/principal\/wp-json\/wp\/v2\/comments?post=185100"}],"version-history":[{"count":2,"href":"https:\/\/www.hoymercedes.com.ar\/principal\/wp-json\/wp\/v2\/posts\/185100\/revisions"}],"predecessor-version":[{"id":185105,"href":"https:\/\/www.hoymercedes.com.ar\/principal\/wp-json\/wp\/v2\/posts\/185100\/revisions\/185105"}],"wp:featuredmedia":[{"embeddable":true,"href":"https:\/\/www.hoymercedes.com.ar\/principal\/wp-json\/wp\/v2\/media\/185101"}],"wp:attachment":[{"href":"https:\/\/www.hoymercedes.com.ar\/principal\/wp-json\/wp\/v2\/media?parent=185100"}],"wp:term":[{"taxonomy":"category","embeddable":true,"href":"https:\/\/www.hoymercedes.com.ar\/principal\/wp-json\/wp\/v2\/categories?post=185100"},{"taxonomy":"post_tag","embeddable":true,"href":"https:\/\/www.hoymercedes.com.ar\/principal\/wp-json\/wp\/v2\/tags?post=185100"}],"curies":[{"name":"wp","href":"https:\/\/api.w.org\/{rel}","templated":true}]}}