{"id":185166,"date":"2025-06-07T23:55:54","date_gmt":"2025-06-08T02:55:54","guid":{"rendered":"https:\/\/www.hoymercedes.com.ar\/principal\/?p=185166"},"modified":"2025-06-07T23:55:57","modified_gmt":"2025-06-08T02:55:57","slug":"bomberos-voluntarios-conmemoro-su-dia","status":"publish","type":"post","link":"https:\/\/www.hoymercedes.com.ar\/principal\/2025\/06\/07\/bomberos-voluntarios-conmemoro-su-dia\/","title":{"rendered":"Bomberos Voluntarios conmemor\u00f3 su d\u00eda"},"content":{"rendered":"\n<figure class=\"wp-block-image size-large\"><img loading=\"lazy\" decoding=\"async\" width=\"1024\" height=\"682\" data-attachment-id=\"185171\" data-permalink=\"https:\/\/www.hoymercedes.com.ar\/principal\/2025\/06\/07\/bomberos-voluntarios-conmemoro-su-dia\/mario-quaglia\/#main\" data-orig-file=\"https:\/\/www.hoymercedes.com.ar\/principal\/wp-content\/uploads\/2025\/06\/Mario-Quaglia.jpg\" data-orig-size=\"1319,879\" data-comments-opened=\"0\" data-image-meta=\"{&quot;aperture&quot;:&quot;0&quot;,&quot;credit&quot;:&quot;&quot;,&quot;camera&quot;:&quot;&quot;,&quot;caption&quot;:&quot;&quot;,&quot;created_timestamp&quot;:&quot;0&quot;,&quot;copyright&quot;:&quot;&quot;,&quot;focal_length&quot;:&quot;0&quot;,&quot;iso&quot;:&quot;0&quot;,&quot;shutter_speed&quot;:&quot;0&quot;,&quot;title&quot;:&quot;&quot;,&quot;orientation&quot;:&quot;0&quot;}\" data-image-title=\"Mario Quaglia\" data-image-description=\"&lt;p&gt;Bomberos conmemoraron su d\u00eda y present\u00f3 nueva unidad &lt;\/p&gt;\n\" data-image-caption=\"&lt;p&gt;Bomberos conmemoraron su d\u00eda y present\u00f3 nueva unidad &lt;\/p&gt;\n\" data-large-file=\"https:\/\/www.hoymercedes.com.ar\/principal\/wp-content\/uploads\/2025\/06\/Mario-Quaglia-1024x682.jpg\" src=\"https:\/\/www.hoymercedes.com.ar\/principal\/wp-content\/uploads\/2025\/06\/Mario-Quaglia-1024x682.jpg\" alt=\"\" class=\"wp-image-185171\" srcset=\"https:\/\/www.hoymercedes.com.ar\/principal\/wp-content\/uploads\/2025\/06\/Mario-Quaglia-1024x682.jpg 1024w, https:\/\/www.hoymercedes.com.ar\/principal\/wp-content\/uploads\/2025\/06\/Mario-Quaglia-630x420.jpg 630w, https:\/\/www.hoymercedes.com.ar\/principal\/wp-content\/uploads\/2025\/06\/Mario-Quaglia-150x100.jpg 150w, https:\/\/www.hoymercedes.com.ar\/principal\/wp-content\/uploads\/2025\/06\/Mario-Quaglia-700x465.jpg 700w, https:\/\/www.hoymercedes.com.ar\/principal\/wp-content\/uploads\/2025\/06\/Mario-Quaglia.jpg 1319w\" sizes=\"auto, (max-width: 1024px) 100vw, 1024px\" \/><\/figure>\n\n\n\n<p>Frente al monumento a los Bomberos en Plaza San Lu\u00eds se llev\u00f3 adelante el tradicional acto protocolar por el d\u00eda del Bombero Voluntario que fue el pasado 2 de junio. El acto cont\u00f3 con una gran cantidad de asistentes. La apertura del acto estuvo a cargo de los integrantes del cuerpo que desfilaron desde el Cuartel hasta el monumento.<\/p>\n\n\n\n<p><strong>Mario Quaglia,<\/strong> jefe del cuerpo, agradeci\u00f3 a quienes acompa\u00f1aron el acto y remarc\u00f3 que tanto el acto como el Cuartel existen gracias al personal, porque \u201cnada se podr\u00eda hacer si no existiera el personal y la familia que lo acompa\u00f1a. Imposible llevar adelante cualquier instituci\u00f3n si no hay gente que se desempe\u00f1e en este tipo de tareas. As\u00ed que les agradezco a todos y cuando festejemos el D\u00eda del Bombero, festejamos a ellos, al grupo de personas que lleva adelante esta instituci\u00f3n\u201d tras haber narrado la historia de la conformaci\u00f3n del cuerpo tanto a nivel nacional, en La Boca, como as\u00ed tambi\u00e9n luego en Mercedes.<\/p>\n\n\n\n<figure class=\"wp-block-image size-large\"><img loading=\"lazy\" decoding=\"async\" width=\"1024\" height=\"682\" data-attachment-id=\"185168\" data-permalink=\"https:\/\/www.hoymercedes.com.ar\/principal\/2025\/06\/07\/bomberos-voluntarios-conmemoro-su-dia\/dsc04617\/#main\" data-orig-file=\"https:\/\/www.hoymercedes.com.ar\/principal\/wp-content\/uploads\/2025\/06\/DSC04617.jpg\" data-orig-size=\"1319,879\" data-comments-opened=\"0\" data-image-meta=\"{&quot;aperture&quot;:&quot;0&quot;,&quot;credit&quot;:&quot;&quot;,&quot;camera&quot;:&quot;&quot;,&quot;caption&quot;:&quot;&quot;,&quot;created_timestamp&quot;:&quot;0&quot;,&quot;copyright&quot;:&quot;&quot;,&quot;focal_length&quot;:&quot;0&quot;,&quot;iso&quot;:&quot;0&quot;,&quot;shutter_speed&quot;:&quot;0&quot;,&quot;title&quot;:&quot;&quot;,&quot;orientation&quot;:&quot;0&quot;}\" data-image-title=\"Bomberos conmemoraron su d\u00eda y present\u00f3 nueva unidad\" data-image-description=\"&lt;p&gt;Bomberos conmemoraron su d\u00eda y present\u00f3 nueva unidad &lt;\/p&gt;\n\" data-image-caption=\"&lt;p&gt;Bomberos conmemoraron su d\u00eda y present\u00f3 nueva unidad &lt;\/p&gt;\n\" data-large-file=\"https:\/\/www.hoymercedes.com.ar\/principal\/wp-content\/uploads\/2025\/06\/DSC04617-1024x682.jpg\" src=\"https:\/\/www.hoymercedes.com.ar\/principal\/wp-content\/uploads\/2025\/06\/DSC04617-1024x682.jpg\" alt=\"\" class=\"wp-image-185168\" srcset=\"https:\/\/www.hoymercedes.com.ar\/principal\/wp-content\/uploads\/2025\/06\/DSC04617-1024x682.jpg 1024w, https:\/\/www.hoymercedes.com.ar\/principal\/wp-content\/uploads\/2025\/06\/DSC04617-630x420.jpg 630w, https:\/\/www.hoymercedes.com.ar\/principal\/wp-content\/uploads\/2025\/06\/DSC04617-150x100.jpg 150w, https:\/\/www.hoymercedes.com.ar\/principal\/wp-content\/uploads\/2025\/06\/DSC04617-700x465.jpg 700w, https:\/\/www.hoymercedes.com.ar\/principal\/wp-content\/uploads\/2025\/06\/DSC04617.jpg 1319w\" sizes=\"auto, (max-width: 1024px) 100vw, 1024px\" \/><\/figure>\n\n\n\n<p><strong>Jonathan Sirch<\/strong> agradeci\u00f3 \u201ca las instituciones que se acercaron a compartir este d\u00eda con nosotros, a la Comisi\u00f3n Directiva que trabaja todos los d\u00edas para poder brindar los servicios\u201d y \u201cacompa\u00f1ar a ellos con los elementos de protecci\u00f3n personal, para que sepan que est\u00e1n cuidado\u201d<\/p>\n\n\n\n<p>Tambi\u00e9n destac\u00f3 que \u201cen estos d\u00edas empezaremos a construir el so\u00f1ado destacamento de Gowland\u201d sobre el cual el municipio hace poco entreg\u00f3 un subsidio de m\u00e1s de 60 millones para iniciar las tareas.<\/p>\n\n\n\n<p>Mencion\u00f3 que \u201cnos dar\u00e1 una mayor eficacia en cada servicio en la zona de Gowland y alrededores\u201d.<\/p>\n\n\n\n<p>Por su parte, <strong>Mariana San Mart\u00edn<\/strong>, presidenta del Concejo Deliberante, expres\u00f3 a la hora de tomar la palabra expres\u00f3 que \u201cescuchaba reci\u00e9n la palabra voluntad y deseo sumar compromiso, responsabilidad, sacrificio, amor\u201d respecto a su diaria tarea y \u201cenglobando a todas las familias que acompa\u00f1an a las y los bomberos, las y los cadetes, cada integrantes de este prestigioso, respetado y querido Cuerpo\u201d<\/p>\n\n\n\n<figure class=\"wp-block-image size-large\"><img loading=\"lazy\" decoding=\"async\" width=\"1024\" height=\"682\" data-attachment-id=\"185169\" data-permalink=\"https:\/\/www.hoymercedes.com.ar\/principal\/2025\/06\/07\/bomberos-voluntarios-conmemoro-su-dia\/dsc04557\/#main\" data-orig-file=\"https:\/\/www.hoymercedes.com.ar\/principal\/wp-content\/uploads\/2025\/06\/DSC04557.jpg\" data-orig-size=\"1319,879\" data-comments-opened=\"0\" data-image-meta=\"{&quot;aperture&quot;:&quot;0&quot;,&quot;credit&quot;:&quot;&quot;,&quot;camera&quot;:&quot;&quot;,&quot;caption&quot;:&quot;&quot;,&quot;created_timestamp&quot;:&quot;0&quot;,&quot;copyright&quot;:&quot;&quot;,&quot;focal_length&quot;:&quot;0&quot;,&quot;iso&quot;:&quot;0&quot;,&quot;shutter_speed&quot;:&quot;0&quot;,&quot;title&quot;:&quot;&quot;,&quot;orientation&quot;:&quot;0&quot;}\" data-image-title=\"Bomberos conmemoraron su d\u00eda y present\u00f3 nueva unidad\" data-image-description=\"&lt;p&gt;Bomberos conmemoraron su d\u00eda y present\u00f3 nueva unidad &lt;\/p&gt;\n\" data-image-caption=\"&lt;p&gt;Bomberos conmemoraron su d\u00eda y present\u00f3 nueva unidad &lt;\/p&gt;\n\" data-large-file=\"https:\/\/www.hoymercedes.com.ar\/principal\/wp-content\/uploads\/2025\/06\/DSC04557-1024x682.jpg\" src=\"https:\/\/www.hoymercedes.com.ar\/principal\/wp-content\/uploads\/2025\/06\/DSC04557-1024x682.jpg\" alt=\"\" class=\"wp-image-185169\" srcset=\"https:\/\/www.hoymercedes.com.ar\/principal\/wp-content\/uploads\/2025\/06\/DSC04557-1024x682.jpg 1024w, https:\/\/www.hoymercedes.com.ar\/principal\/wp-content\/uploads\/2025\/06\/DSC04557-630x420.jpg 630w, https:\/\/www.hoymercedes.com.ar\/principal\/wp-content\/uploads\/2025\/06\/DSC04557-150x100.jpg 150w, https:\/\/www.hoymercedes.com.ar\/principal\/wp-content\/uploads\/2025\/06\/DSC04557-700x465.jpg 700w, https:\/\/www.hoymercedes.com.ar\/principal\/wp-content\/uploads\/2025\/06\/DSC04557.jpg 1319w\" sizes=\"auto, (max-width: 1024px) 100vw, 1024px\" \/><\/figure>\n\n\n\n<p>Expres\u00f3 \u201ctambi\u00e9n quiero agradecerles por lo que d\u00eda a d\u00eda nos ense\u00f1an\u201d en tiempos donde \u201cbuscan prime la apat\u00eda y el individualismo, donde para muchos est\u00e1 claro nadie se salva solo, y en d\u00edas donde una serie se ha hecho tan famosa, el Eternauta, manifestando los valores en comunidad\u201d.<\/p>\n\n\n\n<p>Antes de finalizar remarc\u00f3 que \u201cdeseamos agradecer. Ellas y ellos nos invitan constantemente a trabajar en comunidad, por el bien com\u00fan, como hace instantes narraban respecto a la delegaci\u00f3n de Gowland\u201d y \u201cme parece que eso es lo que tenemos que tratar de hacer, trabajar en comunidad\u201d.<\/p>\n","protected":false},"excerpt":{"rendered":"<p>Frente al monumento a los Bomberos en Plaza San Lu\u00eds se llev\u00f3 adelante el tradicional acto protocolar por el d\u00eda &#8230; <a title=\"Bomberos Voluntarios conmemor\u00f3 su d\u00eda\" class=\"read-more\" href=\"https:\/\/www.hoymercedes.com.ar\/principal\/2025\/06\/07\/bomberos-voluntarios-conmemoro-su-dia\/\" aria-label=\"Leer m\u00e1s sobre Bomberos Voluntarios conmemor\u00f3 su d\u00eda\">Leer m\u00e1s<\/a><\/p>\n","protected":false},"author":1,"featured_media":185171,"comment_status":"closed","ping_status":"open","sticky":false,"template":"","format":"standard","meta":{"_monsterinsights_skip_tracking":false,"_monsterinsights_sitenote_active":false,"_monsterinsights_sitenote_note":"","_monsterinsights_sitenote_category":0,"jetpack_post_was_ever_published":false,"_jetpack_newsletter_access":"","_jetpack_dont_email_post_to_subs":false,"_jetpack_newsletter_tier_id":0,"_jetpack_memberships_contains_paywalled_content":false,"_jetpack_memberships_contains_paid_content":false,"footnotes":"","jetpack_publicize_message":"","jetpack_publicize_feature_enabled":true,"jetpack_social_post_already_shared":false,"jetpack_social_options":{"image_generator_settings":{"template":"highway","default_image_id":0,"enabled":false},"version":2},"_wpas_customize_per_network":false},"categories":[8],"tags":[3030,18387],"class_list":["post-185166","post","type-post","status-publish","format-standard","has-post-thumbnail","hentry","category-sociedad","tag-bomberos-voluntarios-mercedes","tag-dia-del-bombero-2","generate-columns","tablet-grid-50","mobile-grid-100","grid-parent","grid-50"],"jetpack_publicize_connections":[],"jetpack_featured_media_url":"https:\/\/www.hoymercedes.com.ar\/principal\/wp-content\/uploads\/2025\/06\/Mario-Quaglia.jpg","wps_subtitle":"Instituciones ","jetpack_sharing_enabled":true,"_links":{"self":[{"href":"https:\/\/www.hoymercedes.com.ar\/principal\/wp-json\/wp\/v2\/posts\/185166","targetHints":{"allow":["GET"]}}],"collection":[{"href":"https:\/\/www.hoymercedes.com.ar\/principal\/wp-json\/wp\/v2\/posts"}],"about":[{"href":"https:\/\/www.hoymercedes.com.ar\/principal\/wp-json\/wp\/v2\/types\/post"}],"author":[{"embeddable":true,"href":"https:\/\/www.hoymercedes.com.ar\/principal\/wp-json\/wp\/v2\/users\/1"}],"replies":[{"embeddable":true,"href":"https:\/\/www.hoymercedes.com.ar\/principal\/wp-json\/wp\/v2\/comments?post=185166"}],"version-history":[{"count":2,"href":"https:\/\/www.hoymercedes.com.ar\/principal\/wp-json\/wp\/v2\/posts\/185166\/revisions"}],"predecessor-version":[{"id":185173,"href":"https:\/\/www.hoymercedes.com.ar\/principal\/wp-json\/wp\/v2\/posts\/185166\/revisions\/185173"}],"wp:featuredmedia":[{"embeddable":true,"href":"https:\/\/www.hoymercedes.com.ar\/principal\/wp-json\/wp\/v2\/media\/185171"}],"wp:attachment":[{"href":"https:\/\/www.hoymercedes.com.ar\/principal\/wp-json\/wp\/v2\/media?parent=185166"}],"wp:term":[{"taxonomy":"category","embeddable":true,"href":"https:\/\/www.hoymercedes.com.ar\/principal\/wp-json\/wp\/v2\/categories?post=185166"},{"taxonomy":"post_tag","embeddable":true,"href":"https:\/\/www.hoymercedes.com.ar\/principal\/wp-json\/wp\/v2\/tags?post=185166"}],"curies":[{"name":"wp","href":"https:\/\/api.w.org\/{rel}","templated":true}]}}