{"id":185189,"date":"2025-06-09T10:15:07","date_gmt":"2025-06-09T13:15:07","guid":{"rendered":"https:\/\/www.hoymercedes.com.ar\/principal\/?p=185189"},"modified":"2025-06-09T10:16:23","modified_gmt":"2025-06-09T13:16:23","slug":"domingo-de-previa-del-salame-quintero","status":"publish","type":"post","link":"https:\/\/www.hoymercedes.com.ar\/principal\/2025\/06\/09\/domingo-de-previa-del-salame-quintero\/","title":{"rendered":"Domingo de previa del Salame Quintero"},"content":{"rendered":"\n<p>En la jornada del \u00faltimo domingo, se llev\u00f3 adelante el anticipo de la Fiesta del Salame Quintero. En el predio de La Trocha, los productores de chacinados se dieron cita para brindar un adelanto de lo que ser\u00e1 la fiesta en septiembre. Productores, artesanos y artistas mercedinos de diferentes rubros se sumaron tambi\u00e9n en \u00abla previa\u00bb del Salame Quintero. <\/p>\n\n\n<div class=\"wp-block-image\">\n<figure class=\"aligncenter size-full\"><img loading=\"lazy\" decoding=\"async\" width=\"819\" height=\"546\" data-attachment-id=\"185190\" data-permalink=\"https:\/\/www.hoymercedes.com.ar\/principal\/2025\/06\/09\/domingo-de-previa-del-salame-quintero\/sja_9222\/#main\" data-orig-file=\"https:\/\/www.hoymercedes.com.ar\/principal\/wp-content\/uploads\/2025\/06\/SJA_9222.jpg\" data-orig-size=\"819,546\" data-comments-opened=\"0\" data-image-meta=\"{&quot;aperture&quot;:&quot;0&quot;,&quot;credit&quot;:&quot;&quot;,&quot;camera&quot;:&quot;&quot;,&quot;caption&quot;:&quot;&quot;,&quot;created_timestamp&quot;:&quot;1749398984&quot;,&quot;copyright&quot;:&quot;&quot;,&quot;focal_length&quot;:&quot;0&quot;,&quot;iso&quot;:&quot;0&quot;,&quot;shutter_speed&quot;:&quot;0&quot;,&quot;title&quot;:&quot;&quot;,&quot;orientation&quot;:&quot;0&quot;}\" data-image-title=\"SJA_9222\" data-image-description=\"\" data-image-caption=\"\" data-large-file=\"https:\/\/www.hoymercedes.com.ar\/principal\/wp-content\/uploads\/2025\/06\/SJA_9222.jpg\" src=\"https:\/\/www.hoymercedes.com.ar\/principal\/wp-content\/uploads\/2025\/06\/SJA_9222.jpg\" alt=\"\" class=\"wp-image-185190\" srcset=\"https:\/\/www.hoymercedes.com.ar\/principal\/wp-content\/uploads\/2025\/06\/SJA_9222.jpg 819w, https:\/\/www.hoymercedes.com.ar\/principal\/wp-content\/uploads\/2025\/06\/SJA_9222-630x420.jpg 630w, https:\/\/www.hoymercedes.com.ar\/principal\/wp-content\/uploads\/2025\/06\/SJA_9222-150x100.jpg 150w\" sizes=\"auto, (max-width: 819px) 100vw, 819px\" \/><\/figure>\n<\/div>\n\n\n<p>Los productores de Salame Quintero participaron de la tercera edici\u00f3n en el galp\u00f3n central de La Trocha. Di Pieri, Lossino, Don Quico, Sabores Mercedinos, Viejas Quintas Mercedinas, Chacinados El Mercedino, entre otros, expusieron sus productos para la compra de los visitantes que aprovecharon para comprar una picada chica a 12 mil pesos, o una grande a 25 mil, o la opci\u00f3n de comprar Salame Quintero, quesos u otros chacinados de manera individual. <\/p>\n\n\n\n<p>En el predio, distribuidos en distintos sectores, hubo food trucks locales, as\u00ed como puestos con productos artesanales como panificados, quesos, dulces, cerveza o gin y artesan\u00edas como tejidos, elementos reciclados, productos de maderas, entre varias opciones de emprendimientos locales. <\/p>\n\n\n\n<p>Sobre el escenario actuaron en vivo Mala Memoria, Amarilys D\u00edaz y Los Fabulosos, Tren Misterioso, Taller de danzas folkl\u00f3ricas de Tati Meda, Maximiliano G\u00f3mez, Escuela Municipal Estrella del Sur, Jo Marcel y La Ezze Band. En otro sector del predio se instal\u00f3 Estaci\u00f3n Juego y M\u00e1gica Estaci\u00f3n con propuestas pedag\u00f3gicas y l\u00fadicas.<\/p>\n\n\n\n<p>Cabe destacar que la Fiesta Nacional del Salame Quintero ser\u00e1 el segundo fin de semana de septiembre en el sector nuevo del Parque Municipal Independencia. <\/p>\n\n\n<div class=\"wp-block-image\">\n<figure class=\"aligncenter size-full\"><img loading=\"lazy\" decoding=\"async\" width=\"819\" height=\"546\" data-attachment-id=\"185191\" data-permalink=\"https:\/\/www.hoymercedes.com.ar\/principal\/2025\/06\/09\/domingo-de-previa-del-salame-quintero\/dsc04483\/#main\" data-orig-file=\"https:\/\/www.hoymercedes.com.ar\/principal\/wp-content\/uploads\/2025\/06\/DSC04483.jpg\" data-orig-size=\"819,546\" data-comments-opened=\"0\" data-image-meta=\"{&quot;aperture&quot;:&quot;0&quot;,&quot;credit&quot;:&quot;&quot;,&quot;camera&quot;:&quot;&quot;,&quot;caption&quot;:&quot;&quot;,&quot;created_timestamp&quot;:&quot;1749380996&quot;,&quot;copyright&quot;:&quot;&quot;,&quot;focal_length&quot;:&quot;0&quot;,&quot;iso&quot;:&quot;0&quot;,&quot;shutter_speed&quot;:&quot;0&quot;,&quot;title&quot;:&quot;&quot;,&quot;orientation&quot;:&quot;0&quot;}\" data-image-title=\"DSC04483\" data-image-description=\"\" data-image-caption=\"\" data-large-file=\"https:\/\/www.hoymercedes.com.ar\/principal\/wp-content\/uploads\/2025\/06\/DSC04483.jpg\" src=\"https:\/\/www.hoymercedes.com.ar\/principal\/wp-content\/uploads\/2025\/06\/DSC04483.jpg\" alt=\"\" class=\"wp-image-185191\" srcset=\"https:\/\/www.hoymercedes.com.ar\/principal\/wp-content\/uploads\/2025\/06\/DSC04483.jpg 819w, https:\/\/www.hoymercedes.com.ar\/principal\/wp-content\/uploads\/2025\/06\/DSC04483-630x420.jpg 630w, https:\/\/www.hoymercedes.com.ar\/principal\/wp-content\/uploads\/2025\/06\/DSC04483-150x100.jpg 150w\" sizes=\"auto, (max-width: 819px) 100vw, 819px\" \/><\/figure>\n<\/div>","protected":false},"excerpt":{"rendered":"<p>En la jornada del \u00faltimo domingo, se llev\u00f3 adelante el anticipo de la Fiesta del Salame Quintero. En el predio &#8230; <a title=\"Domingo de previa del Salame Quintero\" class=\"read-more\" href=\"https:\/\/www.hoymercedes.com.ar\/principal\/2025\/06\/09\/domingo-de-previa-del-salame-quintero\/\" aria-label=\"Leer m\u00e1s sobre Domingo de previa del Salame Quintero\">Leer m\u00e1s<\/a><\/p>\n","protected":false},"author":1,"featured_media":185191,"comment_status":"closed","ping_status":"open","sticky":false,"template":"","format":"standard","meta":{"_monsterinsights_skip_tracking":false,"_monsterinsights_sitenote_active":false,"_monsterinsights_sitenote_note":"","_monsterinsights_sitenote_category":0,"jetpack_post_was_ever_published":false,"_jetpack_newsletter_access":"","_jetpack_dont_email_post_to_subs":false,"_jetpack_newsletter_tier_id":0,"_jetpack_memberships_contains_paywalled_content":false,"_jetpack_memberships_contains_paid_content":false,"footnotes":"","jetpack_publicize_message":"","jetpack_publicize_feature_enabled":true,"jetpack_social_post_already_shared":false,"jetpack_social_options":{"image_generator_settings":{"template":"highway","default_image_id":0,"enabled":false},"version":2},"_wpas_customize_per_network":false},"categories":[8],"tags":[],"class_list":["post-185189","post","type-post","status-publish","format-standard","has-post-thumbnail","hentry","category-sociedad","generate-columns","tablet-grid-50","mobile-grid-100","grid-parent","grid-50"],"jetpack_publicize_connections":[],"jetpack_featured_media_url":"https:\/\/www.hoymercedes.com.ar\/principal\/wp-content\/uploads\/2025\/06\/DSC04483.jpg","wps_subtitle":"","jetpack_sharing_enabled":true,"_links":{"self":[{"href":"https:\/\/www.hoymercedes.com.ar\/principal\/wp-json\/wp\/v2\/posts\/185189","targetHints":{"allow":["GET"]}}],"collection":[{"href":"https:\/\/www.hoymercedes.com.ar\/principal\/wp-json\/wp\/v2\/posts"}],"about":[{"href":"https:\/\/www.hoymercedes.com.ar\/principal\/wp-json\/wp\/v2\/types\/post"}],"author":[{"embeddable":true,"href":"https:\/\/www.hoymercedes.com.ar\/principal\/wp-json\/wp\/v2\/users\/1"}],"replies":[{"embeddable":true,"href":"https:\/\/www.hoymercedes.com.ar\/principal\/wp-json\/wp\/v2\/comments?post=185189"}],"version-history":[{"count":2,"href":"https:\/\/www.hoymercedes.com.ar\/principal\/wp-json\/wp\/v2\/posts\/185189\/revisions"}],"predecessor-version":[{"id":185193,"href":"https:\/\/www.hoymercedes.com.ar\/principal\/wp-json\/wp\/v2\/posts\/185189\/revisions\/185193"}],"wp:featuredmedia":[{"embeddable":true,"href":"https:\/\/www.hoymercedes.com.ar\/principal\/wp-json\/wp\/v2\/media\/185191"}],"wp:attachment":[{"href":"https:\/\/www.hoymercedes.com.ar\/principal\/wp-json\/wp\/v2\/media?parent=185189"}],"wp:term":[{"taxonomy":"category","embeddable":true,"href":"https:\/\/www.hoymercedes.com.ar\/principal\/wp-json\/wp\/v2\/categories?post=185189"},{"taxonomy":"post_tag","embeddable":true,"href":"https:\/\/www.hoymercedes.com.ar\/principal\/wp-json\/wp\/v2\/tags?post=185189"}],"curies":[{"name":"wp","href":"https:\/\/api.w.org\/{rel}","templated":true}]}}