{"id":18519,"date":"2012-12-06T04:10:38","date_gmt":"2012-12-06T04:10:38","guid":{"rendered":"http:\/\/www.hoymercedes.com.ar\/principal\/?p=18519"},"modified":"2012-12-06T04:12:09","modified_gmt":"2012-12-06T04:12:09","slug":"karina-rabolini-y-fundacion-banco-provincia-en-mercedes","status":"publish","type":"post","link":"https:\/\/www.hoymercedes.com.ar\/principal\/2012\/12\/06\/karina-rabolini-y-fundacion-banco-provincia-en-mercedes\/","title":{"rendered":"Karina Rabolini y Fundaci\u00f3n Banco Provincia en Mercedes"},"content":{"rendered":"<p>&nbsp;<\/p>\n<p style=\"text-align: center;\"><a href=\"https:\/\/www.hoymercedes.com.ar\/principal\/wp-content\/uploads\/2012\/12\/Rabolini-II.jpg\"><img loading=\"lazy\" decoding=\"async\" data-attachment-id=\"18523\" data-permalink=\"https:\/\/www.hoymercedes.com.ar\/principal\/2012\/12\/06\/karina-rabolini-y-fundacion-banco-provincia-en-mercedes\/rabolini-ii\/#main\" data-orig-file=\"https:\/\/www.hoymercedes.com.ar\/principal\/wp-content\/uploads\/2012\/12\/Rabolini-II.jpg\" data-orig-size=\"618,321\" data-comments-opened=\"1\" data-image-meta=\"{&quot;aperture&quot;:&quot;4.2&quot;,&quot;credit&quot;:&quot;&quot;,&quot;camera&quot;:&quot;NIKON D50&quot;,&quot;caption&quot;:&quot;&quot;,&quot;created_timestamp&quot;:&quot;1354709992&quot;,&quot;copyright&quot;:&quot;&quot;,&quot;focal_length&quot;:&quot;48&quot;,&quot;iso&quot;:&quot;0&quot;,&quot;shutter_speed&quot;:&quot;0.016666666666667&quot;,&quot;title&quot;:&quot;&quot;}\" data-image-title=\"Rabolini-II\" data-image-description=\"\" data-image-caption=\"\" data-large-file=\"https:\/\/www.hoymercedes.com.ar\/principal\/wp-content\/uploads\/2012\/12\/Rabolini-II.jpg\" class=\"size-full wp-image-18523 aligncenter\" title=\"Rabolini-II\" src=\"https:\/\/www.hoymercedes.com.ar\/principal\/wp-content\/uploads\/2012\/12\/Rabolini-II.jpg\" alt=\"\" width=\"618\" height=\"321\" \/><\/a><\/p>\n<p>La presidenta de la Fundaci\u00f3n Banco Provincia Karina Rabollini, junto al ministro de Salud Alejandro Collia y funcionarios provinciales, fueron recibidos por el intendente Carlos Selva para concretar un importante acto de entrega de materiales a instituciones de Mercedes en la sede del CEF N\u00ba 40.<\/p>\n<p>Pasadas las 11.30 de la ma\u00f1ana se concret\u00f3 la llegada de Karina Rabollini, acompa\u00f1ada del ministro Collia, el Secretario de Ni\u00f1ez y Adolescencia, Pablo Navarro; los Subsecretarios de Deportes Federados, Juan Manuel L\u00f3pez G\u00f3mez, y de Desarrollo Social, Ariel Notta; y la Gerenta de la Fundaci\u00f3n Banco Provincia, Soledad Peralta. Adem\u00e1s de la compa\u00f1\u00eda de la hija del gobernador, Lorena Scioli.<\/p>\n<p>\u201cSomos una Fundaci\u00f3n y estamos para ayudar y colaborar en todo lo posible. Para nosotros era muy importante brindar la posibilidad de igualar las oportunidades para todos\u201d, destac\u00f3 Karina durante un acto celebrado en el CEF N\u00ba 40.<\/p>\n<p>Acompa\u00f1ada por el intendente Carlos Selva, Karina hizo entreg\u00f3 asistencia econ\u00f3mica y botiquines de primeros auxilios para el Hogar Divina Providencia; la Asociaci\u00f3n de Bomberos Voluntarios de Mercedes; el Centro De Apoyo Integral Del Insuficiente Mental (CAIDIM) y la Asociaci\u00f3n Civil Pro Apertura de Jardines Maternales \u201cEl Honguito\u201d.<\/p>\n<p>Tambi\u00e9n repartieron material deportivo para cuatro clubes: Comunicaciones, Defensores Juniors, V\u00e9lez y a los chicos del barrio Pe\u00f1aloza. Y junto al ministro de Salud, Alejandro Collia, otorgaron dos cardiodesfibriladores para el Centro Integrador Comunitario (CIC) y el Hogar de Ancianos Municipal Villa Abrille\u201d.<\/p>\n<p>Collia destac\u00f3 \u201cel profundo compromiso que tiene la Fundaci\u00f3n de interpretar las pol\u00edticas sociales que lleva adelante el gobernador (Daniel Scioli)\u201d. En el mismo sentido, Selva asegur\u00f3 que \u201ccuando se articulan las pol\u00edticas p\u00fablicas, los resultados redundan en beneficios para la gente\u201d.<\/p>\n<p>&nbsp;<\/p>\n<p>Durante la actividad se entregaron una computadora y un televisor a las instituciones mercedinas Vuelta a Casa, Casa de Abrigo, Instituto Nicol\u00e1s Lowe; tambi\u00e9n a Segunda Oportunidad, de Carmen de Areco; Hogar del Joven, de Bragado; Hogar de Abrigo Municipal, de Chivilcoy; y Cultura en la Naturaleza, de Carlos Keen.<\/p>\n<p>&nbsp;<\/p>\n<p>Adem\u00e1s, los chicos del cuerpo de \u201cBallet Integraci\u00f3n\u201d, ganadores de la medalla de oro en los Juegos BA, realizaron una presentaci\u00f3n de sus coreograf\u00edas.<\/p>\n<p>&nbsp;<\/p>\n<p>Ya sobre el final se hizo efectiva la entrega de bicicletas, que forman parte de un programa que facilita la posibilidad que los ni\u00f1os que necesiten trasladarse hasta una escuela lo puedan concretar. Numerosos establecimientos recibieron sus bicis, entre ellos las rurales 18, 28, 21, 23.<\/p>\n","protected":false},"excerpt":{"rendered":"<p>&nbsp; La presidenta de la Fundaci\u00f3n Banco Provincia Karina Rabollini, junto al ministro de Salud Alejandro Collia y funcionarios provinciales, &#8230; <a title=\"Karina Rabolini y Fundaci\u00f3n Banco Provincia en Mercedes\" class=\"read-more\" href=\"https:\/\/www.hoymercedes.com.ar\/principal\/2012\/12\/06\/karina-rabolini-y-fundacion-banco-provincia-en-mercedes\/\" aria-label=\"Leer m\u00e1s sobre Karina Rabolini y Fundaci\u00f3n Banco Provincia en Mercedes\">Leer m\u00e1s<\/a><\/p>\n","protected":false},"author":1,"featured_media":0,"comment_status":"open","ping_status":"open","sticky":false,"template":"","format":"standard","meta":{"_monsterinsights_skip_tracking":false,"_monsterinsights_sitenote_active":false,"_monsterinsights_sitenote_note":"","_monsterinsights_sitenote_category":0,"jetpack_post_was_ever_published":false,"_jetpack_newsletter_access":"","_jetpack_dont_email_post_to_subs":false,"_jetpack_newsletter_tier_id":0,"_jetpack_memberships_contains_paywalled_content":false,"_jetpack_memberships_contains_paid_content":false,"footnotes":"","jetpack_publicize_message":"","jetpack_publicize_feature_enabled":true,"jetpack_social_post_already_shared":false,"jetpack_social_options":{"image_generator_settings":{"template":"highway","default_image_id":0,"font":"","enabled":false},"version":2},"_wpas_customize_per_network":false},"categories":[5],"tags":[3025,3048],"class_list":["post-18519","post","type-post","status-publish","format-standard","hentry","category-politica","tag-fundacion-banco-provincia","tag-karina-rabolini-en-mercedes","generate-columns","tablet-grid-50","mobile-grid-100","grid-parent","grid-50"],"jetpack_publicize_connections":[],"jetpack_featured_media_url":"","wps_subtitle":"","jetpack_sharing_enabled":true,"_links":{"self":[{"href":"https:\/\/www.hoymercedes.com.ar\/principal\/wp-json\/wp\/v2\/posts\/18519","targetHints":{"allow":["GET"]}}],"collection":[{"href":"https:\/\/www.hoymercedes.com.ar\/principal\/wp-json\/wp\/v2\/posts"}],"about":[{"href":"https:\/\/www.hoymercedes.com.ar\/principal\/wp-json\/wp\/v2\/types\/post"}],"author":[{"embeddable":true,"href":"https:\/\/www.hoymercedes.com.ar\/principal\/wp-json\/wp\/v2\/users\/1"}],"replies":[{"embeddable":true,"href":"https:\/\/www.hoymercedes.com.ar\/principal\/wp-json\/wp\/v2\/comments?post=18519"}],"version-history":[{"count":0,"href":"https:\/\/www.hoymercedes.com.ar\/principal\/wp-json\/wp\/v2\/posts\/18519\/revisions"}],"wp:attachment":[{"href":"https:\/\/www.hoymercedes.com.ar\/principal\/wp-json\/wp\/v2\/media?parent=18519"}],"wp:term":[{"taxonomy":"category","embeddable":true,"href":"https:\/\/www.hoymercedes.com.ar\/principal\/wp-json\/wp\/v2\/categories?post=18519"},{"taxonomy":"post_tag","embeddable":true,"href":"https:\/\/www.hoymercedes.com.ar\/principal\/wp-json\/wp\/v2\/tags?post=18519"}],"curies":[{"name":"wp","href":"https:\/\/api.w.org\/{rel}","templated":true}]}}