{"id":185200,"date":"2025-06-09T21:32:16","date_gmt":"2025-06-10T00:32:16","guid":{"rendered":"https:\/\/www.hoymercedes.com.ar\/principal\/?p=185200"},"modified":"2025-06-09T21:32:42","modified_gmt":"2025-06-10T00:32:42","slug":"robo-y-la-policia-rapidamente-lo-detuvo","status":"publish","type":"post","link":"https:\/\/www.hoymercedes.com.ar\/principal\/2025\/06\/09\/robo-y-la-policia-rapidamente-lo-detuvo\/","title":{"rendered":"Rob\u00f3 y la Polic\u00eda r\u00e1pidamente lo detuvo"},"content":{"rendered":"\n<figure class=\"wp-block-image size-full is-resized\"><img loading=\"lazy\" decoding=\"async\" width=\"900\" height=\"600\" data-attachment-id=\"185201\" data-permalink=\"https:\/\/www.hoymercedes.com.ar\/principal\/2025\/06\/09\/robo-y-la-policia-rapidamente-lo-detuvo\/page-12\/#main\" data-orig-file=\"https:\/\/www.hoymercedes.com.ar\/principal\/wp-content\/uploads\/2025\/06\/page.jpg\" data-orig-size=\"900,600\" data-comments-opened=\"0\" data-image-meta=\"{&quot;aperture&quot;:&quot;0&quot;,&quot;credit&quot;:&quot;&quot;,&quot;camera&quot;:&quot;&quot;,&quot;caption&quot;:&quot;&quot;,&quot;created_timestamp&quot;:&quot;0&quot;,&quot;copyright&quot;:&quot;&quot;,&quot;focal_length&quot;:&quot;0&quot;,&quot;iso&quot;:&quot;0&quot;,&quot;shutter_speed&quot;:&quot;0&quot;,&quot;title&quot;:&quot;&quot;,&quot;orientation&quot;:&quot;0&quot;}\" data-image-title=\"Rob\u00f3 y la Polic\u00eda r\u00e1pidamente lo detuvo\" data-image-description=\"&lt;p&gt;Rob\u00f3 y la Polic\u00eda r\u00e1pidamente lo detuvo&lt;\/p&gt;\n\" data-image-caption=\"&lt;p&gt;Rob\u00f3 y la Polic\u00eda r\u00e1pidamente lo detuvo&lt;\/p&gt;\n\" data-large-file=\"https:\/\/www.hoymercedes.com.ar\/principal\/wp-content\/uploads\/2025\/06\/page.jpg\" src=\"https:\/\/www.hoymercedes.com.ar\/principal\/wp-content\/uploads\/2025\/06\/page.jpg\" alt=\"\" class=\"wp-image-185201\" style=\"width:960px;height:auto\" srcset=\"https:\/\/www.hoymercedes.com.ar\/principal\/wp-content\/uploads\/2025\/06\/page.jpg 900w, https:\/\/www.hoymercedes.com.ar\/principal\/wp-content\/uploads\/2025\/06\/page-630x420.jpg 630w, https:\/\/www.hoymercedes.com.ar\/principal\/wp-content\/uploads\/2025\/06\/page-150x100.jpg 150w\" sizes=\"auto, (max-width: 900px) 100vw, 900px\" \/><\/figure>\n\n\n\n<p><br>Tras las rejas, si la justicia no libera antes. Una vecina de nuestra localidad dio alerta a la Polic\u00eda de haber padecido un \u201churto\u201d a instancias de, en ese momento, un desconocido. Fue en 23 entre 12 y 14. El hombre, gracias al Centro de Monitoreo y la efectividad policial fue puesto a disposici\u00f3n de la justicia.<br><br>A la vecina le hurtaron $100.000 y su tel\u00e9fono m\u00f3vil.<br><br>La Polic\u00eda, con los datos recabados, inici\u00f3 la investigaci\u00f3n logrando detener a un hombre de 33 a\u00f1os de edad, con domicilio en nuestra localidad y efectuando un allanamiento en la zona de 16 entre 103 y 105.<br><br>Se recabaron elementos de prueba que, la Polic\u00eda, puso a disposici\u00f3n de la justicia.<\/p>\n","protected":false},"excerpt":{"rendered":"<p>Tras las rejas, si la justicia no libera antes. Una vecina de nuestra localidad dio alerta a la Polic\u00eda de &#8230; <a title=\"Rob\u00f3 y la Polic\u00eda r\u00e1pidamente lo detuvo\" class=\"read-more\" href=\"https:\/\/www.hoymercedes.com.ar\/principal\/2025\/06\/09\/robo-y-la-policia-rapidamente-lo-detuvo\/\" aria-label=\"Leer m\u00e1s sobre Rob\u00f3 y la Polic\u00eda r\u00e1pidamente lo detuvo\">Leer m\u00e1s<\/a><\/p>\n","protected":false},"author":1,"featured_media":185201,"comment_status":"closed","ping_status":"open","sticky":false,"template":"","format":"standard","meta":{"_monsterinsights_skip_tracking":false,"_monsterinsights_sitenote_active":false,"_monsterinsights_sitenote_note":"","_monsterinsights_sitenote_category":0,"jetpack_post_was_ever_published":false,"_jetpack_newsletter_access":"","_jetpack_dont_email_post_to_subs":false,"_jetpack_newsletter_tier_id":0,"_jetpack_memberships_contains_paywalled_content":false,"_jetpack_memberships_contains_paid_content":false,"footnotes":"","jetpack_publicize_message":"","jetpack_publicize_feature_enabled":true,"jetpack_social_post_already_shared":false,"jetpack_social_options":{"image_generator_settings":{"template":"highway","default_image_id":0,"enabled":false},"version":2},"_wpas_customize_per_network":false},"categories":[85],"tags":[6728,15101,19940],"class_list":["post-185200","post","type-post","status-publish","format-standard","has-post-thumbnail","hentry","category-policial","tag-detenido","tag-hurto","tag-tras-las-rejas","generate-columns","tablet-grid-50","mobile-grid-100","grid-parent","grid-50"],"jetpack_publicize_connections":[],"jetpack_featured_media_url":"https:\/\/www.hoymercedes.com.ar\/principal\/wp-content\/uploads\/2025\/06\/page.jpg","wps_subtitle":"Tras las rejas, si la justicia no libera antes","jetpack_sharing_enabled":true,"_links":{"self":[{"href":"https:\/\/www.hoymercedes.com.ar\/principal\/wp-json\/wp\/v2\/posts\/185200","targetHints":{"allow":["GET"]}}],"collection":[{"href":"https:\/\/www.hoymercedes.com.ar\/principal\/wp-json\/wp\/v2\/posts"}],"about":[{"href":"https:\/\/www.hoymercedes.com.ar\/principal\/wp-json\/wp\/v2\/types\/post"}],"author":[{"embeddable":true,"href":"https:\/\/www.hoymercedes.com.ar\/principal\/wp-json\/wp\/v2\/users\/1"}],"replies":[{"embeddable":true,"href":"https:\/\/www.hoymercedes.com.ar\/principal\/wp-json\/wp\/v2\/comments?post=185200"}],"version-history":[{"count":2,"href":"https:\/\/www.hoymercedes.com.ar\/principal\/wp-json\/wp\/v2\/posts\/185200\/revisions"}],"predecessor-version":[{"id":185203,"href":"https:\/\/www.hoymercedes.com.ar\/principal\/wp-json\/wp\/v2\/posts\/185200\/revisions\/185203"}],"wp:featuredmedia":[{"embeddable":true,"href":"https:\/\/www.hoymercedes.com.ar\/principal\/wp-json\/wp\/v2\/media\/185201"}],"wp:attachment":[{"href":"https:\/\/www.hoymercedes.com.ar\/principal\/wp-json\/wp\/v2\/media?parent=185200"}],"wp:term":[{"taxonomy":"category","embeddable":true,"href":"https:\/\/www.hoymercedes.com.ar\/principal\/wp-json\/wp\/v2\/categories?post=185200"},{"taxonomy":"post_tag","embeddable":true,"href":"https:\/\/www.hoymercedes.com.ar\/principal\/wp-json\/wp\/v2\/tags?post=185200"}],"curies":[{"name":"wp","href":"https:\/\/api.w.org\/{rel}","templated":true}]}}