{"id":185211,"date":"2025-06-10T22:04:56","date_gmt":"2025-06-11T01:04:56","guid":{"rendered":"https:\/\/www.hoymercedes.com.ar\/principal\/?p=185211"},"modified":"2025-06-10T22:04:59","modified_gmt":"2025-06-11T01:04:59","slug":"pj-mercedes-no-es-condena-es-proscripcion","status":"publish","type":"post","link":"https:\/\/www.hoymercedes.com.ar\/principal\/2025\/06\/10\/pj-mercedes-no-es-condena-es-proscripcion\/","title":{"rendered":"PJ Mercedes: No es condena, es proscripci\u00f3n"},"content":{"rendered":"\n<p>La historia argentina demuestra que los gobiernos populares, inclusivos y con la mirada puesta en las y los obreros han padecido el peso de los poderes concentrados en su conglomerado pol\u00edtico, econ\u00f3mico, judicial y medi\u00e1tico.<\/p>\n\n\n\n<p>Hace poco, pero parece tanto, quisieron matarla. Ahora buscan proscribirla por medio de una causa armada y refutada por los m\u00e1s prestigiosos juristas nacionales e internacionales.<\/p>\n\n\n\n<p>Hoy <strong>Cristina Fern\u00e1ndez de Kirchner<\/strong> padece el castigo del poder real por haber dado bienestar a la poblaci\u00f3n, distribuir la riqueza y buscar ser una Naci\u00f3n soberana.<\/p>\n\n\n\n<p>Quienes no aman al pa\u00eds, ni al pueblo, quieren meterla presa.<\/p>\n\n\n\n<p>Quienes la aman seguir\u00e1n haci\u00e9ndolo, defendi\u00e9ndola y llev\u00e1ndola como bandera por la justicia social.<\/p>\n\n\n\n<p>A Cristina s\u00f3lo la juzgar\u00e1 la historia. Y lo har\u00e1 muy bien.<br>Ella s\u00ed trascender\u00e1.<\/p>\n\n\n\n<p><strong>Partido Justicialista Mercedes<\/strong><\/p>\n\n\n\n<figure class=\"wp-block-image size-large is-resized\"><img loading=\"lazy\" decoding=\"async\" width=\"819\" height=\"1024\" data-attachment-id=\"185212\" data-permalink=\"https:\/\/www.hoymercedes.com.ar\/principal\/2025\/06\/10\/pj-mercedes-no-es-condena-es-proscripcion\/es-proscripcipon-2\/#main\" data-orig-file=\"https:\/\/www.hoymercedes.com.ar\/principal\/wp-content\/uploads\/2025\/06\/Es-Proscripcipon.2.jpg\" data-orig-size=\"1080,1350\" data-comments-opened=\"0\" data-image-meta=\"{&quot;aperture&quot;:&quot;0&quot;,&quot;credit&quot;:&quot;&quot;,&quot;camera&quot;:&quot;&quot;,&quot;caption&quot;:&quot;&quot;,&quot;created_timestamp&quot;:&quot;0&quot;,&quot;copyright&quot;:&quot;&quot;,&quot;focal_length&quot;:&quot;0&quot;,&quot;iso&quot;:&quot;0&quot;,&quot;shutter_speed&quot;:&quot;0&quot;,&quot;title&quot;:&quot;&quot;,&quot;orientation&quot;:&quot;0&quot;}\" data-image-title=\"Es-Proscripcipon.2\" data-image-description=\"\" data-image-caption=\"\" data-large-file=\"https:\/\/www.hoymercedes.com.ar\/principal\/wp-content\/uploads\/2025\/06\/Es-Proscripcipon.2-819x1024.jpg\" src=\"https:\/\/www.hoymercedes.com.ar\/principal\/wp-content\/uploads\/2025\/06\/Es-Proscripcipon.2-819x1024.jpg\" alt=\"\" class=\"wp-image-185212\" style=\"width:960px;height:auto\" srcset=\"https:\/\/www.hoymercedes.com.ar\/principal\/wp-content\/uploads\/2025\/06\/Es-Proscripcipon.2-819x1024.jpg 819w, https:\/\/www.hoymercedes.com.ar\/principal\/wp-content\/uploads\/2025\/06\/Es-Proscripcipon.2-496x620.jpg 496w, https:\/\/www.hoymercedes.com.ar\/principal\/wp-content\/uploads\/2025\/06\/Es-Proscripcipon.2-120x150.jpg 120w, https:\/\/www.hoymercedes.com.ar\/principal\/wp-content\/uploads\/2025\/06\/Es-Proscripcipon.2.jpg 1080w\" sizes=\"auto, (max-width: 819px) 100vw, 819px\" \/><\/figure>\n","protected":false},"excerpt":{"rendered":"<p>La historia argentina demuestra que los gobiernos populares, inclusivos y con la mirada puesta en las y los obreros han &#8230; <a title=\"PJ Mercedes: No es condena, es proscripci\u00f3n\" class=\"read-more\" href=\"https:\/\/www.hoymercedes.com.ar\/principal\/2025\/06\/10\/pj-mercedes-no-es-condena-es-proscripcion\/\" aria-label=\"Leer m\u00e1s sobre PJ Mercedes: No es condena, es proscripci\u00f3n\">Leer m\u00e1s<\/a><\/p>\n","protected":false},"author":1,"featured_media":185213,"comment_status":"closed","ping_status":"open","sticky":false,"template":"","format":"standard","meta":{"_monsterinsights_skip_tracking":false,"_monsterinsights_sitenote_active":false,"_monsterinsights_sitenote_note":"","_monsterinsights_sitenote_category":0,"jetpack_post_was_ever_published":false,"_jetpack_newsletter_access":"","_jetpack_dont_email_post_to_subs":false,"_jetpack_newsletter_tier_id":0,"_jetpack_memberships_contains_paywalled_content":false,"_jetpack_memberships_contains_paid_content":false,"footnotes":"","jetpack_publicize_message":"","jetpack_publicize_feature_enabled":true,"jetpack_social_post_already_shared":false,"jetpack_social_options":{"image_generator_settings":{"template":"highway","default_image_id":0,"enabled":false},"version":2},"_wpas_customize_per_network":false},"categories":[8],"tags":[],"class_list":["post-185211","post","type-post","status-publish","format-standard","has-post-thumbnail","hentry","category-sociedad","generate-columns","tablet-grid-50","mobile-grid-100","grid-parent","grid-50"],"jetpack_publicize_connections":[],"jetpack_featured_media_url":"https:\/\/www.hoymercedes.com.ar\/principal\/wp-content\/uploads\/2025\/06\/PJMercedes.jpg","wps_subtitle":"PJ Mercedes ","jetpack_sharing_enabled":true,"_links":{"self":[{"href":"https:\/\/www.hoymercedes.com.ar\/principal\/wp-json\/wp\/v2\/posts\/185211","targetHints":{"allow":["GET"]}}],"collection":[{"href":"https:\/\/www.hoymercedes.com.ar\/principal\/wp-json\/wp\/v2\/posts"}],"about":[{"href":"https:\/\/www.hoymercedes.com.ar\/principal\/wp-json\/wp\/v2\/types\/post"}],"author":[{"embeddable":true,"href":"https:\/\/www.hoymercedes.com.ar\/principal\/wp-json\/wp\/v2\/users\/1"}],"replies":[{"embeddable":true,"href":"https:\/\/www.hoymercedes.com.ar\/principal\/wp-json\/wp\/v2\/comments?post=185211"}],"version-history":[{"count":2,"href":"https:\/\/www.hoymercedes.com.ar\/principal\/wp-json\/wp\/v2\/posts\/185211\/revisions"}],"predecessor-version":[{"id":185215,"href":"https:\/\/www.hoymercedes.com.ar\/principal\/wp-json\/wp\/v2\/posts\/185211\/revisions\/185215"}],"wp:featuredmedia":[{"embeddable":true,"href":"https:\/\/www.hoymercedes.com.ar\/principal\/wp-json\/wp\/v2\/media\/185213"}],"wp:attachment":[{"href":"https:\/\/www.hoymercedes.com.ar\/principal\/wp-json\/wp\/v2\/media?parent=185211"}],"wp:term":[{"taxonomy":"category","embeddable":true,"href":"https:\/\/www.hoymercedes.com.ar\/principal\/wp-json\/wp\/v2\/categories?post=185211"},{"taxonomy":"post_tag","embeddable":true,"href":"https:\/\/www.hoymercedes.com.ar\/principal\/wp-json\/wp\/v2\/tags?post=185211"}],"curies":[{"name":"wp","href":"https:\/\/api.w.org\/{rel}","templated":true}]}}