{"id":185241,"date":"2025-06-11T21:55:12","date_gmt":"2025-06-12T00:55:12","guid":{"rendered":"https:\/\/www.hoymercedes.com.ar\/principal\/?p=185241"},"modified":"2025-06-11T21:55:14","modified_gmt":"2025-06-12T00:55:14","slug":"dolor-una-vecina-pierde-la-vida-en-choque-con-tren","status":"publish","type":"post","link":"https:\/\/www.hoymercedes.com.ar\/principal\/2025\/06\/11\/dolor-una-vecina-pierde-la-vida-en-choque-con-tren\/","title":{"rendered":"Dolor: una vecina pierde la vida en choque con tren"},"content":{"rendered":"\n<figure class=\"wp-block-image size-large\"><img loading=\"lazy\" decoding=\"async\" width=\"1024\" height=\"461\" data-attachment-id=\"185242\" data-permalink=\"https:\/\/www.hoymercedes.com.ar\/principal\/2025\/06\/11\/dolor-una-vecina-pierde-la-vida-en-choque-con-tren\/siniestro-vial-11-06-2025\/#main\" data-orig-file=\"https:\/\/www.hoymercedes.com.ar\/principal\/wp-content\/uploads\/2025\/06\/Siniestro-Vial-11.06.2025.jpeg\" data-orig-size=\"1280,576\" data-comments-opened=\"0\" data-image-meta=\"{&quot;aperture&quot;:&quot;0&quot;,&quot;credit&quot;:&quot;&quot;,&quot;camera&quot;:&quot;&quot;,&quot;caption&quot;:&quot;&quot;,&quot;created_timestamp&quot;:&quot;0&quot;,&quot;copyright&quot;:&quot;&quot;,&quot;focal_length&quot;:&quot;0&quot;,&quot;iso&quot;:&quot;0&quot;,&quot;shutter_speed&quot;:&quot;0&quot;,&quot;title&quot;:&quot;&quot;,&quot;orientation&quot;:&quot;0&quot;}\" data-image-title=\"Siniestro-Vial-11.06.2025\" data-image-description=\"&lt;p&gt;Dolor: una vecina pierde la vida en choque con tren&lt;\/p&gt;\n\" data-image-caption=\"&lt;p&gt;Dolor: una vecina pierde la vida en choque con tren&lt;\/p&gt;\n\" data-large-file=\"https:\/\/www.hoymercedes.com.ar\/principal\/wp-content\/uploads\/2025\/06\/Siniestro-Vial-11.06.2025-1024x461.jpeg\" src=\"https:\/\/www.hoymercedes.com.ar\/principal\/wp-content\/uploads\/2025\/06\/Siniestro-Vial-11.06.2025-1024x461.jpeg\" alt=\"\" class=\"wp-image-185242\" srcset=\"https:\/\/www.hoymercedes.com.ar\/principal\/wp-content\/uploads\/2025\/06\/Siniestro-Vial-11.06.2025-1024x461.jpeg 1024w, https:\/\/www.hoymercedes.com.ar\/principal\/wp-content\/uploads\/2025\/06\/Siniestro-Vial-11.06.2025-630x284.jpeg 630w, https:\/\/www.hoymercedes.com.ar\/principal\/wp-content\/uploads\/2025\/06\/Siniestro-Vial-11.06.2025-150x68.jpeg 150w, https:\/\/www.hoymercedes.com.ar\/principal\/wp-content\/uploads\/2025\/06\/Siniestro-Vial-11.06.2025.jpeg 1280w\" sizes=\"auto, (max-width: 1024px) 100vw, 1024px\" \/><\/figure>\n\n\n\n<p><br>Una formaci\u00f3n del Tren Sarmiento colision\u00f3 contra una camioneta conducida por una vecina de Gowland que pas\u00f3 por diagonal oeste y 506. La formaci\u00f3n ferroviaria iba en sentido Mercedes \u2013 Moreno.<\/p>\n\n\n\n<p><br>El acontecimiento sucedi\u00f3 poco antes de las 20hs y seg\u00fan se supo el golpe fue muy fuerte.<br><\/p>\n\n\n\n<p>El hecho r\u00e1pidamente gener\u00f3 preocupaci\u00f3n y dolor en la comunidad de Gowland. La v\u00edctima ser\u00eda una vecina de la mencionada localidad, de 38 a\u00f1os de edad.<\/p>\n\n\n\n<p><br>Seg\u00fan informaci\u00f3n de vecinos del lugar la mujer habr\u00eda recientemente abierto un comercio en la zona.<br><\/p>\n\n\n\n<p>De momento no hay parte oficial.<\/p>\n\n\n\n<p><\/p>\n","protected":false},"excerpt":{"rendered":"<p>Una formaci\u00f3n del Tren Sarmiento colision\u00f3 contra una camioneta conducida por una vecina de Gowland que pas\u00f3 por diagonal oeste &#8230; <a title=\"Dolor: una vecina pierde la vida en choque con tren\" class=\"read-more\" href=\"https:\/\/www.hoymercedes.com.ar\/principal\/2025\/06\/11\/dolor-una-vecina-pierde-la-vida-en-choque-con-tren\/\" aria-label=\"Leer m\u00e1s sobre Dolor: una vecina pierde la vida en choque con tren\">Leer m\u00e1s<\/a><\/p>\n","protected":false},"author":1,"featured_media":185242,"comment_status":"closed","ping_status":"open","sticky":false,"template":"","format":"standard","meta":{"_monsterinsights_skip_tracking":false,"_monsterinsights_sitenote_active":false,"_monsterinsights_sitenote_note":"","_monsterinsights_sitenote_category":0,"jetpack_post_was_ever_published":false,"_jetpack_newsletter_access":"","_jetpack_dont_email_post_to_subs":false,"_jetpack_newsletter_tier_id":0,"_jetpack_memberships_contains_paywalled_content":false,"_jetpack_memberships_contains_paid_content":false,"footnotes":"","jetpack_publicize_message":"","jetpack_publicize_feature_enabled":true,"jetpack_social_post_already_shared":false,"jetpack_social_options":{"image_generator_settings":{"template":"highway","default_image_id":0,"enabled":false},"version":2},"_wpas_customize_per_network":false},"categories":[8],"tags":[],"class_list":["post-185241","post","type-post","status-publish","format-standard","has-post-thumbnail","hentry","category-sociedad","generate-columns","tablet-grid-50","mobile-grid-100","grid-parent","grid-50"],"jetpack_publicize_connections":[],"jetpack_featured_media_url":"https:\/\/www.hoymercedes.com.ar\/principal\/wp-content\/uploads\/2025\/06\/Siniestro-Vial-11.06.2025.jpeg","wps_subtitle":"Siniestro","jetpack_sharing_enabled":true,"_links":{"self":[{"href":"https:\/\/www.hoymercedes.com.ar\/principal\/wp-json\/wp\/v2\/posts\/185241","targetHints":{"allow":["GET"]}}],"collection":[{"href":"https:\/\/www.hoymercedes.com.ar\/principal\/wp-json\/wp\/v2\/posts"}],"about":[{"href":"https:\/\/www.hoymercedes.com.ar\/principal\/wp-json\/wp\/v2\/types\/post"}],"author":[{"embeddable":true,"href":"https:\/\/www.hoymercedes.com.ar\/principal\/wp-json\/wp\/v2\/users\/1"}],"replies":[{"embeddable":true,"href":"https:\/\/www.hoymercedes.com.ar\/principal\/wp-json\/wp\/v2\/comments?post=185241"}],"version-history":[{"count":2,"href":"https:\/\/www.hoymercedes.com.ar\/principal\/wp-json\/wp\/v2\/posts\/185241\/revisions"}],"predecessor-version":[{"id":185244,"href":"https:\/\/www.hoymercedes.com.ar\/principal\/wp-json\/wp\/v2\/posts\/185241\/revisions\/185244"}],"wp:featuredmedia":[{"embeddable":true,"href":"https:\/\/www.hoymercedes.com.ar\/principal\/wp-json\/wp\/v2\/media\/185242"}],"wp:attachment":[{"href":"https:\/\/www.hoymercedes.com.ar\/principal\/wp-json\/wp\/v2\/media?parent=185241"}],"wp:term":[{"taxonomy":"category","embeddable":true,"href":"https:\/\/www.hoymercedes.com.ar\/principal\/wp-json\/wp\/v2\/categories?post=185241"},{"taxonomy":"post_tag","embeddable":true,"href":"https:\/\/www.hoymercedes.com.ar\/principal\/wp-json\/wp\/v2\/tags?post=185241"}],"curies":[{"name":"wp","href":"https:\/\/api.w.org\/{rel}","templated":true}]}}