{"id":185255,"date":"2025-06-12T15:19:59","date_gmt":"2025-06-12T18:19:59","guid":{"rendered":"https:\/\/www.hoymercedes.com.ar\/principal\/?p=185255"},"modified":"2025-06-12T15:20:02","modified_gmt":"2025-06-12T18:20:02","slug":"la-memoria-del-agua-en-una-muestra-en-arquitectos","status":"publish","type":"post","link":"https:\/\/www.hoymercedes.com.ar\/principal\/2025\/06\/12\/la-memoria-del-agua-en-una-muestra-en-arquitectos\/","title":{"rendered":"La Memoria del Agua en una muestra en Arquitectos"},"content":{"rendered":"\n<p>El venidero s\u00e1bado 14 de junio, 20:30 horas, se inaugurar\u00e1 en la Sede Distrital del Colegio de Arquitectos &#8211; Distrito 5, una nueva muestra de arte. En esta oportunidad expondr\u00e1n las artistas Arq. Paula Puricelli (fotograf\u00eda) y Eliana Ramponi (escritura), con su muestra titulada \u201cLa Memoria del Agua\u00bb.<\/p>\n\n\n<div class=\"wp-block-image\">\n<figure class=\"aligncenter size-large\"><img loading=\"lazy\" decoding=\"async\" width=\"732\" height=\"1024\" data-attachment-id=\"185265\" data-permalink=\"https:\/\/www.hoymercedes.com.ar\/principal\/2025\/06\/12\/la-memoria-del-agua-en-una-muestra-en-arquitectos\/whatsapp-image-2025-06-11-at-11-45-34-1\/#main\" data-orig-file=\"https:\/\/www.hoymercedes.com.ar\/principal\/wp-content\/uploads\/2025\/06\/WhatsApp-Image-2025-06-11-at-11.45.34-1.jpeg\" data-orig-size=\"1133,1586\" data-comments-opened=\"0\" data-image-meta=\"{&quot;aperture&quot;:&quot;0&quot;,&quot;credit&quot;:&quot;&quot;,&quot;camera&quot;:&quot;&quot;,&quot;caption&quot;:&quot;&quot;,&quot;created_timestamp&quot;:&quot;0&quot;,&quot;copyright&quot;:&quot;&quot;,&quot;focal_length&quot;:&quot;0&quot;,&quot;iso&quot;:&quot;0&quot;,&quot;shutter_speed&quot;:&quot;0&quot;,&quot;title&quot;:&quot;&quot;,&quot;orientation&quot;:&quot;0&quot;}\" data-image-title=\"WhatsApp Image 2025-06-11 at 11.45.34 (1)\" data-image-description=\"\" data-image-caption=\"\" data-large-file=\"https:\/\/www.hoymercedes.com.ar\/principal\/wp-content\/uploads\/2025\/06\/WhatsApp-Image-2025-06-11-at-11.45.34-1-732x1024.jpeg\" src=\"https:\/\/www.hoymercedes.com.ar\/principal\/wp-content\/uploads\/2025\/06\/WhatsApp-Image-2025-06-11-at-11.45.34-1-732x1024.jpeg\" alt=\"\" class=\"wp-image-185265\" srcset=\"https:\/\/www.hoymercedes.com.ar\/principal\/wp-content\/uploads\/2025\/06\/WhatsApp-Image-2025-06-11-at-11.45.34-1-732x1024.jpeg 732w, https:\/\/www.hoymercedes.com.ar\/principal\/wp-content\/uploads\/2025\/06\/WhatsApp-Image-2025-06-11-at-11.45.34-1-443x620.jpeg 443w, https:\/\/www.hoymercedes.com.ar\/principal\/wp-content\/uploads\/2025\/06\/WhatsApp-Image-2025-06-11-at-11.45.34-1-107x150.jpeg 107w, https:\/\/www.hoymercedes.com.ar\/principal\/wp-content\/uploads\/2025\/06\/WhatsApp-Image-2025-06-11-at-11.45.34-1-1097x1536.jpeg 1097w, https:\/\/www.hoymercedes.com.ar\/principal\/wp-content\/uploads\/2025\/06\/WhatsApp-Image-2025-06-11-at-11.45.34-1.jpeg 1133w\" sizes=\"auto, (max-width: 732px) 100vw, 732px\" \/><\/figure>\n<\/div>\n\n\n<p>Sobre la muestra, las artistas explican que \u00abLa Memoria del Agua es una reconstrucci\u00f3n. Y como toda reconstrucci\u00f3n, sobre todo de memoria, es un proceso vivo y abierto. Paula, parte de una pregunta: \u00bfHay memorias heredadas? Y si fuera as\u00ed\u2026 \u00bfviajan por la sangre? \u00bfhay recuerdos que no son nuestros, pero insisten en atravesarnos hasta ser develados? Y lleva su pregunta en la mirada, mientras captura cada imagen que configuran las flores, elegidas con el saber del significado que guardan, del imaginario que ha atravesado el tiempo. En alg\u00fan lugar oy\u00f3, que el agua puede recordar, por eso las arroja al agua blanca, para poder responder alguna de las preguntas que la impulsan a buscar. Recordar se vuelve un acto de voluntad, \u00edntimo y solitario, en donde los relatos y sus fragmentos no tienen cierres. As\u00ed advierte que las im\u00e1genes siguen latiendo y esa historia individual, puede ser colectiva. Nuevamente se pregunta: \u00bfpodr\u00e9 soltarlas y que sean contadas por una nueva voz?\u00bb<\/p>\n\n\n\n<p>Es as\u00ed que, \u00abEliana, quiz\u00e1s en una orilla cercana, recibe la pregunta y escribe. Observa y escucha, lo que esas fotograf\u00edas le cuentan. Con niebla en los ojos, atraviesa la noche. La que nos separa a todos, hasta que el d\u00eda nos revela no tan distintos. Eliana escribe sobre la tela fin\u00edsima que nos envuelve, un tejido que cuenta una historia que son muchas historias. Un oleaje manso pero constante, que se prolonga al infinito\u00bb, agregan.<\/p>\n\n\n\n<p>La exposici\u00f3n del Colegio de Arquitectos est\u00e1 coordinaro por el Arq. Sebasti\u00e1n Bocca. M\u00e1s all\u00e1 del d\u00eda de la inauguraci\u00f3n, la muestra estar\u00e1 abierta al p\u00fablico con entrada libre y gratuita desde el martes siguiente, de lunes a viernes de 8 a 13 y de 14 a 16 horas, hasta el 27 de junio<\/p>\n","protected":false},"excerpt":{"rendered":"<p>El venidero s\u00e1bado 14 de junio, 20:30 horas, se inaugurar\u00e1 en la Sede Distrital del Colegio de Arquitectos &#8211; Distrito &#8230; <a title=\"La Memoria del Agua en una muestra en Arquitectos\" class=\"read-more\" href=\"https:\/\/www.hoymercedes.com.ar\/principal\/2025\/06\/12\/la-memoria-del-agua-en-una-muestra-en-arquitectos\/\" aria-label=\"Leer m\u00e1s sobre La Memoria del Agua en una muestra en Arquitectos\">Leer m\u00e1s<\/a><\/p>\n","protected":false},"author":1,"featured_media":185264,"comment_status":"closed","ping_status":"open","sticky":false,"template":"","format":"standard","meta":{"_monsterinsights_skip_tracking":false,"_monsterinsights_sitenote_active":false,"_monsterinsights_sitenote_note":"","_monsterinsights_sitenote_category":0,"jetpack_post_was_ever_published":false,"_jetpack_newsletter_access":"","_jetpack_dont_email_post_to_subs":false,"_jetpack_newsletter_tier_id":0,"_jetpack_memberships_contains_paywalled_content":false,"_jetpack_memberships_contains_paid_content":false,"footnotes":"","jetpack_publicize_message":"","jetpack_publicize_feature_enabled":true,"jetpack_social_post_already_shared":false,"jetpack_social_options":{"image_generator_settings":{"template":"highway","default_image_id":0,"enabled":false},"version":2},"_wpas_customize_per_network":false},"categories":[8],"tags":[],"class_list":["post-185255","post","type-post","status-publish","format-standard","has-post-thumbnail","hentry","category-sociedad","generate-columns","tablet-grid-50","mobile-grid-100","grid-parent","grid-50"],"jetpack_publicize_connections":[],"jetpack_featured_media_url":"https:\/\/www.hoymercedes.com.ar\/principal\/wp-content\/uploads\/2025\/06\/foto-act.jpeg","wps_subtitle":"","jetpack_sharing_enabled":true,"_links":{"self":[{"href":"https:\/\/www.hoymercedes.com.ar\/principal\/wp-json\/wp\/v2\/posts\/185255","targetHints":{"allow":["GET"]}}],"collection":[{"href":"https:\/\/www.hoymercedes.com.ar\/principal\/wp-json\/wp\/v2\/posts"}],"about":[{"href":"https:\/\/www.hoymercedes.com.ar\/principal\/wp-json\/wp\/v2\/types\/post"}],"author":[{"embeddable":true,"href":"https:\/\/www.hoymercedes.com.ar\/principal\/wp-json\/wp\/v2\/users\/1"}],"replies":[{"embeddable":true,"href":"https:\/\/www.hoymercedes.com.ar\/principal\/wp-json\/wp\/v2\/comments?post=185255"}],"version-history":[{"count":3,"href":"https:\/\/www.hoymercedes.com.ar\/principal\/wp-json\/wp\/v2\/posts\/185255\/revisions"}],"predecessor-version":[{"id":185266,"href":"https:\/\/www.hoymercedes.com.ar\/principal\/wp-json\/wp\/v2\/posts\/185255\/revisions\/185266"}],"wp:featuredmedia":[{"embeddable":true,"href":"https:\/\/www.hoymercedes.com.ar\/principal\/wp-json\/wp\/v2\/media\/185264"}],"wp:attachment":[{"href":"https:\/\/www.hoymercedes.com.ar\/principal\/wp-json\/wp\/v2\/media?parent=185255"}],"wp:term":[{"taxonomy":"category","embeddable":true,"href":"https:\/\/www.hoymercedes.com.ar\/principal\/wp-json\/wp\/v2\/categories?post=185255"},{"taxonomy":"post_tag","embeddable":true,"href":"https:\/\/www.hoymercedes.com.ar\/principal\/wp-json\/wp\/v2\/tags?post=185255"}],"curies":[{"name":"wp","href":"https:\/\/api.w.org\/{rel}","templated":true}]}}