{"id":185269,"date":"2025-06-12T17:29:00","date_gmt":"2025-06-12T20:29:00","guid":{"rendered":"https:\/\/www.hoymercedes.com.ar\/principal\/?p=185269"},"modified":"2025-06-12T15:32:36","modified_gmt":"2025-06-12T18:32:36","slug":"la-ajb-recibe-propuestas-para-las-actividades-de-la-colonia-de-verano","status":"publish","type":"post","link":"https:\/\/www.hoymercedes.com.ar\/principal\/2025\/06\/12\/la-ajb-recibe-propuestas-para-las-actividades-de-la-colonia-de-verano\/","title":{"rendered":"La AJB recibe propuestas para las actividades de la Colonia de Verano"},"content":{"rendered":"\n<p>Desde la Asociaci\u00f3n Judicial Bonaerense de Mercedes abrieron la convocatoria para la presentaci\u00f3n de los proyectos de la  Colonia de Verano AJB 2026. Las propuestas se podr\u00e1n presentar hasta el 7 de agosto de 2025.<\/p>\n\n\n<div class=\"wp-block-image\">\n<figure class=\"aligncenter size-large\"><img loading=\"lazy\" decoding=\"async\" width=\"1024\" height=\"768\" data-attachment-id=\"185270\" data-permalink=\"https:\/\/www.hoymercedes.com.ar\/principal\/2025\/06\/12\/la-ajb-recibe-propuestas-para-las-actividades-de-la-colonia-de-verano\/image-135\/#main\" data-orig-file=\"https:\/\/www.hoymercedes.com.ar\/principal\/wp-content\/uploads\/2025\/06\/image.png\" data-orig-size=\"1280,960\" data-comments-opened=\"0\" data-image-meta=\"{&quot;aperture&quot;:&quot;0&quot;,&quot;credit&quot;:&quot;&quot;,&quot;camera&quot;:&quot;&quot;,&quot;caption&quot;:&quot;&quot;,&quot;created_timestamp&quot;:&quot;0&quot;,&quot;copyright&quot;:&quot;&quot;,&quot;focal_length&quot;:&quot;0&quot;,&quot;iso&quot;:&quot;0&quot;,&quot;shutter_speed&quot;:&quot;0&quot;,&quot;title&quot;:&quot;&quot;,&quot;orientation&quot;:&quot;0&quot;}\" data-image-title=\"image\" data-image-description=\"\" data-image-caption=\"\" data-large-file=\"https:\/\/www.hoymercedes.com.ar\/principal\/wp-content\/uploads\/2025\/06\/image-1024x768.png\" src=\"https:\/\/www.hoymercedes.com.ar\/principal\/wp-content\/uploads\/2025\/06\/image-1024x768.png\" alt=\"\" class=\"wp-image-185270\" srcset=\"https:\/\/www.hoymercedes.com.ar\/principal\/wp-content\/uploads\/2025\/06\/image-1024x768.png 1024w, https:\/\/www.hoymercedes.com.ar\/principal\/wp-content\/uploads\/2025\/06\/image-630x473.png 630w, https:\/\/www.hoymercedes.com.ar\/principal\/wp-content\/uploads\/2025\/06\/image-150x113.png 150w, https:\/\/www.hoymercedes.com.ar\/principal\/wp-content\/uploads\/2025\/06\/image.png 1280w\" sizes=\"auto, (max-width: 1024px) 100vw, 1024px\" \/><\/figure>\n<\/div>\n\n\n<p>Recientemente, se lanz\u00f3 una convocatoria para recibir propuestas de actividades recreativas, formativas y seguras para llevar adelante la Colonia de Verano 2026. La iniciativa est\u00e1 orientada a profesionales, instituciones y equipos de trabajo que deseen presentar proyectos destinados a chicos de entre 3 y 12 a\u00f1os. La colonia funcionar\u00e1 de lunes a viernes, de 8 a 14 horas, en el Campo de Deportes ubicado en Calle 39 entre 46 y 60.<\/p>\n\n\n\n<p>Los proyectos deber\u00e1n incluir diversas actividades, por ejemplo acu\u00e1ticas (nataci\u00f3n, juegos para ni\u00f1os, buceo para los mayores), deportes, talleres de arte, cuentacuentos, teatro y clases de seguridad en la pileta. Adem\u00e1s, se solicita detallar objetivos, metodolog\u00eda, duraci\u00f3n de las actividades, recursos necesarios, propuesta econ\u00f3mica y plan de seguridad.<\/p>\n\n\n\n<p>Las propuestas pueden enviarse por mail a ajbmercedes@gmail.com o acercarse personalmente en la sede gremial (Calle 22 N\u00ba 784), de lunes a viernes de 8 a 14:30 hs. La fecha l\u00edmite de presentaci\u00f3n es el 7 de agosto de 2025.<\/p>\n\n\n\n<p>Desde AJB Mercedes destacaron que evaluar\u00e1n los proyectos, y que \u00abse priorizar\u00e1 la calidad educativa, la seguridad y la adecuaci\u00f3n de las actividades seg\u00fan cada franja etaria\u00bb.<\/p>\n\n\n\n<p>Fuente: Prensa AJB<\/p>\n","protected":false},"excerpt":{"rendered":"<p>Desde la Asociaci\u00f3n Judicial Bonaerense de Mercedes abrieron la convocatoria para la presentaci\u00f3n de los proyectos de la Colonia de &#8230; <a title=\"La AJB recibe propuestas para las actividades de la Colonia de Verano\" class=\"read-more\" href=\"https:\/\/www.hoymercedes.com.ar\/principal\/2025\/06\/12\/la-ajb-recibe-propuestas-para-las-actividades-de-la-colonia-de-verano\/\" aria-label=\"Leer m\u00e1s sobre La AJB recibe propuestas para las actividades de la Colonia de Verano\">Leer m\u00e1s<\/a><\/p>\n","protected":false},"author":1,"featured_media":185270,"comment_status":"closed","ping_status":"open","sticky":false,"template":"","format":"standard","meta":{"_monsterinsights_skip_tracking":false,"_monsterinsights_sitenote_active":false,"_monsterinsights_sitenote_note":"","_monsterinsights_sitenote_category":0,"jetpack_post_was_ever_published":false,"_jetpack_newsletter_access":"","_jetpack_dont_email_post_to_subs":false,"_jetpack_newsletter_tier_id":0,"_jetpack_memberships_contains_paywalled_content":false,"_jetpack_memberships_contains_paid_content":false,"footnotes":"","jetpack_publicize_message":"","jetpack_publicize_feature_enabled":true,"jetpack_social_post_already_shared":true,"jetpack_social_options":{"image_generator_settings":{"template":"highway","default_image_id":0,"enabled":false},"version":2},"_wpas_customize_per_network":false},"categories":[8],"tags":[],"class_list":["post-185269","post","type-post","status-publish","format-standard","has-post-thumbnail","hentry","category-sociedad","generate-columns","tablet-grid-50","mobile-grid-100","grid-parent","grid-50"],"jetpack_publicize_connections":[],"jetpack_featured_media_url":"https:\/\/www.hoymercedes.com.ar\/principal\/wp-content\/uploads\/2025\/06\/image.png","wps_subtitle":"","jetpack_sharing_enabled":true,"_links":{"self":[{"href":"https:\/\/www.hoymercedes.com.ar\/principal\/wp-json\/wp\/v2\/posts\/185269","targetHints":{"allow":["GET"]}}],"collection":[{"href":"https:\/\/www.hoymercedes.com.ar\/principal\/wp-json\/wp\/v2\/posts"}],"about":[{"href":"https:\/\/www.hoymercedes.com.ar\/principal\/wp-json\/wp\/v2\/types\/post"}],"author":[{"embeddable":true,"href":"https:\/\/www.hoymercedes.com.ar\/principal\/wp-json\/wp\/v2\/users\/1"}],"replies":[{"embeddable":true,"href":"https:\/\/www.hoymercedes.com.ar\/principal\/wp-json\/wp\/v2\/comments?post=185269"}],"version-history":[{"count":1,"href":"https:\/\/www.hoymercedes.com.ar\/principal\/wp-json\/wp\/v2\/posts\/185269\/revisions"}],"predecessor-version":[{"id":185271,"href":"https:\/\/www.hoymercedes.com.ar\/principal\/wp-json\/wp\/v2\/posts\/185269\/revisions\/185271"}],"wp:featuredmedia":[{"embeddable":true,"href":"https:\/\/www.hoymercedes.com.ar\/principal\/wp-json\/wp\/v2\/media\/185270"}],"wp:attachment":[{"href":"https:\/\/www.hoymercedes.com.ar\/principal\/wp-json\/wp\/v2\/media?parent=185269"}],"wp:term":[{"taxonomy":"category","embeddable":true,"href":"https:\/\/www.hoymercedes.com.ar\/principal\/wp-json\/wp\/v2\/categories?post=185269"},{"taxonomy":"post_tag","embeddable":true,"href":"https:\/\/www.hoymercedes.com.ar\/principal\/wp-json\/wp\/v2\/tags?post=185269"}],"curies":[{"name":"wp","href":"https:\/\/api.w.org\/{rel}","templated":true}]}}