{"id":185281,"date":"2025-06-12T20:16:22","date_gmt":"2025-06-12T23:16:22","guid":{"rendered":"https:\/\/www.hoymercedes.com.ar\/principal\/?p=185281"},"modified":"2025-06-12T20:17:41","modified_gmt":"2025-06-12T23:17:41","slug":"realizaron-la-operacion-proteccion-de-las-infancias-v","status":"publish","type":"post","link":"https:\/\/www.hoymercedes.com.ar\/principal\/2025\/06\/12\/realizaron-la-operacion-proteccion-de-las-infancias-v\/","title":{"rendered":"Realizaron la \u00abOperaci\u00f3n Protecci\u00f3n de las Infancias V\u00bb"},"content":{"rendered":"\n<p>Desde la Fiscalia General del Departamento Judicial Mercedes comunic\u00f3 sobre un procedimiento realizado en distintos puntos de la provincia. Fueron 165 los objetivos detectados y allanados que pertenecen a 84 localidades de los distintos departamentos judiciales, entre ellos el de Mercedes. El procedimiento fue denominado \u201cOperaci\u00f3n Protecci\u00f3n de las Infancias V\u00bb el pasado 12 de junio de 2025. <\/p>\n\n\n\n<figure class=\"wp-block-gallery has-nested-images columns-default is-cropped wp-block-gallery-1 is-layout-flex wp-block-gallery-is-layout-flex\">\n<figure class=\"wp-block-image size-large\"><img loading=\"lazy\" decoding=\"async\" width=\"576\" height=\"1024\" data-attachment-id=\"185290\" data-permalink=\"https:\/\/www.hoymercedes.com.ar\/principal\/img-20250612-wa0021\/\" data-orig-file=\"https:\/\/www.hoymercedes.com.ar\/principal\/wp-content\/uploads\/2025\/06\/IMG-20250612-WA0021.jpg\" data-orig-size=\"720,1280\" data-comments-opened=\"0\" data-image-meta=\"{&quot;aperture&quot;:&quot;0&quot;,&quot;credit&quot;:&quot;&quot;,&quot;camera&quot;:&quot;&quot;,&quot;caption&quot;:&quot;&quot;,&quot;created_timestamp&quot;:&quot;0&quot;,&quot;copyright&quot;:&quot;&quot;,&quot;focal_length&quot;:&quot;0&quot;,&quot;iso&quot;:&quot;0&quot;,&quot;shutter_speed&quot;:&quot;0&quot;,&quot;title&quot;:&quot;&quot;,&quot;orientation&quot;:&quot;0&quot;}\" data-image-title=\"IMG-20250612-WA0021\" data-image-description=\"\" data-image-caption=\"\" data-large-file=\"https:\/\/www.hoymercedes.com.ar\/principal\/wp-content\/uploads\/2025\/06\/IMG-20250612-WA0021-576x1024.jpg\" data-id=\"185290\" src=\"https:\/\/www.hoymercedes.com.ar\/principal\/wp-content\/uploads\/2025\/06\/IMG-20250612-WA0021-576x1024.jpg\" alt=\"\" class=\"wp-image-185290\" srcset=\"https:\/\/www.hoymercedes.com.ar\/principal\/wp-content\/uploads\/2025\/06\/IMG-20250612-WA0021-576x1024.jpg 576w, https:\/\/www.hoymercedes.com.ar\/principal\/wp-content\/uploads\/2025\/06\/IMG-20250612-WA0021-349x620.jpg 349w, https:\/\/www.hoymercedes.com.ar\/principal\/wp-content\/uploads\/2025\/06\/IMG-20250612-WA0021-84x150.jpg 84w, https:\/\/www.hoymercedes.com.ar\/principal\/wp-content\/uploads\/2025\/06\/IMG-20250612-WA0021.jpg 720w\" sizes=\"auto, (max-width: 576px) 100vw, 576px\" \/><\/figure>\n\n\n\n<figure class=\"wp-block-image size-large\"><img loading=\"lazy\" decoding=\"async\" width=\"1024\" height=\"851\" data-attachment-id=\"185289\" data-permalink=\"https:\/\/www.hoymercedes.com.ar\/principal\/img-20250612-wa0019\/\" data-orig-file=\"https:\/\/www.hoymercedes.com.ar\/principal\/wp-content\/uploads\/2025\/06\/IMG-20250612-WA0019.jpg\" data-orig-size=\"1280,1064\" data-comments-opened=\"0\" data-image-meta=\"{&quot;aperture&quot;:&quot;0&quot;,&quot;credit&quot;:&quot;&quot;,&quot;camera&quot;:&quot;&quot;,&quot;caption&quot;:&quot;&quot;,&quot;created_timestamp&quot;:&quot;0&quot;,&quot;copyright&quot;:&quot;&quot;,&quot;focal_length&quot;:&quot;0&quot;,&quot;iso&quot;:&quot;0&quot;,&quot;shutter_speed&quot;:&quot;0&quot;,&quot;title&quot;:&quot;&quot;,&quot;orientation&quot;:&quot;0&quot;}\" data-image-title=\"IMG-20250612-WA0019\" data-image-description=\"\" data-image-caption=\"\" data-large-file=\"https:\/\/www.hoymercedes.com.ar\/principal\/wp-content\/uploads\/2025\/06\/IMG-20250612-WA0019-1024x851.jpg\" data-id=\"185289\" src=\"https:\/\/www.hoymercedes.com.ar\/principal\/wp-content\/uploads\/2025\/06\/IMG-20250612-WA0019-1024x851.jpg\" alt=\"\" class=\"wp-image-185289\" srcset=\"https:\/\/www.hoymercedes.com.ar\/principal\/wp-content\/uploads\/2025\/06\/IMG-20250612-WA0019-1024x851.jpg 1024w, https:\/\/www.hoymercedes.com.ar\/principal\/wp-content\/uploads\/2025\/06\/IMG-20250612-WA0019-630x524.jpg 630w, https:\/\/www.hoymercedes.com.ar\/principal\/wp-content\/uploads\/2025\/06\/IMG-20250612-WA0019-150x125.jpg 150w, https:\/\/www.hoymercedes.com.ar\/principal\/wp-content\/uploads\/2025\/06\/IMG-20250612-WA0019.jpg 1280w\" sizes=\"auto, (max-width: 1024px) 100vw, 1024px\" \/><\/figure>\n\n\n\n<figure class=\"wp-block-image size-large\"><img loading=\"lazy\" decoding=\"async\" width=\"1024\" height=\"768\" data-attachment-id=\"185288\" data-permalink=\"https:\/\/www.hoymercedes.com.ar\/principal\/img-20250612-wa0020\/\" data-orig-file=\"https:\/\/www.hoymercedes.com.ar\/principal\/wp-content\/uploads\/2025\/06\/IMG-20250612-WA0020.jpg\" data-orig-size=\"1280,960\" data-comments-opened=\"0\" data-image-meta=\"{&quot;aperture&quot;:&quot;0&quot;,&quot;credit&quot;:&quot;&quot;,&quot;camera&quot;:&quot;&quot;,&quot;caption&quot;:&quot;&quot;,&quot;created_timestamp&quot;:&quot;0&quot;,&quot;copyright&quot;:&quot;&quot;,&quot;focal_length&quot;:&quot;0&quot;,&quot;iso&quot;:&quot;0&quot;,&quot;shutter_speed&quot;:&quot;0&quot;,&quot;title&quot;:&quot;&quot;,&quot;orientation&quot;:&quot;0&quot;}\" data-image-title=\"IMG-20250612-WA0020\" data-image-description=\"\" data-image-caption=\"\" data-large-file=\"https:\/\/www.hoymercedes.com.ar\/principal\/wp-content\/uploads\/2025\/06\/IMG-20250612-WA0020-1024x768.jpg\" data-id=\"185288\" src=\"https:\/\/www.hoymercedes.com.ar\/principal\/wp-content\/uploads\/2025\/06\/IMG-20250612-WA0020-1024x768.jpg\" alt=\"\" class=\"wp-image-185288\" srcset=\"https:\/\/www.hoymercedes.com.ar\/principal\/wp-content\/uploads\/2025\/06\/IMG-20250612-WA0020-1024x768.jpg 1024w, https:\/\/www.hoymercedes.com.ar\/principal\/wp-content\/uploads\/2025\/06\/IMG-20250612-WA0020-630x473.jpg 630w, https:\/\/www.hoymercedes.com.ar\/principal\/wp-content\/uploads\/2025\/06\/IMG-20250612-WA0020-150x113.jpg 150w, https:\/\/www.hoymercedes.com.ar\/principal\/wp-content\/uploads\/2025\/06\/IMG-20250612-WA0020.jpg 1280w\" sizes=\"auto, (max-width: 1024px) 100vw, 1024px\" \/><\/figure>\n<\/figure>\n\n\n\n<p>De acuerdo a la informaci\u00f3n judicial, se trata de la quinta operaci\u00f3n de estas caracter\u00edsticas, ejecutado por los fiscales referentes en Grooming, Ciberpedofilia y abuso sexual infantil del Ministerio P\u00fablico de la provincia de Buenos Aires, a cargo del Procurador General Dr. Julio Conte-Grand.<\/p>\n\n\n\n<p>El procedimiento estuvo coordinado desde el Departamento de Delitos Conexos a la Trata de Personas, Ciberpedofilia y Grooming, perteneciente a la \u00f3rbita de la Secretar\u00eda de Pol\u00edtica Criminal de la Procuraci\u00f3n General, a cargo del Dr. Francisco Pont Verg\u00e9s, junto a los fiscales especializados en la tem\u00e1tica.<\/p>\n\n\n\n<p>Siete Fiscal\u00edas y\/o Ayudant\u00edas especializadas funcionaron como Nodos, a saber: la Unidad Funcional de Instrucci\u00f3n n\u00b022 del Departamento Judicial de Azul, a cargo del Agente Fiscal Lucas Moyano; la Unidad Funcional de Instrucci\u00f3n y Juicio N.\u00ba 20 del Departamento Judicial Bah\u00eda Blanca, a cargo del Dr. Rodolfo De Luc\u00eda; la Unidad Funcional de Instrucci\u00f3n n\u00b0 8 del Departamento Judicial de Dolores, a cargo del Dr. Walter Mercuri; la Ayudant\u00eda Fiscal en Delitos Conexos a la Trata de Personas, Ciberpedofilia y Grooming del Departamento Judicial de Jun\u00edn, a cargo del Dr. Fernando Graffigna; la Ayudant\u00eda Fiscal con competencia exclusiva en delitos conexos a la Trata de Personas, Ciberpedofilia y Grooming del Departamento Judicial de La Matanza, a cargo de las Dras. Lorena Natalia Pecorelli y Daniela S\u00e1nchez; la Unidad Funcional de Instrucci\u00f3n y Juicio N.\u00ba 8 descentralizada de Berazategui especializada en Delitos Conexos a la Trata de Personas, Ciberpedofilia y Grooming del Departamento Judicial de Quilmes, a cargo del Dr. Daniel Ichazo; y a la Oficina de An\u00e1lisis y Seguimiento de la Informaci\u00f3n Criminal, a cargo del Secretario Jos\u00e9 Mar\u00eda Cifuentes, dependiente de la Unidad Funcional de Instrucci\u00f3n y Juicio N.\u00ba 3 del Departamento Judicial de Pergamino, a cargo del Dr. Nelson Mastorchio.<\/p>\n\n\n\n<figure class=\"wp-block-gallery has-nested-images columns-default is-cropped wp-block-gallery-2 is-layout-flex wp-block-gallery-is-layout-flex\">\n<figure class=\"wp-block-image size-large\"><img loading=\"lazy\" decoding=\"async\" width=\"1024\" height=\"683\" data-attachment-id=\"185286\" data-permalink=\"https:\/\/www.hoymercedes.com.ar\/principal\/img-20250612-wa0025\/\" data-orig-file=\"https:\/\/www.hoymercedes.com.ar\/principal\/wp-content\/uploads\/2025\/06\/IMG-20250612-WA0025.jpg\" data-orig-size=\"1599,1066\" data-comments-opened=\"0\" data-image-meta=\"{&quot;aperture&quot;:&quot;0&quot;,&quot;credit&quot;:&quot;&quot;,&quot;camera&quot;:&quot;&quot;,&quot;caption&quot;:&quot;&quot;,&quot;created_timestamp&quot;:&quot;0&quot;,&quot;copyright&quot;:&quot;&quot;,&quot;focal_length&quot;:&quot;0&quot;,&quot;iso&quot;:&quot;0&quot;,&quot;shutter_speed&quot;:&quot;0&quot;,&quot;title&quot;:&quot;&quot;,&quot;orientation&quot;:&quot;0&quot;}\" data-image-title=\"IMG-20250612-WA0025\" data-image-description=\"\" data-image-caption=\"\" data-large-file=\"https:\/\/www.hoymercedes.com.ar\/principal\/wp-content\/uploads\/2025\/06\/IMG-20250612-WA0025-1024x683.jpg\" data-id=\"185286\" src=\"https:\/\/www.hoymercedes.com.ar\/principal\/wp-content\/uploads\/2025\/06\/IMG-20250612-WA0025-1024x683.jpg\" alt=\"\" class=\"wp-image-185286\" srcset=\"https:\/\/www.hoymercedes.com.ar\/principal\/wp-content\/uploads\/2025\/06\/IMG-20250612-WA0025-1024x683.jpg 1024w, https:\/\/www.hoymercedes.com.ar\/principal\/wp-content\/uploads\/2025\/06\/IMG-20250612-WA0025-630x420.jpg 630w, https:\/\/www.hoymercedes.com.ar\/principal\/wp-content\/uploads\/2025\/06\/IMG-20250612-WA0025-150x100.jpg 150w, https:\/\/www.hoymercedes.com.ar\/principal\/wp-content\/uploads\/2025\/06\/IMG-20250612-WA0025-1536x1024.jpg 1536w, https:\/\/www.hoymercedes.com.ar\/principal\/wp-content\/uploads\/2025\/06\/IMG-20250612-WA0025.jpg 1599w\" sizes=\"auto, (max-width: 1024px) 100vw, 1024px\" \/><\/figure>\n\n\n\n<figure class=\"wp-block-image size-large\"><img loading=\"lazy\" decoding=\"async\" width=\"1024\" height=\"683\" data-attachment-id=\"185287\" data-permalink=\"https:\/\/www.hoymercedes.com.ar\/principal\/img-20250612-wa0023\/\" data-orig-file=\"https:\/\/www.hoymercedes.com.ar\/principal\/wp-content\/uploads\/2025\/06\/IMG-20250612-WA0023.jpg\" data-orig-size=\"1599,1066\" data-comments-opened=\"0\" data-image-meta=\"{&quot;aperture&quot;:&quot;0&quot;,&quot;credit&quot;:&quot;&quot;,&quot;camera&quot;:&quot;&quot;,&quot;caption&quot;:&quot;&quot;,&quot;created_timestamp&quot;:&quot;0&quot;,&quot;copyright&quot;:&quot;&quot;,&quot;focal_length&quot;:&quot;0&quot;,&quot;iso&quot;:&quot;0&quot;,&quot;shutter_speed&quot;:&quot;0&quot;,&quot;title&quot;:&quot;&quot;,&quot;orientation&quot;:&quot;0&quot;}\" data-image-title=\"IMG-20250612-WA0023\" data-image-description=\"\" data-image-caption=\"\" data-large-file=\"https:\/\/www.hoymercedes.com.ar\/principal\/wp-content\/uploads\/2025\/06\/IMG-20250612-WA0023-1024x683.jpg\" data-id=\"185287\" src=\"https:\/\/www.hoymercedes.com.ar\/principal\/wp-content\/uploads\/2025\/06\/IMG-20250612-WA0023-1024x683.jpg\" alt=\"\" class=\"wp-image-185287\" srcset=\"https:\/\/www.hoymercedes.com.ar\/principal\/wp-content\/uploads\/2025\/06\/IMG-20250612-WA0023-1024x683.jpg 1024w, https:\/\/www.hoymercedes.com.ar\/principal\/wp-content\/uploads\/2025\/06\/IMG-20250612-WA0023-630x420.jpg 630w, https:\/\/www.hoymercedes.com.ar\/principal\/wp-content\/uploads\/2025\/06\/IMG-20250612-WA0023-150x100.jpg 150w, https:\/\/www.hoymercedes.com.ar\/principal\/wp-content\/uploads\/2025\/06\/IMG-20250612-WA0023-1536x1024.jpg 1536w, https:\/\/www.hoymercedes.com.ar\/principal\/wp-content\/uploads\/2025\/06\/IMG-20250612-WA0023.jpg 1599w\" sizes=\"auto, (max-width: 1024px) 100vw, 1024px\" \/><\/figure>\n\n\n\n<figure class=\"wp-block-image size-large\"><img loading=\"lazy\" decoding=\"async\" width=\"1024\" height=\"683\" data-attachment-id=\"185285\" data-permalink=\"https:\/\/www.hoymercedes.com.ar\/principal\/img-20250612-wa0022\/\" data-orig-file=\"https:\/\/www.hoymercedes.com.ar\/principal\/wp-content\/uploads\/2025\/06\/IMG-20250612-WA0022.jpg\" data-orig-size=\"1599,1066\" data-comments-opened=\"0\" data-image-meta=\"{&quot;aperture&quot;:&quot;0&quot;,&quot;credit&quot;:&quot;&quot;,&quot;camera&quot;:&quot;&quot;,&quot;caption&quot;:&quot;&quot;,&quot;created_timestamp&quot;:&quot;0&quot;,&quot;copyright&quot;:&quot;&quot;,&quot;focal_length&quot;:&quot;0&quot;,&quot;iso&quot;:&quot;0&quot;,&quot;shutter_speed&quot;:&quot;0&quot;,&quot;title&quot;:&quot;&quot;,&quot;orientation&quot;:&quot;0&quot;}\" data-image-title=\"IMG-20250612-WA0022\" data-image-description=\"\" data-image-caption=\"\" data-large-file=\"https:\/\/www.hoymercedes.com.ar\/principal\/wp-content\/uploads\/2025\/06\/IMG-20250612-WA0022-1024x683.jpg\" data-id=\"185285\" src=\"https:\/\/www.hoymercedes.com.ar\/principal\/wp-content\/uploads\/2025\/06\/IMG-20250612-WA0022-1024x683.jpg\" alt=\"\" class=\"wp-image-185285\" srcset=\"https:\/\/www.hoymercedes.com.ar\/principal\/wp-content\/uploads\/2025\/06\/IMG-20250612-WA0022-1024x683.jpg 1024w, https:\/\/www.hoymercedes.com.ar\/principal\/wp-content\/uploads\/2025\/06\/IMG-20250612-WA0022-630x420.jpg 630w, https:\/\/www.hoymercedes.com.ar\/principal\/wp-content\/uploads\/2025\/06\/IMG-20250612-WA0022-150x100.jpg 150w, https:\/\/www.hoymercedes.com.ar\/principal\/wp-content\/uploads\/2025\/06\/IMG-20250612-WA0022-1536x1024.jpg 1536w, https:\/\/www.hoymercedes.com.ar\/principal\/wp-content\/uploads\/2025\/06\/IMG-20250612-WA0022.jpg 1599w\" sizes=\"auto, (max-width: 1024px) 100vw, 1024px\" \/><\/figure>\n<\/figure>\n\n\n\n<p>Los 165 objetivos detectados y allanados pertenecen a los departamentos judiciales: Avellaneda-Lan\u00fas, Azul, Bah\u00eda Blanca, descentralizada de Tres Arroyos, Dolores, Jun\u00edn, La Matanza, La Plata, Lomas de Zamora, descentralizadas de Esteban Echeverr\u00eda y Ezeiza, Mar del Plata y descentralizada General Alvarado, Mercedes, Moreno-Gral. Rodr\u00edguez, Mor\u00f3n, Pergamino, Quilmes, San Isidro, San Mart\u00edn, San Nicol\u00e1s, Trenque Lauquen y Z\u00e1rate-Campana.<\/p>\n\n\n\n<p>A partir de los resultados obtenidos en la operaci\u00f3n, pudo establecerse que, del total de 137 sospechosos, 126 de ellos son varones y 13 son mujeres; con edades comprendidas entre los 16 a 81 a\u00f1os; 9 trabajan en contacto directo con infancias o adolescencias; y se identificaron 63 menores de edad convivientes. A su vez, se produjo la detenci\u00f3n de 16 personas y se secuestraron 214 computadoras, 350 dispositivos de almacenamiento, 357 celulares, armas de fuego, estupefacientes y 129 elementos no digitales.<\/p>\n\n\n\n<p>Adem\u00e1s del delito de descarga y distribuci\u00f3n de material de abuso sexual infantil, se incluyen entre los investigados: la tenencia, su posible producci\u00f3n y el acoso sexual en l\u00ednea (conocido com\u00fanmente como Grooming), contemplados en los Art. 128 y 131 del C\u00f3digo Penal Argentino.<\/p>\n\n\n\n<p>La red de fiscales referentes de la provincia de Buenos Aires que llev\u00f3 a cabo la quinta edici\u00f3n de la Operaci\u00f3n Protecci\u00f3n de Infancias, est\u00e1 conformada por los Dres. Lucas Moyano y D\u00e9bora Marconi (Azul); Rodolfo De Luc\u00eda y Natalia Ramos (Bah\u00eda Blanca cabecera y Tres Arroyos respectivamente); Walter M\u00e9rcuri (Dolores); Fernando Graffigna (Jun\u00edn); Luis Brogna, Lorena Pecorelli y Daniela S\u00e1nchez (La Matanza); Cecilia Corfield y Hugo Tes\u00f3n (La Plata); N\u00e9stor Rodrigo Mart\u00ednez Wakun, Vanesa Gonz\u00e1lez y Fernando Dapiaggi, y Mar\u00eda Lorena Gonz\u00e1lez y Mat\u00edas Margonari (Lomas de Zamora cabecera, Esteban Echeverr\u00eda y Ezeiza respectivamente); Graciela Trill y Ana Caro (Mar del Plata y General Alvarado respectivamente); Javier Ariel Casarini (Mercedes); Marisa Monti y Claudio Oviedo (Mor\u00f3n); Nelson Mastorchio y Jos\u00e9 Mar\u00eda Cifuentes (Pergamino); Daniel Ichazo y Alejandro Ramiro Unamunzaga (Quilmes); Gonzalo Acosta (San Isidro); Vanesa Leggio (San Mart\u00edn); Jorge Leveratto y Julio Carretto (San Nicol\u00e1s); Mariel Corredera y Ra\u00fal Frizza (Trenque Lauquen); Alejandro Eduardo Irigoyen (Z\u00e1rate-Campana); \u00c9rica Chiessi, Cecilia Villagra y Graciela Celayes (Moreno-General Rodr\u00edguez); Mar\u00eda Laura Carballal y Mariano Mera (Avellaneda); y Mar\u00eda Fernanda Wilhelm y Oscar Maidana (Lan\u00fas).<\/p>\n\n\n<div class=\"wp-block-image\">\n<figure class=\"alignleft size-large is-resized\"><img loading=\"lazy\" decoding=\"async\" width=\"768\" height=\"1024\" data-attachment-id=\"185284\" data-permalink=\"https:\/\/www.hoymercedes.com.ar\/principal\/img-20250612-wa0024\/\" data-orig-file=\"https:\/\/www.hoymercedes.com.ar\/principal\/wp-content\/uploads\/2025\/06\/IMG-20250612-WA0024.jpg\" data-orig-size=\"960,1280\" data-comments-opened=\"0\" data-image-meta=\"{&quot;aperture&quot;:&quot;0&quot;,&quot;credit&quot;:&quot;&quot;,&quot;camera&quot;:&quot;&quot;,&quot;caption&quot;:&quot;&quot;,&quot;created_timestamp&quot;:&quot;0&quot;,&quot;copyright&quot;:&quot;&quot;,&quot;focal_length&quot;:&quot;0&quot;,&quot;iso&quot;:&quot;0&quot;,&quot;shutter_speed&quot;:&quot;0&quot;,&quot;title&quot;:&quot;&quot;,&quot;orientation&quot;:&quot;0&quot;}\" data-image-title=\"IMG-20250612-WA0024\" data-image-description=\"\" data-image-caption=\"\" data-large-file=\"https:\/\/www.hoymercedes.com.ar\/principal\/wp-content\/uploads\/2025\/06\/IMG-20250612-WA0024-768x1024.jpg\" src=\"https:\/\/www.hoymercedes.com.ar\/principal\/wp-content\/uploads\/2025\/06\/IMG-20250612-WA0024-768x1024.jpg\" alt=\"\" class=\"wp-image-185284\" style=\"width:389px;height:auto\" srcset=\"https:\/\/www.hoymercedes.com.ar\/principal\/wp-content\/uploads\/2025\/06\/IMG-20250612-WA0024-768x1024.jpg 768w, https:\/\/www.hoymercedes.com.ar\/principal\/wp-content\/uploads\/2025\/06\/IMG-20250612-WA0024-465x620.jpg 465w, https:\/\/www.hoymercedes.com.ar\/principal\/wp-content\/uploads\/2025\/06\/IMG-20250612-WA0024-113x150.jpg 113w, https:\/\/www.hoymercedes.com.ar\/principal\/wp-content\/uploads\/2025\/06\/IMG-20250612-WA0024.jpg 960w\" sizes=\"auto, (max-width: 768px) 100vw, 768px\" \/><\/figure>\n<\/div>\n\n\n<p>La informaci\u00f3n oficial destaca la esencial participaci\u00f3n de efectivos y expertos pertenecientes a las fuerzas de la Direcci\u00f3n de Investigaciones en Cibercrimen de la Polic\u00eda de la Provincia de Buenos Aires, a cargo del Comisario Mayor Ariel Rodr\u00edguez, Divisi\u00f3n de delitos cibern\u00e9ticos contra la ni\u00f1ez y adolescencia de la Polic\u00eda Federal Argentina, a cargo del Crio. Patricio Castro, Divisi\u00f3n Investigaciones de Delitos Contra la Ni\u00f1ez y Adolescencia de la Polic\u00eda de la Ciudad de Buenos Aires a cargo del Comisario Ra\u00fal Oscar L\u00edbano; Divisi\u00f3n Delitos Inform\u00e1ticos de Azul, General Alvarado, Trenque Lauquen, Divisi\u00f3n Delitos Inform\u00e1ticos de la Jefatura de Estaci\u00f3n de Berazategui; Secciones AMBA Norte, AMBA Sur III, y Regi\u00f3n Interior Sur de la Direcci\u00f3n de Investigaciones en Cibercrimen de la Polic\u00eda de la Provincia de Buenos Aires, la Direcci\u00f3n de Investigaciones contra la Trata de Personas y Delitos Contra la Integridad Sexual (PFA); la Polic\u00eda Federal Divisi\u00f3n Comunicaciones de Mar del Plata; las Divisiones Unidad Operativa Federal (DUOF) de Jun\u00edn, Mar del Plata, Necochea y Pinamar.<\/p>\n\n\n\n<p>Fuente: Departamento de Prensa de la Fiscal\u00eda General del Departamento Judicial Mercedes. <\/p>\n","protected":false},"excerpt":{"rendered":"<p>Desde la Fiscalia General del Departamento Judicial Mercedes comunic\u00f3 sobre un procedimiento realizado en distintos puntos de la provincia. Fueron &#8230; <a title=\"Realizaron la \u00abOperaci\u00f3n Protecci\u00f3n de las Infancias V\u00bb\" class=\"read-more\" href=\"https:\/\/www.hoymercedes.com.ar\/principal\/2025\/06\/12\/realizaron-la-operacion-proteccion-de-las-infancias-v\/\" aria-label=\"Leer m\u00e1s sobre Realizaron la \u00abOperaci\u00f3n Protecci\u00f3n de las Infancias V\u00bb\">Leer m\u00e1s<\/a><\/p>\n","protected":false},"author":1,"featured_media":185289,"comment_status":"closed","ping_status":"open","sticky":false,"template":"","format":"standard","meta":{"_monsterinsights_skip_tracking":false,"_monsterinsights_sitenote_active":false,"_monsterinsights_sitenote_note":"","_monsterinsights_sitenote_category":0,"jetpack_post_was_ever_published":false,"_jetpack_newsletter_access":"","_jetpack_dont_email_post_to_subs":false,"_jetpack_newsletter_tier_id":0,"_jetpack_memberships_contains_paywalled_content":false,"_jetpack_memberships_contains_paid_content":false,"footnotes":"","jetpack_publicize_message":"","jetpack_publicize_feature_enabled":true,"jetpack_social_post_already_shared":false,"jetpack_social_options":{"image_generator_settings":{"template":"highway","default_image_id":0,"enabled":false},"version":2},"_wpas_customize_per_network":false},"categories":[8],"tags":[],"class_list":["post-185281","post","type-post","status-publish","format-standard","has-post-thumbnail","hentry","category-sociedad","generate-columns","tablet-grid-50","mobile-grid-100","grid-parent","grid-50"],"jetpack_publicize_connections":[],"jetpack_featured_media_url":"https:\/\/www.hoymercedes.com.ar\/principal\/wp-content\/uploads\/2025\/06\/IMG-20250612-WA0019.jpg","wps_subtitle":"","jetpack_sharing_enabled":true,"_links":{"self":[{"href":"https:\/\/www.hoymercedes.com.ar\/principal\/wp-json\/wp\/v2\/posts\/185281","targetHints":{"allow":["GET"]}}],"collection":[{"href":"https:\/\/www.hoymercedes.com.ar\/principal\/wp-json\/wp\/v2\/posts"}],"about":[{"href":"https:\/\/www.hoymercedes.com.ar\/principal\/wp-json\/wp\/v2\/types\/post"}],"author":[{"embeddable":true,"href":"https:\/\/www.hoymercedes.com.ar\/principal\/wp-json\/wp\/v2\/users\/1"}],"replies":[{"embeddable":true,"href":"https:\/\/www.hoymercedes.com.ar\/principal\/wp-json\/wp\/v2\/comments?post=185281"}],"version-history":[{"count":3,"href":"https:\/\/www.hoymercedes.com.ar\/principal\/wp-json\/wp\/v2\/posts\/185281\/revisions"}],"predecessor-version":[{"id":185291,"href":"https:\/\/www.hoymercedes.com.ar\/principal\/wp-json\/wp\/v2\/posts\/185281\/revisions\/185291"}],"wp:featuredmedia":[{"embeddable":true,"href":"https:\/\/www.hoymercedes.com.ar\/principal\/wp-json\/wp\/v2\/media\/185289"}],"wp:attachment":[{"href":"https:\/\/www.hoymercedes.com.ar\/principal\/wp-json\/wp\/v2\/media?parent=185281"}],"wp:term":[{"taxonomy":"category","embeddable":true,"href":"https:\/\/www.hoymercedes.com.ar\/principal\/wp-json\/wp\/v2\/categories?post=185281"},{"taxonomy":"post_tag","embeddable":true,"href":"https:\/\/www.hoymercedes.com.ar\/principal\/wp-json\/wp\/v2\/tags?post=185281"}],"curies":[{"name":"wp","href":"https:\/\/api.w.org\/{rel}","templated":true}]}}