{"id":185308,"date":"2025-06-14T11:00:53","date_gmt":"2025-06-14T14:00:53","guid":{"rendered":"https:\/\/www.hoymercedes.com.ar\/principal\/?p=185308"},"modified":"2025-06-14T11:14:48","modified_gmt":"2025-06-14T14:14:48","slug":"bomberos-voluntarios-recibieron-gomon-por-su-colaboracion-en-las-inundaciones","status":"publish","type":"post","link":"https:\/\/www.hoymercedes.com.ar\/principal\/2025\/06\/14\/bomberos-voluntarios-recibieron-gomon-por-su-colaboracion-en-las-inundaciones\/","title":{"rendered":"Bomberos Voluntarios recibieron gom\u00f3n por su colaboraci\u00f3n en las inundaciones"},"content":{"rendered":"\n<p>El pasado jueves, el Cuerpo de Bomberos Voluntarios de Mercedes se hicieron presentes en el cuartel de Bomberos Voluntarios de Campana para recibir un gom\u00f3n a modo de reconocimiento y agradecimiento por la activa participaci\u00f3n en las recientes inundaciones de la provincia de Buenos Aires. <\/p>\n\n\n<div class=\"wp-block-image\">\n<figure class=\"alignleft size-large is-resized\"><img loading=\"lazy\" decoding=\"async\" width=\"769\" height=\"1024\" data-attachment-id=\"185312\" data-permalink=\"https:\/\/www.hoymercedes.com.ar\/principal\/screenshot_20250614-103551_copy_954x1271\/\" data-orig-file=\"https:\/\/www.hoymercedes.com.ar\/principal\/wp-content\/uploads\/2025\/06\/Screenshot_20250614-103551_copy_954x1271.png\" data-orig-size=\"954,1271\" data-comments-opened=\"0\" data-image-meta=\"{&quot;aperture&quot;:&quot;0&quot;,&quot;credit&quot;:&quot;&quot;,&quot;camera&quot;:&quot;&quot;,&quot;caption&quot;:&quot;&quot;,&quot;created_timestamp&quot;:&quot;0&quot;,&quot;copyright&quot;:&quot;&quot;,&quot;focal_length&quot;:&quot;0&quot;,&quot;iso&quot;:&quot;0&quot;,&quot;shutter_speed&quot;:&quot;0&quot;,&quot;title&quot;:&quot;&quot;,&quot;orientation&quot;:&quot;0&quot;}\" data-image-title=\"Screenshot_20250614-103551_copy_954x1271\" data-image-description=\"\" data-image-caption=\"\" data-large-file=\"https:\/\/www.hoymercedes.com.ar\/principal\/wp-content\/uploads\/2025\/06\/Screenshot_20250614-103551_copy_954x1271-769x1024.png\" src=\"https:\/\/www.hoymercedes.com.ar\/principal\/wp-content\/uploads\/2025\/06\/Screenshot_20250614-103551_copy_954x1271-769x1024.png\" alt=\"\" class=\"wp-image-185312\" style=\"width:276px;height:auto\" srcset=\"https:\/\/www.hoymercedes.com.ar\/principal\/wp-content\/uploads\/2025\/06\/Screenshot_20250614-103551_copy_954x1271-769x1024.png 769w, https:\/\/www.hoymercedes.com.ar\/principal\/wp-content\/uploads\/2025\/06\/Screenshot_20250614-103551_copy_954x1271-465x620.png 465w, https:\/\/www.hoymercedes.com.ar\/principal\/wp-content\/uploads\/2025\/06\/Screenshot_20250614-103551_copy_954x1271-113x150.png 113w, https:\/\/www.hoymercedes.com.ar\/principal\/wp-content\/uploads\/2025\/06\/Screenshot_20250614-103551_copy_954x1271.png 954w\" sizes=\"auto, (max-width: 769px) 100vw, 769px\" \/><\/figure>\n<\/div>\n\n\n<p>Desde la instituci\u00f3n mercedina destacaron que es \u00abun hermoso obsequio de nuestros queridos amigos y colegas, los Bomberos Voluntarios de Campana. Este gesto refleja el sincero agradecimiento y reconocimiento que ellos desean compartir por la labor y ayuda que brindamos juntos durante las inundaciones. Gracias a todos los que estaban all\u00ed, porque juntos somos m\u00e1s fuertes y podemos afrontar cualquier desaf\u00edo\u00bb.<\/p>\n\n\n\n<p>Cabe destacar que las embarcaciones fueron donadas por \u00ab1win Charity\u00bb, la rama filantr\u00f3pica de la empresa. Fueron\u00a010 embarcaciones a cuerpos de bomberos voluntarios\u00a0de municipios que atravesaron la emergencia h\u00eddrica y est\u00e1n m\u00e1s expuestos a inundaciones. La donaci\u00f3n es para \u00abfortalecer su capacidad de respuesta y rescate, en respuesta a las recientes inundaciones que afectaron a m\u00e1s de 30 municipios de la provincia de Buenos Aires y Entre R\u00edos\u00bb. <\/p>\n\n\n<div class=\"wp-block-image\">\n<figure class=\"aligncenter size-full is-resized\"><img loading=\"lazy\" decoding=\"async\" width=\"1020\" height=\"887\" data-attachment-id=\"185311\" data-permalink=\"https:\/\/www.hoymercedes.com.ar\/principal\/screenshot_20250614-103520_copy_1020x887\/\" data-orig-file=\"https:\/\/www.hoymercedes.com.ar\/principal\/wp-content\/uploads\/2025\/06\/Screenshot_20250614-103520_copy_1020x887.png\" data-orig-size=\"1020,887\" data-comments-opened=\"0\" data-image-meta=\"{&quot;aperture&quot;:&quot;0&quot;,&quot;credit&quot;:&quot;&quot;,&quot;camera&quot;:&quot;&quot;,&quot;caption&quot;:&quot;&quot;,&quot;created_timestamp&quot;:&quot;0&quot;,&quot;copyright&quot;:&quot;&quot;,&quot;focal_length&quot;:&quot;0&quot;,&quot;iso&quot;:&quot;0&quot;,&quot;shutter_speed&quot;:&quot;0&quot;,&quot;title&quot;:&quot;&quot;,&quot;orientation&quot;:&quot;0&quot;}\" data-image-title=\"Screenshot_20250614-103520_copy_1020x887\" data-image-description=\"\" data-image-caption=\"\" data-large-file=\"https:\/\/www.hoymercedes.com.ar\/principal\/wp-content\/uploads\/2025\/06\/Screenshot_20250614-103520_copy_1020x887.png\" src=\"https:\/\/www.hoymercedes.com.ar\/principal\/wp-content\/uploads\/2025\/06\/Screenshot_20250614-103520_copy_1020x887.png\" alt=\"\" class=\"wp-image-185311\" style=\"width:534px;height:auto\" srcset=\"https:\/\/www.hoymercedes.com.ar\/principal\/wp-content\/uploads\/2025\/06\/Screenshot_20250614-103520_copy_1020x887.png 1020w, https:\/\/www.hoymercedes.com.ar\/principal\/wp-content\/uploads\/2025\/06\/Screenshot_20250614-103520_copy_1020x887-630x548.png 630w, https:\/\/www.hoymercedes.com.ar\/principal\/wp-content\/uploads\/2025\/06\/Screenshot_20250614-103520_copy_1020x887-150x130.png 150w\" sizes=\"auto, (max-width: 1020px) 100vw, 1020px\" \/><\/figure>\n<\/div>\n\n\n<p>La iniciativa forma parte de su misi\u00f3n global \u201cWe Care. We Share\u201d, y busca brindar herramientas concretas en contextos donde \u00abcada minuto cuenta\u00bb. Las unidades fueron destinadas a municipios de\u00a0Z\u00e1rate, Campana, Salto, San Antonio de Areco, Arrecifes, Capit\u00e1n Sarmiento, Mercedes, Gualeguaych\u00fa, Gualeguay y Concordia.<\/p>\n\n\n<div class=\"wp-block-image\">\n<figure class=\"aligncenter size-full\"><img loading=\"lazy\" decoding=\"async\" width=\"800\" height=\"533\" data-attachment-id=\"185313\" data-permalink=\"https:\/\/www.hoymercedes.com.ar\/principal\/2025\/06\/14\/bomberos-voluntarios-recibieron-gomon-por-su-colaboracion-en-las-inundaciones\/1win-entrega-de-embarcaciones\/#main\" data-orig-file=\"https:\/\/www.hoymercedes.com.ar\/principal\/wp-content\/uploads\/2025\/06\/1win-entrega-de-embarcaciones.jpg\" data-orig-size=\"800,533\" data-comments-opened=\"0\" data-image-meta=\"{&quot;aperture&quot;:&quot;0&quot;,&quot;credit&quot;:&quot;&quot;,&quot;camera&quot;:&quot;&quot;,&quot;caption&quot;:&quot;&quot;,&quot;created_timestamp&quot;:&quot;0&quot;,&quot;copyright&quot;:&quot;&quot;,&quot;focal_length&quot;:&quot;0&quot;,&quot;iso&quot;:&quot;0&quot;,&quot;shutter_speed&quot;:&quot;0&quot;,&quot;title&quot;:&quot;&quot;,&quot;orientation&quot;:&quot;0&quot;}\" data-image-title=\"1win entrega de embarcaciones\" data-image-description=\"\" data-image-caption=\"\" data-large-file=\"https:\/\/www.hoymercedes.com.ar\/principal\/wp-content\/uploads\/2025\/06\/1win-entrega-de-embarcaciones.jpg\" src=\"https:\/\/www.hoymercedes.com.ar\/principal\/wp-content\/uploads\/2025\/06\/1win-entrega-de-embarcaciones.jpg\" alt=\"\" class=\"wp-image-185313\" srcset=\"https:\/\/www.hoymercedes.com.ar\/principal\/wp-content\/uploads\/2025\/06\/1win-entrega-de-embarcaciones.jpg 800w, https:\/\/www.hoymercedes.com.ar\/principal\/wp-content\/uploads\/2025\/06\/1win-entrega-de-embarcaciones-630x420.jpg 630w, https:\/\/www.hoymercedes.com.ar\/principal\/wp-content\/uploads\/2025\/06\/1win-entrega-de-embarcaciones-150x100.jpg 150w, https:\/\/www.hoymercedes.com.ar\/principal\/wp-content\/uploads\/2025\/06\/1win-entrega-de-embarcaciones-700x465.jpg 700w\" sizes=\"auto, (max-width: 800px) 100vw, 800px\" \/><\/figure>\n<\/div>","protected":false},"excerpt":{"rendered":"<p>El pasado jueves, el Cuerpo de Bomberos Voluntarios de Mercedes se hicieron presentes en el cuartel de Bomberos Voluntarios de &#8230; <a title=\"Bomberos Voluntarios recibieron gom\u00f3n por su colaboraci\u00f3n en las inundaciones\" class=\"read-more\" href=\"https:\/\/www.hoymercedes.com.ar\/principal\/2025\/06\/14\/bomberos-voluntarios-recibieron-gomon-por-su-colaboracion-en-las-inundaciones\/\" aria-label=\"Leer m\u00e1s sobre Bomberos Voluntarios recibieron gom\u00f3n por su colaboraci\u00f3n en las inundaciones\">Leer m\u00e1s<\/a><\/p>\n","protected":false},"author":1,"featured_media":185311,"comment_status":"closed","ping_status":"open","sticky":false,"template":"","format":"standard","meta":{"_monsterinsights_skip_tracking":false,"_monsterinsights_sitenote_active":false,"_monsterinsights_sitenote_note":"","_monsterinsights_sitenote_category":0,"jetpack_post_was_ever_published":false,"_jetpack_newsletter_access":"","_jetpack_dont_email_post_to_subs":false,"_jetpack_newsletter_tier_id":0,"_jetpack_memberships_contains_paywalled_content":false,"_jetpack_memberships_contains_paid_content":false,"footnotes":"","jetpack_publicize_message":"","jetpack_publicize_feature_enabled":true,"jetpack_social_post_already_shared":false,"jetpack_social_options":{"image_generator_settings":{"template":"highway","default_image_id":0,"enabled":false},"version":2},"_wpas_customize_per_network":false},"categories":[8],"tags":[],"class_list":["post-185308","post","type-post","status-publish","format-standard","has-post-thumbnail","hentry","category-sociedad","generate-columns","tablet-grid-50","mobile-grid-100","grid-parent","grid-50"],"jetpack_publicize_connections":[],"jetpack_featured_media_url":"https:\/\/www.hoymercedes.com.ar\/principal\/wp-content\/uploads\/2025\/06\/Screenshot_20250614-103520_copy_1020x887.png","wps_subtitle":"","jetpack_sharing_enabled":true,"_links":{"self":[{"href":"https:\/\/www.hoymercedes.com.ar\/principal\/wp-json\/wp\/v2\/posts\/185308","targetHints":{"allow":["GET"]}}],"collection":[{"href":"https:\/\/www.hoymercedes.com.ar\/principal\/wp-json\/wp\/v2\/posts"}],"about":[{"href":"https:\/\/www.hoymercedes.com.ar\/principal\/wp-json\/wp\/v2\/types\/post"}],"author":[{"embeddable":true,"href":"https:\/\/www.hoymercedes.com.ar\/principal\/wp-json\/wp\/v2\/users\/1"}],"replies":[{"embeddable":true,"href":"https:\/\/www.hoymercedes.com.ar\/principal\/wp-json\/wp\/v2\/comments?post=185308"}],"version-history":[{"count":1,"href":"https:\/\/www.hoymercedes.com.ar\/principal\/wp-json\/wp\/v2\/posts\/185308\/revisions"}],"predecessor-version":[{"id":185314,"href":"https:\/\/www.hoymercedes.com.ar\/principal\/wp-json\/wp\/v2\/posts\/185308\/revisions\/185314"}],"wp:featuredmedia":[{"embeddable":true,"href":"https:\/\/www.hoymercedes.com.ar\/principal\/wp-json\/wp\/v2\/media\/185311"}],"wp:attachment":[{"href":"https:\/\/www.hoymercedes.com.ar\/principal\/wp-json\/wp\/v2\/media?parent=185308"}],"wp:term":[{"taxonomy":"category","embeddable":true,"href":"https:\/\/www.hoymercedes.com.ar\/principal\/wp-json\/wp\/v2\/categories?post=185308"},{"taxonomy":"post_tag","embeddable":true,"href":"https:\/\/www.hoymercedes.com.ar\/principal\/wp-json\/wp\/v2\/tags?post=185308"}],"curies":[{"name":"wp","href":"https:\/\/api.w.org\/{rel}","templated":true}]}}