{"id":185343,"date":"2025-06-15T20:13:35","date_gmt":"2025-06-15T23:13:35","guid":{"rendered":"https:\/\/www.hoymercedes.com.ar\/principal\/?p=185343"},"modified":"2025-06-15T20:13:37","modified_gmt":"2025-06-15T23:13:37","slug":"unidad-peronista-plenario-y-apoyo-a-cristina","status":"publish","type":"post","link":"https:\/\/www.hoymercedes.com.ar\/principal\/2025\/06\/15\/unidad-peronista-plenario-y-apoyo-a-cristina\/","title":{"rendered":"Unidad peronista: plenario y apoyo a Cristina"},"content":{"rendered":"\n<figure class=\"wp-block-image size-large\"><img loading=\"lazy\" decoding=\"async\" width=\"1024\" height=\"768\" data-attachment-id=\"185344\" data-permalink=\"https:\/\/www.hoymercedes.com.ar\/principal\/2025\/06\/15\/unidad-peronista-plenario-y-apoyo-a-cristina\/1-56\/#main\" data-orig-file=\"https:\/\/www.hoymercedes.com.ar\/principal\/wp-content\/uploads\/2025\/06\/1.jpg\" data-orig-size=\"1600,1200\" data-comments-opened=\"0\" data-image-meta=\"{&quot;aperture&quot;:&quot;0&quot;,&quot;credit&quot;:&quot;&quot;,&quot;camera&quot;:&quot;&quot;,&quot;caption&quot;:&quot;&quot;,&quot;created_timestamp&quot;:&quot;0&quot;,&quot;copyright&quot;:&quot;&quot;,&quot;focal_length&quot;:&quot;0&quot;,&quot;iso&quot;:&quot;0&quot;,&quot;shutter_speed&quot;:&quot;0&quot;,&quot;title&quot;:&quot;&quot;,&quot;orientation&quot;:&quot;0&quot;}\" data-image-title=\"1\" data-image-description=\"&lt;p&gt;Unidad peronista: plenario y apoyo a Cristina&lt;\/p&gt;\n\" data-image-caption=\"&lt;p&gt;Unidad peronista: plenario y apoyo a Cristina&lt;\/p&gt;\n\" data-large-file=\"https:\/\/www.hoymercedes.com.ar\/principal\/wp-content\/uploads\/2025\/06\/1-1024x768.jpg\" src=\"https:\/\/www.hoymercedes.com.ar\/principal\/wp-content\/uploads\/2025\/06\/1-1024x768.jpg\" alt=\"\" class=\"wp-image-185344\" srcset=\"https:\/\/www.hoymercedes.com.ar\/principal\/wp-content\/uploads\/2025\/06\/1-1024x768.jpg 1024w, https:\/\/www.hoymercedes.com.ar\/principal\/wp-content\/uploads\/2025\/06\/1-630x473.jpg 630w, https:\/\/www.hoymercedes.com.ar\/principal\/wp-content\/uploads\/2025\/06\/1-150x113.jpg 150w, https:\/\/www.hoymercedes.com.ar\/principal\/wp-content\/uploads\/2025\/06\/1-1536x1152.jpg 1536w, https:\/\/www.hoymercedes.com.ar\/principal\/wp-content\/uploads\/2025\/06\/1.jpg 1600w\" sizes=\"auto, (max-width: 1024px) 100vw, 1024px\" \/><\/figure>\n\n\n\n<p>Partidos y agrupaciones del campo popular realizaron este s\u00e1bado un masivo plenario en apoyo a Cristina Fern\u00e1ndez de Kirchner, en el que el intendente Juani Ustarroz resalt\u00f3 \u201cla convicci\u00f3n en la unidad\u201d de todos los sectores peronistas en la ciudad y los participantes reiteraron su en\u00e9rgico repudio a la persecuci\u00f3n y proscripci\u00f3n de la expresidenta de la Naci\u00f3n.<\/p>\n\n\n\n<p>\u201cEs un orgullo siempre encontrarnos, generar \u00e1mbitos para debatir, reflexionar y analizar lo que est\u00e1 pasando. Y celebramos esta unidad, que no es una foto sino un trabajo colectivo que viene desde hace much\u00edsimo tiempo, con la convicci\u00f3n de cada dirigente de cada agrupaci\u00f3n de que este es el camino. Unidad de concepci\u00f3n para la unidad de acci\u00f3n\u201d, asegur\u00f3 Ustarroz.<\/p>\n\n\n\n<p>\u201cLa realidad cambi\u00f3 las caracter\u00edsticas de este encuentro -a\u00f1adi\u00f3-, porque hay conciencia de lo que ocurre. Estamos ante un fallo pol\u00edtico que trasciende la figura de Cristina. Pero en la memoria hist\u00f3rica del peronismo est\u00e1 la resistencia, el coraje, la militancia en la adversidad\u201d.<\/p>\n\n\n\n<p>El jefe comunal estuvo acompa\u00f1ado por dirigentes como Carlos Selva, Aldana Ch\u00e1vez, Juan Mart\u00edn Andr\u00e9s, Josi Pisano, Guido Ortubia, Jorge Pirotta, Maxi Melgar y Juan Pablo L\u00f3pez Baggio, adem\u00e1s de funcionarios, concejales y m\u00e1s de 300 militantes de los espacios peronistas.<\/p>\n\n\n\n<p>El plenario consisti\u00f3 en la organizaci\u00f3n de distintas mesas de debate, por donde pasaron temas como comunicaci\u00f3n, territorio y an\u00e1lisis de la realidad que atraviesa el pa\u00eds, aunque el tema dominante fue el cepo a la candidatura de CFK, quien hab\u00eda anunciado d\u00edas atr\u00e1s su postulaci\u00f3n a diputada provincial por la tercera secci\u00f3n electoral bonaerense.<\/p>\n\n\n\n<figure class=\"wp-block-image size-large\"><img loading=\"lazy\" decoding=\"async\" width=\"1024\" height=\"683\" data-attachment-id=\"185345\" data-permalink=\"https:\/\/www.hoymercedes.com.ar\/principal\/2025\/06\/15\/unidad-peronista-plenario-y-apoyo-a-cristina\/4-66\/#main\" data-orig-file=\"https:\/\/www.hoymercedes.com.ar\/principal\/wp-content\/uploads\/2025\/06\/4.jpg\" data-orig-size=\"1500,1000\" data-comments-opened=\"0\" data-image-meta=\"{&quot;aperture&quot;:&quot;0&quot;,&quot;credit&quot;:&quot;&quot;,&quot;camera&quot;:&quot;&quot;,&quot;caption&quot;:&quot;&quot;,&quot;created_timestamp&quot;:&quot;0&quot;,&quot;copyright&quot;:&quot;&quot;,&quot;focal_length&quot;:&quot;0&quot;,&quot;iso&quot;:&quot;0&quot;,&quot;shutter_speed&quot;:&quot;0&quot;,&quot;title&quot;:&quot;&quot;,&quot;orientation&quot;:&quot;0&quot;}\" data-image-title=\"4\" data-image-description=\"\" data-image-caption=\"\" data-large-file=\"https:\/\/www.hoymercedes.com.ar\/principal\/wp-content\/uploads\/2025\/06\/4-1024x683.jpg\" src=\"https:\/\/www.hoymercedes.com.ar\/principal\/wp-content\/uploads\/2025\/06\/4-1024x683.jpg\" alt=\"\" class=\"wp-image-185345\" srcset=\"https:\/\/www.hoymercedes.com.ar\/principal\/wp-content\/uploads\/2025\/06\/4-1024x683.jpg 1024w, https:\/\/www.hoymercedes.com.ar\/principal\/wp-content\/uploads\/2025\/06\/4-630x420.jpg 630w, https:\/\/www.hoymercedes.com.ar\/principal\/wp-content\/uploads\/2025\/06\/4-150x100.jpg 150w, https:\/\/www.hoymercedes.com.ar\/principal\/wp-content\/uploads\/2025\/06\/4.jpg 1500w\" sizes=\"auto, (max-width: 1024px) 100vw, 1024px\" \/><\/figure>\n\n\n\n<p>As\u00ed, entre las conclusiones a las que arribaron las distintas mesas de discusiones, resaltaron el acompa\u00f1amiento a lo que ser\u00e1 la movilizaci\u00f3n del mi\u00e9rcoles para acompa\u00f1ar a la expresidenta (anunci\u00f3 que asistir\u00e1 a los tribunales de Comodoro Py para efectivizar su detenci\u00f3n) y el an\u00e1lisis del momento que est\u00e1 atravesando el pa\u00eds.<\/p>\n\n\n\n<p>\u201cEst\u00e1 en juego el presente y el futuro de la patria -sintetizaron los moderadores-, porque este gobierno por un lado se meti\u00f3 con los jubilados, la educaci\u00f3n p\u00fablica, la salud p\u00fablica, las universidades, el Garrahan, las pensiones para las personas con discapacidades y tanto m\u00e1s, y por otro quiere entregar nuestra soberan\u00eda. Este gobierno quiere un pa\u00eds para pocos, sin trabajo, sin industrias, sin producci\u00f3n, sin acceso a una educaci\u00f3n y una salud de calidad\u201d.<\/p>\n\n\n\n<p>\u201cPero tenemos muy claro que nadie se salva solo, que nadie tiene la fuerza suficiente para pelear por s\u00ed mismo, por eso necesitamos la unidad. Y en unidad construir un programa federal, con participaci\u00f3n de todos los sectores, con armon\u00eda y representaci\u00f3n de todo el pueblo. Es decir una representaci\u00f3n de la Argentina heterog\u00e9nea que somos\u201d, a\u00f1adieron.<\/p>\n\n\n\n<p>Finalmente manifestaron: \u201cDebemos recorrer cada calle, cada barrio, cada casa. Escuchar, compartir, abrazarnos. Y volver a ser gobierno para ponerlo al servicio del pueblo\u201d.<\/p>\n\n\n\n<p>Del encuentro participaron la agrupaci\u00f3n 17 de Octubre, Casa Peronista, Movimiento Evita, Principios y Valores, la Confederaci\u00f3n General del Trabajo, \u00c9pika, La C\u00e1mpora, Movimiento Mayo, Partido Justicialista, Patria Grande, Unidad B\u00e1sica Adriana Riveiro, UB Cotorra Gatica, UB Curro Iriart, UB Juan Ustarroz de Gowland, UB N\u00e9stor Kirchner y Unidad Socialista.<\/p>\n","protected":false},"excerpt":{"rendered":"<p>Partidos y agrupaciones del campo popular realizaron este s\u00e1bado un masivo plenario en apoyo a Cristina Fern\u00e1ndez de Kirchner, en &#8230; <a title=\"Unidad peronista: plenario y apoyo a Cristina\" class=\"read-more\" href=\"https:\/\/www.hoymercedes.com.ar\/principal\/2025\/06\/15\/unidad-peronista-plenario-y-apoyo-a-cristina\/\" aria-label=\"Leer m\u00e1s sobre Unidad peronista: plenario y apoyo a Cristina\">Leer m\u00e1s<\/a><\/p>\n","protected":false},"author":1,"featured_media":185344,"comment_status":"closed","ping_status":"open","sticky":false,"template":"","format":"standard","meta":{"_monsterinsights_skip_tracking":false,"_monsterinsights_sitenote_active":false,"_monsterinsights_sitenote_note":"","_monsterinsights_sitenote_category":0,"jetpack_post_was_ever_published":false,"_jetpack_newsletter_access":"","_jetpack_dont_email_post_to_subs":false,"_jetpack_newsletter_tier_id":0,"_jetpack_memberships_contains_paywalled_content":false,"_jetpack_memberships_contains_paid_content":false,"footnotes":"","jetpack_publicize_message":"","jetpack_publicize_feature_enabled":true,"jetpack_social_post_already_shared":false,"jetpack_social_options":{"image_generator_settings":{"template":"highway","default_image_id":0,"enabled":false},"version":2},"_wpas_customize_per_network":false},"categories":[8],"tags":[],"class_list":["post-185343","post","type-post","status-publish","format-standard","has-post-thumbnail","hentry","category-sociedad","generate-columns","tablet-grid-50","mobile-grid-100","grid-parent","grid-50"],"jetpack_publicize_connections":[],"jetpack_featured_media_url":"https:\/\/www.hoymercedes.com.ar\/principal\/wp-content\/uploads\/2025\/06\/1.jpg","wps_subtitle":"Apoyo a CFK","jetpack_sharing_enabled":true,"_links":{"self":[{"href":"https:\/\/www.hoymercedes.com.ar\/principal\/wp-json\/wp\/v2\/posts\/185343","targetHints":{"allow":["GET"]}}],"collection":[{"href":"https:\/\/www.hoymercedes.com.ar\/principal\/wp-json\/wp\/v2\/posts"}],"about":[{"href":"https:\/\/www.hoymercedes.com.ar\/principal\/wp-json\/wp\/v2\/types\/post"}],"author":[{"embeddable":true,"href":"https:\/\/www.hoymercedes.com.ar\/principal\/wp-json\/wp\/v2\/users\/1"}],"replies":[{"embeddable":true,"href":"https:\/\/www.hoymercedes.com.ar\/principal\/wp-json\/wp\/v2\/comments?post=185343"}],"version-history":[{"count":2,"href":"https:\/\/www.hoymercedes.com.ar\/principal\/wp-json\/wp\/v2\/posts\/185343\/revisions"}],"predecessor-version":[{"id":185347,"href":"https:\/\/www.hoymercedes.com.ar\/principal\/wp-json\/wp\/v2\/posts\/185343\/revisions\/185347"}],"wp:featuredmedia":[{"embeddable":true,"href":"https:\/\/www.hoymercedes.com.ar\/principal\/wp-json\/wp\/v2\/media\/185344"}],"wp:attachment":[{"href":"https:\/\/www.hoymercedes.com.ar\/principal\/wp-json\/wp\/v2\/media?parent=185343"}],"wp:term":[{"taxonomy":"category","embeddable":true,"href":"https:\/\/www.hoymercedes.com.ar\/principal\/wp-json\/wp\/v2\/categories?post=185343"},{"taxonomy":"post_tag","embeddable":true,"href":"https:\/\/www.hoymercedes.com.ar\/principal\/wp-json\/wp\/v2\/tags?post=185343"}],"curies":[{"name":"wp","href":"https:\/\/api.w.org\/{rel}","templated":true}]}}