{"id":185362,"date":"2025-06-16T15:16:06","date_gmt":"2025-06-16T18:16:06","guid":{"rendered":"https:\/\/www.hoymercedes.com.ar\/principal\/?p=185362"},"modified":"2025-06-16T15:16:08","modified_gmt":"2025-06-16T18:16:08","slug":"tras-alerta-del-centro-de-monitoreo-detienen-a-dos-hombres-con-pedido-de-captura-internacional","status":"publish","type":"post","link":"https:\/\/www.hoymercedes.com.ar\/principal\/2025\/06\/16\/tras-alerta-del-centro-de-monitoreo-detienen-a-dos-hombres-con-pedido-de-captura-internacional\/","title":{"rendered":"Tras alerta del Centro de Monitoreo detienen a dos hombres con pedido de captura internacional"},"content":{"rendered":"\n<figure class=\"wp-block-image size-full is-resized\"><img loading=\"lazy\" decoding=\"async\" width=\"898\" height=\"798\" data-attachment-id=\"185363\" data-permalink=\"https:\/\/www.hoymercedes.com.ar\/principal\/2025\/06\/16\/tras-alerta-del-centro-de-monitoreo-detienen-a-dos-hombres-con-pedido-de-captura-internacional\/detenidos-centrodemonitoreo-2\/#main\" data-orig-file=\"https:\/\/www.hoymercedes.com.ar\/principal\/wp-content\/uploads\/2025\/06\/Detenidos-CentroDeMonitoreo.jpg\" data-orig-size=\"898,798\" data-comments-opened=\"0\" data-image-meta=\"{&quot;aperture&quot;:&quot;0&quot;,&quot;credit&quot;:&quot;&quot;,&quot;camera&quot;:&quot;&quot;,&quot;caption&quot;:&quot;&quot;,&quot;created_timestamp&quot;:&quot;0&quot;,&quot;copyright&quot;:&quot;&quot;,&quot;focal_length&quot;:&quot;0&quot;,&quot;iso&quot;:&quot;0&quot;,&quot;shutter_speed&quot;:&quot;0&quot;,&quot;title&quot;:&quot;&quot;,&quot;orientation&quot;:&quot;0&quot;}\" data-image-title=\"Tras alerta del Centro de Monitoreo detienen a dos hombres con pedido de captura internacional\" data-image-description=\"&lt;p&gt;Tras alerta del Centro de Monitoreo detienen a dos hombres con pedido de captura internacional &lt;\/p&gt;\n\" data-image-caption=\"&lt;p&gt;Tras alerta del Centro de Monitoreo detienen a dos hombres con pedido de captura internacional &lt;\/p&gt;\n\" data-large-file=\"https:\/\/www.hoymercedes.com.ar\/principal\/wp-content\/uploads\/2025\/06\/Detenidos-CentroDeMonitoreo.jpg\" src=\"https:\/\/www.hoymercedes.com.ar\/principal\/wp-content\/uploads\/2025\/06\/Detenidos-CentroDeMonitoreo.jpg\" alt=\"\" class=\"wp-image-185363\" style=\"width:960px;height:auto\" srcset=\"https:\/\/www.hoymercedes.com.ar\/principal\/wp-content\/uploads\/2025\/06\/Detenidos-CentroDeMonitoreo.jpg 898w, https:\/\/www.hoymercedes.com.ar\/principal\/wp-content\/uploads\/2025\/06\/Detenidos-CentroDeMonitoreo-630x560.jpg 630w, https:\/\/www.hoymercedes.com.ar\/principal\/wp-content\/uploads\/2025\/06\/Detenidos-CentroDeMonitoreo-150x133.jpg 150w\" sizes=\"auto, (max-width: 898px) 100vw, 898px\" \/><\/figure>\n\n\n\n<p>Tras la alerta emitida por el <strong>Centro de Monitoreo<\/strong> se logr\u00f3 la detenci\u00f3n de dos hombres que hab\u00edan ingresado a la ciudad con una camioneta investigada por haber sido parte de un hecho delictivo. Ten\u00edan pedido de captura internacional y un frondoso prontuario, habiendo incluso estando ya detenidos en el pasado. Tambi\u00e9n hab\u00edan sido autores de un delito en nuestro Partido hace unos d\u00edas y por ello estaban bajo b\u00fasqueda.<\/p>\n\n\n\n<p><strong>Buscado<\/strong><\/p>\n\n\n\n<p>Tiempo atr\u00e1s se hab\u00eda cometido un il\u00edcito en Mercedes, dando inicio a una investigaci\u00f3n con la Polic\u00eda y distintos dispositivos alertas. Entre ellos el anillo de seguridad digital de la Municipalidad.<\/p>\n\n\n\n<p>En esta ocasi\u00f3n desde personal detecta el ingreso de una camioneta, por avenida 2, que ten\u00eda las caracter\u00edsticas de una que era buscada por el il\u00edcito mencionado. Sus caracter\u00edsticas estaban apuntaladas por el <strong>Gabinete T\u00e9cnico Operativo.<\/strong><\/p>\n\n\n\n<p><strong>Denuncia<\/strong><\/p>\n\n\n\n<p>La denuncia inicial era del 5 del mes corriente, radicada por una vecina, habiendo sido v\u00edctima de un hurto de dinero del interior de un veh\u00edculo de su propiedad.<\/p>\n\n\n\n<p><strong>Detenci\u00f3n<\/strong><\/p>\n\n\n\n<p>Ahora est\u00e1n puestos a disposici\u00f3n de la justicia al ser detenidos por la Polic\u00eda Comunal Mercedes. Permiti\u00f3 la detenci\u00f3n obtener elementos de prueba muy significativos, como ser la camioneta utilizada en el il\u00edcito investigado y ahora resuelto y elementos propios de la actividad fuera de la ley que ejecutaban.<\/p>\n\n\n\n<p>Los detenidos, dos hombres mayores de edad, tienen domicilio en Dock Sud.<\/p>\n\n\n\n<p><strong>Antecedentes<\/strong><\/p>\n\n\n\n<p>La Polic\u00eda Comunal, en su investigaci\u00f3n, ten\u00eda fuertes sospechas del tipo de accionar de los autores, profundizando en su b\u00fasqueda una vez detenidos, logrando detectar que tienen un frondoso prontuario, incluso habiendo estado previamente detenidos, con causas como homicidio, secuestro y robo calificado, estando adem\u00e1s pr\u00f3fugos de la Justicia de Entre R\u00edos poseyendo, conjuntamente, pedido de captura internacional.<\/p>\n\n\n\n<p><strong>Robos<\/strong><\/p>\n\n\n\n<p>Se permiti\u00f3, con la detenci\u00f3n efectuada en Mercedes, determinar que eran autores de otros il\u00edcito en nuestro Partido, adem\u00e1s de lo expuesto a niveles pa\u00eds e internacional.<\/p>\n\n\n\n<p>La actividad investigativa contin\u00faa ya que no se descarta tengan v\u00ednculos con alg\u00fan otro il\u00edcito en la zona.<\/p>\n","protected":false},"excerpt":{"rendered":"<p>Tras la alerta emitida por el Centro de Monitoreo se logr\u00f3 la detenci\u00f3n de dos hombres que hab\u00edan ingresado a &#8230; <a title=\"Tras alerta del Centro de Monitoreo detienen a dos hombres con pedido de captura internacional\" class=\"read-more\" href=\"https:\/\/www.hoymercedes.com.ar\/principal\/2025\/06\/16\/tras-alerta-del-centro-de-monitoreo-detienen-a-dos-hombres-con-pedido-de-captura-internacional\/\" aria-label=\"Leer m\u00e1s sobre Tras alerta del Centro de Monitoreo detienen a dos hombres con pedido de captura internacional\">Leer m\u00e1s<\/a><\/p>\n","protected":false},"author":1,"featured_media":185363,"comment_status":"closed","ping_status":"open","sticky":false,"template":"","format":"standard","meta":{"_monsterinsights_skip_tracking":false,"_monsterinsights_sitenote_active":false,"_monsterinsights_sitenote_note":"","_monsterinsights_sitenote_category":0,"jetpack_post_was_ever_published":false,"_jetpack_newsletter_access":"","_jetpack_dont_email_post_to_subs":false,"_jetpack_newsletter_tier_id":0,"_jetpack_memberships_contains_paywalled_content":false,"_jetpack_memberships_contains_paid_content":false,"footnotes":"","jetpack_publicize_message":"","jetpack_publicize_feature_enabled":true,"jetpack_social_post_already_shared":false,"jetpack_social_options":{"image_generator_settings":{"template":"highway","default_image_id":0,"enabled":false},"version":2},"_wpas_customize_per_network":false},"categories":[85],"tags":[20490,26,20491],"class_list":["post-185362","post","type-post","status-publish","format-standard","has-post-thumbnail","hentry","category-policial","tag-centro-de-monitoereo","tag-detenidos","tag-pedido-de-captura-internacional-mercedes","generate-columns","tablet-grid-50","mobile-grid-100","grid-parent","grid-50"],"jetpack_publicize_connections":[],"jetpack_featured_media_url":"https:\/\/www.hoymercedes.com.ar\/principal\/wp-content\/uploads\/2025\/06\/Detenidos-CentroDeMonitoreo.jpg","wps_subtitle":"Ahora deber\u00e1 actuar la justicia","jetpack_sharing_enabled":true,"_links":{"self":[{"href":"https:\/\/www.hoymercedes.com.ar\/principal\/wp-json\/wp\/v2\/posts\/185362","targetHints":{"allow":["GET"]}}],"collection":[{"href":"https:\/\/www.hoymercedes.com.ar\/principal\/wp-json\/wp\/v2\/posts"}],"about":[{"href":"https:\/\/www.hoymercedes.com.ar\/principal\/wp-json\/wp\/v2\/types\/post"}],"author":[{"embeddable":true,"href":"https:\/\/www.hoymercedes.com.ar\/principal\/wp-json\/wp\/v2\/users\/1"}],"replies":[{"embeddable":true,"href":"https:\/\/www.hoymercedes.com.ar\/principal\/wp-json\/wp\/v2\/comments?post=185362"}],"version-history":[{"count":2,"href":"https:\/\/www.hoymercedes.com.ar\/principal\/wp-json\/wp\/v2\/posts\/185362\/revisions"}],"predecessor-version":[{"id":185365,"href":"https:\/\/www.hoymercedes.com.ar\/principal\/wp-json\/wp\/v2\/posts\/185362\/revisions\/185365"}],"wp:featuredmedia":[{"embeddable":true,"href":"https:\/\/www.hoymercedes.com.ar\/principal\/wp-json\/wp\/v2\/media\/185363"}],"wp:attachment":[{"href":"https:\/\/www.hoymercedes.com.ar\/principal\/wp-json\/wp\/v2\/media?parent=185362"}],"wp:term":[{"taxonomy":"category","embeddable":true,"href":"https:\/\/www.hoymercedes.com.ar\/principal\/wp-json\/wp\/v2\/categories?post=185362"},{"taxonomy":"post_tag","embeddable":true,"href":"https:\/\/www.hoymercedes.com.ar\/principal\/wp-json\/wp\/v2\/tags?post=185362"}],"curies":[{"name":"wp","href":"https:\/\/api.w.org\/{rel}","templated":true}]}}