{"id":185381,"date":"2025-06-17T10:56:48","date_gmt":"2025-06-17T13:56:48","guid":{"rendered":"https:\/\/www.hoymercedes.com.ar\/principal\/?p=185381"},"modified":"2025-06-17T10:56:50","modified_gmt":"2025-06-17T13:56:50","slug":"crisis-borroni-despidio-a-16-empleados","status":"publish","type":"post","link":"https:\/\/www.hoymercedes.com.ar\/principal\/2025\/06\/17\/crisis-borroni-despidio-a-16-empleados\/","title":{"rendered":"Crisis: Borroni despidi\u00f3 a 16 empleados"},"content":{"rendered":"\n<figure class=\"wp-block-image size-large\"><img loading=\"lazy\" decoding=\"async\" width=\"1024\" height=\"683\" data-attachment-id=\"185382\" data-permalink=\"https:\/\/www.hoymercedes.com.ar\/principal\/2025\/06\/17\/crisis-borroni-despidio-a-16-empleados\/aceros-borroni-mercedes\/#main\" data-orig-file=\"https:\/\/www.hoymercedes.com.ar\/principal\/wp-content\/uploads\/2025\/06\/Aceros-Borroni-Mercedes.jpg\" data-orig-size=\"1318,879\" data-comments-opened=\"0\" data-image-meta=\"{&quot;aperture&quot;:&quot;0&quot;,&quot;credit&quot;:&quot;&quot;,&quot;camera&quot;:&quot;&quot;,&quot;caption&quot;:&quot;&quot;,&quot;created_timestamp&quot;:&quot;0&quot;,&quot;copyright&quot;:&quot;&quot;,&quot;focal_length&quot;:&quot;0&quot;,&quot;iso&quot;:&quot;0&quot;,&quot;shutter_speed&quot;:&quot;0&quot;,&quot;title&quot;:&quot;&quot;,&quot;orientation&quot;:&quot;0&quot;}\" data-image-title=\"Aceros-Borroni-Mercedes\" data-image-description=\"&lt;p&gt;Crisis: Borroni despidi\u00f3 a 16 empleados&lt;\/p&gt;\n\" data-image-caption=\"&lt;p&gt;Crisis: Borroni despidi\u00f3 a 16 empleados&lt;\/p&gt;\n\" data-large-file=\"https:\/\/www.hoymercedes.com.ar\/principal\/wp-content\/uploads\/2025\/06\/Aceros-Borroni-Mercedes-1024x683.jpg\" src=\"https:\/\/www.hoymercedes.com.ar\/principal\/wp-content\/uploads\/2025\/06\/Aceros-Borroni-Mercedes-1024x683.jpg\" alt=\"\" class=\"wp-image-185382\" srcset=\"https:\/\/www.hoymercedes.com.ar\/principal\/wp-content\/uploads\/2025\/06\/Aceros-Borroni-Mercedes-1024x683.jpg 1024w, https:\/\/www.hoymercedes.com.ar\/principal\/wp-content\/uploads\/2025\/06\/Aceros-Borroni-Mercedes-630x420.jpg 630w, https:\/\/www.hoymercedes.com.ar\/principal\/wp-content\/uploads\/2025\/06\/Aceros-Borroni-Mercedes-150x100.jpg 150w, https:\/\/www.hoymercedes.com.ar\/principal\/wp-content\/uploads\/2025\/06\/Aceros-Borroni-Mercedes.jpg 1318w\" sizes=\"auto, (max-width: 1024px) 100vw, 1024px\" \/><\/figure>\n\n\n\n<p>La empresa Aceros Borroni tom\u00f3 la decisi\u00f3n de ante la crisis que vive el sector industrial al que se dedican. La UOM fue notificada sobre la determinaci\u00f3n siendo 16 familias las afectadas.<\/p>\n\n\n\n<p>Los despidos se complementan con los 8 efectuados en enero siendo todos trabajadores con amplia antig\u00fcedad en las empresas, dando cuenta de lo grave de la situaci\u00f3n, ya que es personal con experiencia y conocimientos muy importantes en el rubro.<\/p>\n\n\n\n<p>En 2025 la cantidad de empleos perdidos en el rubro es realmente mucho, el caso de Borroni no es la excepci\u00f3n, que pas\u00f3 de casi 100 a menos de la mitad.<\/p>\n","protected":false},"excerpt":{"rendered":"<p>La empresa Aceros Borroni tom\u00f3 la decisi\u00f3n de ante la crisis que vive el sector industrial al que se dedican. &#8230; <a title=\"Crisis: Borroni despidi\u00f3 a 16 empleados\" class=\"read-more\" href=\"https:\/\/www.hoymercedes.com.ar\/principal\/2025\/06\/17\/crisis-borroni-despidio-a-16-empleados\/\" aria-label=\"Leer m\u00e1s sobre Crisis: Borroni despidi\u00f3 a 16 empleados\">Leer m\u00e1s<\/a><\/p>\n","protected":false},"author":1,"featured_media":185382,"comment_status":"closed","ping_status":"open","sticky":false,"template":"","format":"standard","meta":{"_monsterinsights_skip_tracking":false,"_monsterinsights_sitenote_active":false,"_monsterinsights_sitenote_note":"","_monsterinsights_sitenote_category":0,"jetpack_post_was_ever_published":false,"_jetpack_newsletter_access":"","_jetpack_dont_email_post_to_subs":false,"_jetpack_newsletter_tier_id":0,"_jetpack_memberships_contains_paywalled_content":false,"_jetpack_memberships_contains_paid_content":false,"footnotes":"","jetpack_publicize_message":"","jetpack_publicize_feature_enabled":true,"jetpack_social_post_already_shared":false,"jetpack_social_options":{"image_generator_settings":{"template":"highway","default_image_id":0,"enabled":false},"version":2},"_wpas_customize_per_network":false},"categories":[8],"tags":[3779,13173],"class_list":["post-185381","post","type-post","status-publish","format-standard","has-post-thumbnail","hentry","category-sociedad","tag-aceros-borroni","tag-despedidos-en-mercedes","generate-columns","tablet-grid-50","mobile-grid-100","grid-parent","grid-50"],"jetpack_publicize_connections":[],"jetpack_featured_media_url":"https:\/\/www.hoymercedes.com.ar\/principal\/wp-content\/uploads\/2025\/06\/Aceros-Borroni-Mercedes.jpg","wps_subtitle":"Crisis del sector ","jetpack_sharing_enabled":true,"_links":{"self":[{"href":"https:\/\/www.hoymercedes.com.ar\/principal\/wp-json\/wp\/v2\/posts\/185381","targetHints":{"allow":["GET"]}}],"collection":[{"href":"https:\/\/www.hoymercedes.com.ar\/principal\/wp-json\/wp\/v2\/posts"}],"about":[{"href":"https:\/\/www.hoymercedes.com.ar\/principal\/wp-json\/wp\/v2\/types\/post"}],"author":[{"embeddable":true,"href":"https:\/\/www.hoymercedes.com.ar\/principal\/wp-json\/wp\/v2\/users\/1"}],"replies":[{"embeddable":true,"href":"https:\/\/www.hoymercedes.com.ar\/principal\/wp-json\/wp\/v2\/comments?post=185381"}],"version-history":[{"count":2,"href":"https:\/\/www.hoymercedes.com.ar\/principal\/wp-json\/wp\/v2\/posts\/185381\/revisions"}],"predecessor-version":[{"id":185384,"href":"https:\/\/www.hoymercedes.com.ar\/principal\/wp-json\/wp\/v2\/posts\/185381\/revisions\/185384"}],"wp:featuredmedia":[{"embeddable":true,"href":"https:\/\/www.hoymercedes.com.ar\/principal\/wp-json\/wp\/v2\/media\/185382"}],"wp:attachment":[{"href":"https:\/\/www.hoymercedes.com.ar\/principal\/wp-json\/wp\/v2\/media?parent=185381"}],"wp:term":[{"taxonomy":"category","embeddable":true,"href":"https:\/\/www.hoymercedes.com.ar\/principal\/wp-json\/wp\/v2\/categories?post=185381"},{"taxonomy":"post_tag","embeddable":true,"href":"https:\/\/www.hoymercedes.com.ar\/principal\/wp-json\/wp\/v2\/tags?post=185381"}],"curies":[{"name":"wp","href":"https:\/\/api.w.org\/{rel}","templated":true}]}}