{"id":185413,"date":"2025-06-18T07:21:00","date_gmt":"2025-06-18T10:21:00","guid":{"rendered":"https:\/\/www.hoymercedes.com.ar\/principal\/?p=185413"},"modified":"2025-06-18T00:34:32","modified_gmt":"2025-06-18T03:34:32","slug":"destruccion-tras-incendio-en-una-vivienda","status":"publish","type":"post","link":"https:\/\/www.hoymercedes.com.ar\/principal\/2025\/06\/18\/destruccion-tras-incendio-en-una-vivienda\/","title":{"rendered":"Destrucci\u00f3n tras incendio en una vivienda"},"content":{"rendered":"\n<figure class=\"wp-block-image size-large\"><img loading=\"lazy\" decoding=\"async\" width=\"1024\" height=\"576\" data-attachment-id=\"185414\" data-permalink=\"https:\/\/www.hoymercedes.com.ar\/principal\/2025\/06\/18\/destruccion-tras-incendio-en-una-vivienda\/incendio-42y31-1\/#main\" data-orig-file=\"https:\/\/www.hoymercedes.com.ar\/principal\/wp-content\/uploads\/2025\/06\/Incendio-42y31-1.jpeg\" data-orig-size=\"1600,900\" data-comments-opened=\"0\" data-image-meta=\"{&quot;aperture&quot;:&quot;0&quot;,&quot;credit&quot;:&quot;&quot;,&quot;camera&quot;:&quot;&quot;,&quot;caption&quot;:&quot;&quot;,&quot;created_timestamp&quot;:&quot;0&quot;,&quot;copyright&quot;:&quot;&quot;,&quot;focal_length&quot;:&quot;0&quot;,&quot;iso&quot;:&quot;0&quot;,&quot;shutter_speed&quot;:&quot;0&quot;,&quot;title&quot;:&quot;&quot;,&quot;orientation&quot;:&quot;0&quot;}\" data-image-title=\"Incendio con destrucci\u00f3n total en una vivienda\" data-image-description=\"&lt;p&gt;Incendio con destrucci\u00f3n total en una vivienda&lt;\/p&gt;\n\" data-image-caption=\"&lt;p&gt;Incendio con destrucci\u00f3n total en una vivienda&lt;\/p&gt;\n\" data-large-file=\"https:\/\/www.hoymercedes.com.ar\/principal\/wp-content\/uploads\/2025\/06\/Incendio-42y31-1-1024x576.jpeg\" src=\"https:\/\/www.hoymercedes.com.ar\/principal\/wp-content\/uploads\/2025\/06\/Incendio-42y31-1-1024x576.jpeg\" alt=\"\" class=\"wp-image-185414\" srcset=\"https:\/\/www.hoymercedes.com.ar\/principal\/wp-content\/uploads\/2025\/06\/Incendio-42y31-1-1024x576.jpeg 1024w, https:\/\/www.hoymercedes.com.ar\/principal\/wp-content\/uploads\/2025\/06\/Incendio-42y31-1-630x354.jpeg 630w, https:\/\/www.hoymercedes.com.ar\/principal\/wp-content\/uploads\/2025\/06\/Incendio-42y31-1-150x84.jpeg 150w, https:\/\/www.hoymercedes.com.ar\/principal\/wp-content\/uploads\/2025\/06\/Incendio-42y31-1-1536x864.jpeg 1536w, https:\/\/www.hoymercedes.com.ar\/principal\/wp-content\/uploads\/2025\/06\/Incendio-42y31-1.jpeg 1600w\" sizes=\"auto, (max-width: 1024px) 100vw, 1024px\" \/><\/figure>\n\n\n\n<p>Durante horas de la noche Bomberos Voluntarios con dos m\u00f3viles a cargo de Carlos Esp\u00edndola y Protecci\u00f3n Civil a cargo de Agustina Lor\u00e9 acudieron en auxilio de un vecino que dio alerta tras detectar el fuego en su vivienda.<\/p>\n\n\n\n<p>En el lugar no se lamentaron v\u00edctimas, que es lo m\u00e1s importante, aunque si da\u00f1os con destrucci\u00f3n total.<\/p>\n\n\n\n<p>En el sitio tambi\u00e9n se requiri\u00f3 la presencia de Ed\u00e9n para el corte del suministro de energ\u00eda para el trabajo preventivo y la Guardia Urbana.<\/p>\n\n\n\n<p>El fuego fue muy importante, de ah\u00ed que, la vivienda, perdiera todos sus bienes.<\/p>\n\n\n\n<p>Fue en calle 32 casi 41<\/p>\n","protected":false},"excerpt":{"rendered":"<p>Durante horas de la noche Bomberos Voluntarios con dos m\u00f3viles a cargo de Carlos Esp\u00edndola y Protecci\u00f3n Civil a cargo &#8230; <a title=\"Destrucci\u00f3n tras incendio en una vivienda\" class=\"read-more\" href=\"https:\/\/www.hoymercedes.com.ar\/principal\/2025\/06\/18\/destruccion-tras-incendio-en-una-vivienda\/\" aria-label=\"Leer m\u00e1s sobre Destrucci\u00f3n tras incendio en una vivienda\">Leer m\u00e1s<\/a><\/p>\n","protected":false},"author":1,"featured_media":185414,"comment_status":"closed","ping_status":"open","sticky":false,"template":"","format":"standard","meta":{"_monsterinsights_skip_tracking":false,"_monsterinsights_sitenote_active":false,"_monsterinsights_sitenote_note":"","_monsterinsights_sitenote_category":0,"jetpack_post_was_ever_published":false,"_jetpack_newsletter_access":"","_jetpack_dont_email_post_to_subs":false,"_jetpack_newsletter_tier_id":0,"_jetpack_memberships_contains_paywalled_content":false,"_jetpack_memberships_contains_paid_content":false,"footnotes":"","jetpack_publicize_message":"","jetpack_publicize_feature_enabled":true,"jetpack_social_post_already_shared":true,"jetpack_social_options":{"image_generator_settings":{"template":"highway","default_image_id":0,"enabled":false},"version":2},"_wpas_customize_per_network":false},"categories":[8],"tags":[865,20499],"class_list":["post-185413","post","type-post","status-publish","format-standard","has-post-thumbnail","hentry","category-sociedad","tag-bomberos-voluntarios","tag-incendio-en-vivienda","generate-columns","tablet-grid-50","mobile-grid-100","grid-parent","grid-50"],"jetpack_publicize_connections":[],"jetpack_featured_media_url":"https:\/\/www.hoymercedes.com.ar\/principal\/wp-content\/uploads\/2025\/06\/Incendio-42y31-1.jpeg","wps_subtitle":"Servicios ","jetpack_sharing_enabled":true,"_links":{"self":[{"href":"https:\/\/www.hoymercedes.com.ar\/principal\/wp-json\/wp\/v2\/posts\/185413","targetHints":{"allow":["GET"]}}],"collection":[{"href":"https:\/\/www.hoymercedes.com.ar\/principal\/wp-json\/wp\/v2\/posts"}],"about":[{"href":"https:\/\/www.hoymercedes.com.ar\/principal\/wp-json\/wp\/v2\/types\/post"}],"author":[{"embeddable":true,"href":"https:\/\/www.hoymercedes.com.ar\/principal\/wp-json\/wp\/v2\/users\/1"}],"replies":[{"embeddable":true,"href":"https:\/\/www.hoymercedes.com.ar\/principal\/wp-json\/wp\/v2\/comments?post=185413"}],"version-history":[{"count":4,"href":"https:\/\/www.hoymercedes.com.ar\/principal\/wp-json\/wp\/v2\/posts\/185413\/revisions"}],"predecessor-version":[{"id":185419,"href":"https:\/\/www.hoymercedes.com.ar\/principal\/wp-json\/wp\/v2\/posts\/185413\/revisions\/185419"}],"wp:featuredmedia":[{"embeddable":true,"href":"https:\/\/www.hoymercedes.com.ar\/principal\/wp-json\/wp\/v2\/media\/185414"}],"wp:attachment":[{"href":"https:\/\/www.hoymercedes.com.ar\/principal\/wp-json\/wp\/v2\/media?parent=185413"}],"wp:term":[{"taxonomy":"category","embeddable":true,"href":"https:\/\/www.hoymercedes.com.ar\/principal\/wp-json\/wp\/v2\/categories?post=185413"},{"taxonomy":"post_tag","embeddable":true,"href":"https:\/\/www.hoymercedes.com.ar\/principal\/wp-json\/wp\/v2\/tags?post=185413"}],"curies":[{"name":"wp","href":"https:\/\/api.w.org\/{rel}","templated":true}]}}