{"id":185425,"date":"2025-06-18T11:59:51","date_gmt":"2025-06-18T14:59:51","guid":{"rendered":"https:\/\/www.hoymercedes.com.ar\/principal\/?p=185425"},"modified":"2025-06-19T23:43:11","modified_gmt":"2025-06-20T02:43:11","slug":"dos-detenidos-por-multiples-delitos","status":"publish","type":"post","link":"https:\/\/www.hoymercedes.com.ar\/principal\/2025\/06\/18\/dos-detenidos-por-multiples-delitos\/","title":{"rendered":"Dos detenidos por m\u00faltiples delitos"},"content":{"rendered":"\n<p>En la jornada de este viernes 13 se llev\u00f3 a cabo la aprehensi\u00f3n de dos sujetos oriundos de Avellaneda que cometieron, al menos, tres delitos en la ciudad de Mercedes.<\/p>\n\n\n\n<p>Seg\u00fan consta en la investigaci\u00f3n, el pasado jueves 5 del corriente, dos sujetos a bordo de un utilitario Peugeot Partner, ingresaron a la ciudad de Mercedes. Pasado el mediod\u00eda, en avenida 17 y calle 18, uno de ellos descendi\u00f3 del rodado y se acerc\u00f3 a donde se hallaba estacionado un cami\u00f3n de reparto, que se encontraba realizando una entrega. R\u00e1pidamente tom\u00f3 del interior del mismo un bols\u00edn negro que conten\u00eda dinero en efectivo y varios cheques, para reingresar al auto en el que hab\u00edan arribado y darse a la fuga.<\/p>\n\n\n\n<p>Posteriormente, entre los d\u00edas 6 y 13 de junio del corriente, el mismo veh\u00edculo volvi\u00f3 a ingresar a la ciudad. Pero a fines de evadir controles policiales su conductor adulter\u00f3 un d\u00edgito de las chapas patentes. Sin embargo, en la jornada del pasado viernes finalmente fue sorprendido por personal policial en Avenidas 2 y 29, dado que el veh\u00edculo era similar al que hab\u00eda cometido &#8211; al menos un hecho delictivo &#8211; en la ciudad. Es as\u00ed que, al interceptarlo, comprobaron la adulteraci\u00f3n del objeto registrable por lo que los efectivos policiales procedieron a la aprehensi\u00f3n de ambos sujetos.<\/p>\n\n\n\n<p>Por el hecho tom\u00f3 intervenci\u00f3n la Unidad Funcional de Instrucci\u00f3n N\u00b0 3 del Departamento Judicial Mercedes &#8211; a cargo del dr. Pedro Guillermo Illanes -e imparti\u00f3 las directivas del caso.<\/p>\n\n\n\n<p>Uno de los imputados (50 de a\u00f1os, con domicilio en la localidad de Dock Sud, partido de Avellaneda) compareci\u00f3 ante el agente fiscal en el marco de la audiencia de declaraci\u00f3n en los t\u00e9rminos del art. 308 del C\u00f3digo Procesal Penal en la jornada del pasado s\u00e1bado 14 del corriente. Fue por el delito de \u201cHurto simple\u201d.<\/p>\n\n\n\n<p>En tanto, el restante (de 42 tambi\u00e9n con domicilio en la localidad de Dock Sud, partido de Avellaneda) lo hizo por los delitos de \u201cHurto simple\u201d y \u201calteraci\u00f3n de la numeraci\u00f3n de un objeto registrable (hecho 2) en concurso real\u201d.<br>Vale destacar que ambos imputados contaban con antecedentes penales.<\/p>\n\n\n\n<p><em><strong>Otros hechos<\/strong><\/em><br>Vale destacar que, estas personas ya estaban siendo investigadas por su posible autor\u00eda en otro hecho delictivo cometido en la ciudad. En base a los elementos recolectados se pudo determinar que ambos imputados fueron autores de un hecho ocurrido en el mes de marzo.<\/p>\n\n\n\n<p>Seg\u00fan se determin\u00f3, el d\u00eda 21 de marzo de 2025, en horas del mediod\u00eda, tres sujetos, movilizados en un utilitario de la marca Peugeot Partner, de color gris arribaron a inmediaciones de calle 21 entre 30 y 32 donde estacionaron el rodado. Tras una corta espera, dos de ellos interceptaron y tomaron por la fuerza a un vecino de la ciudad cuando llegaba a su vivienda. La v\u00edctima fue reducida y maniatada, y tratada de manera violenta mientras le exig\u00edan la entrega de dinero. Posteriormente recorrieron la vivienda haci\u00e9ndose de algunos elementos de valor, para posteriormente darse a la fuga. <\/p>\n\n\n\n<p>Por el hecho tom\u00f3 intervenci\u00f3n la Unidad Funcional de Instrucci\u00f3n N\u00b0 6 del Departamento Judicial Mercedes &#8211; a cargo del dr. Luis Carcagno &#8211; y tras su aprehensi\u00f3n tambi\u00e9n hicieron su comparendo por los delitos de \u201cRobo doblemente agravado, por el uso de arma -blanca- y por haber sido cometido en lugar poblado y en banda\u201d.<\/p>\n\n\n\n<p>Fuente: \u00c1rea Comunicacional &#8211; Ministerio P\u00fablico Fiscal Departamental Mercedes<\/p>\n","protected":false},"excerpt":{"rendered":"<p>En la jornada de este viernes 13 se llev\u00f3 a cabo la aprehensi\u00f3n de dos sujetos oriundos de Avellaneda que &#8230; <a title=\"Dos detenidos por m\u00faltiples delitos\" class=\"read-more\" href=\"https:\/\/www.hoymercedes.com.ar\/principal\/2025\/06\/18\/dos-detenidos-por-multiples-delitos\/\" aria-label=\"Leer m\u00e1s sobre Dos detenidos por m\u00faltiples delitos\">Leer m\u00e1s<\/a><\/p>\n","protected":false},"author":1,"featured_media":185455,"comment_status":"closed","ping_status":"open","sticky":false,"template":"","format":"standard","meta":{"_monsterinsights_skip_tracking":false,"_monsterinsights_sitenote_active":false,"_monsterinsights_sitenote_note":"","_monsterinsights_sitenote_category":0,"jetpack_post_was_ever_published":false,"_jetpack_newsletter_access":"","_jetpack_dont_email_post_to_subs":false,"_jetpack_newsletter_tier_id":0,"_jetpack_memberships_contains_paywalled_content":false,"_jetpack_memberships_contains_paid_content":false,"footnotes":"","jetpack_publicize_message":"","jetpack_publicize_feature_enabled":true,"jetpack_social_post_already_shared":false,"jetpack_social_options":{"image_generator_settings":{"template":"highway","default_image_id":0,"enabled":false},"version":2},"_wpas_customize_per_network":false},"categories":[8],"tags":[],"class_list":["post-185425","post","type-post","status-publish","format-standard","has-post-thumbnail","hentry","category-sociedad","generate-columns","tablet-grid-50","mobile-grid-100","grid-parent","grid-50"],"jetpack_publicize_connections":[],"jetpack_featured_media_url":"https:\/\/www.hoymercedes.com.ar\/principal\/wp-content\/uploads\/2025\/06\/Policia-Bonaerense-Patrullero.jpg","wps_subtitle":"","jetpack_sharing_enabled":true,"_links":{"self":[{"href":"https:\/\/www.hoymercedes.com.ar\/principal\/wp-json\/wp\/v2\/posts\/185425","targetHints":{"allow":["GET"]}}],"collection":[{"href":"https:\/\/www.hoymercedes.com.ar\/principal\/wp-json\/wp\/v2\/posts"}],"about":[{"href":"https:\/\/www.hoymercedes.com.ar\/principal\/wp-json\/wp\/v2\/types\/post"}],"author":[{"embeddable":true,"href":"https:\/\/www.hoymercedes.com.ar\/principal\/wp-json\/wp\/v2\/users\/1"}],"replies":[{"embeddable":true,"href":"https:\/\/www.hoymercedes.com.ar\/principal\/wp-json\/wp\/v2\/comments?post=185425"}],"version-history":[{"count":2,"href":"https:\/\/www.hoymercedes.com.ar\/principal\/wp-json\/wp\/v2\/posts\/185425\/revisions"}],"predecessor-version":[{"id":185427,"href":"https:\/\/www.hoymercedes.com.ar\/principal\/wp-json\/wp\/v2\/posts\/185425\/revisions\/185427"}],"wp:featuredmedia":[{"embeddable":true,"href":"https:\/\/www.hoymercedes.com.ar\/principal\/wp-json\/wp\/v2\/media\/185455"}],"wp:attachment":[{"href":"https:\/\/www.hoymercedes.com.ar\/principal\/wp-json\/wp\/v2\/media?parent=185425"}],"wp:term":[{"taxonomy":"category","embeddable":true,"href":"https:\/\/www.hoymercedes.com.ar\/principal\/wp-json\/wp\/v2\/categories?post=185425"},{"taxonomy":"post_tag","embeddable":true,"href":"https:\/\/www.hoymercedes.com.ar\/principal\/wp-json\/wp\/v2\/tags?post=185425"}],"curies":[{"name":"wp","href":"https:\/\/api.w.org\/{rel}","templated":true}]}}