{"id":185429,"date":"2025-06-18T23:01:45","date_gmt":"2025-06-19T02:01:45","guid":{"rendered":"https:\/\/www.hoymercedes.com.ar\/principal\/?p=185429"},"modified":"2025-06-18T23:01:48","modified_gmt":"2025-06-19T02:01:48","slug":"aumenta-el-57-conoce-los-nuevos-valores-del-boleto","status":"publish","type":"post","link":"https:\/\/www.hoymercedes.com.ar\/principal\/2025\/06\/18\/aumenta-el-57-conoce-los-nuevos-valores-del-boleto\/","title":{"rendered":"Aumenta el 57: conoc\u00e9 los nuevos valores del boleto"},"content":{"rendered":"\n<p>El servicio de colectivos 57 Atl\u00e1ntida subi\u00f3 los valores de los boletos de las distintas distancias que recorre. A los mercedinos tambi\u00e9n le impacta. Es un 7% este mes.<\/p>\n\n\n\n<p>Al igual que otras 100 l\u00edneas de colectivos, el 57 Atl\u00e1ntida, tan utilizado por los mercedinos para ir a Capital Federal y la Universidad, especialmente, tendr\u00e1 un incremento en su boleto.<\/p>\n\n\n\n<p>A pesar de que el gobierno anunci\u00f3 una inflaci\u00f3n del 1.5% en transporte ser\u00e1 el 7%, afectando a miles de usuarios.<\/p>\n\n\n\n<p>El cuadro tarifario qued\u00f3 de la siguiente manera:<\/p>\n\n\n\n<!DOCTYPE html>\n<html lang=\"es\">\n<head>\n  <meta charset=\"UTF-8\">\n  <meta name=\"viewport\" content=\"width=device-width, initial-scale=1\">\n  <title>Cuadro Tarifario<\/title>\n  <style>\n    body {\n      font-family: Arial, sans-serif;\n      margin: 20px;\n      background-color: #fafafa;\n    }\n\n    h2 {\n      background-color: #01A0C6;\n      color: white;\n      padding: 10px;\n      border-radius: 5px;\n      font-size: 18px;\n    }\n\n    table {\n      width: 100%;\n      border-collapse: collapse;\n      margin-bottom: 30px;\n    }\n\n    th, td {\n      border: 1px solid #ccc;\n      padding: 8px 10px;\n      text-align: center;\n      font-size: 14px;\n    }\n\n    th {\n      background-color: #f0f0f0;\n      font-weight: bold;\n    }\n\n    @media (max-width: 768px) {\n      table, thead, tbody, th, td, tr {\n        display: block;\n      }\n\n      thead {\n        display: none;\n      }\n\n      tr {\n        margin-bottom: 15px;\n        border: 1px solid #ccc;\n        padding: 10px;\n        background-color: white;\n        border-radius: 5px;\n      }\n\n      td {\n        text-align: right;\n        position: relative;\n        padding-left: 50%;\n      }\n\n      td::before {\n        content: attr(data-label);\n        position: absolute;\n        left: 10px;\n        width: 45%;\n        padding-right: 10px;\n        font-weight: bold;\n        text-align: left;\n      }\n    }\n  <\/style>\n<\/head>\n<body>\n\n  <h2>Servicio: Plaza Miserere \u2013 Luj\u00e1n (Expreso por Acceso Oeste)<\/h2>\n  <table>\n    <thead>\n      <tr>\n        <th>Tramo<\/th><th>Tarifa vieja<\/th><th>Aumento 7%<\/th><th>Tarifa nueva<\/th>\n      <\/tr>\n    <\/thead>\n    <tbody>\n      <tr><td data-label=\"Tramo\">Once \u2013 Luj\u00e1n<\/td><td data-label=\"Tarifa vieja\">$2.829,08<\/td><td data-label=\"Aumento 7%\">$198,04<\/td><td data-label=\"Tarifa nueva\">$3.027,12<\/td><\/tr>\n      <tr><td data-label=\"Tramo\">Once \u2013 Gral. Rodr\u00edguez<\/td><td data-label=\"Tarifa vieja\">$2.172,10<\/td><td data-label=\"Aumento 7%\">$152,05<\/td><td data-label=\"Tarifa nueva\">$2.324,15<\/td><\/tr>\n      <tr><td data-label=\"Tramo\">Mor\u00f3n \u2013 Luj\u00e1n<\/td><td data-label=\"Tarifa vieja\">$1.952,32<\/td><td data-label=\"Aumento 7%\">$136,66<\/td><td data-label=\"Tarifa nueva\">$2.088,98<\/td><\/tr>\n      <tr><td data-label=\"Tramo\">Gral. Rodr\u00edguez \u2013 Luj\u00e1n<\/td><td data-label=\"Tarifa vieja\">$914,32<\/td><td data-label=\"Aumento 7%\">$63,99<\/td><td data-label=\"Tarifa nueva\">$978,31<\/td><\/tr>\n    <\/tbody>\n  <\/table>\n\n  <h2>Servicio: Plaza Miserere \u2013 Mercedes (Expreso por Acceso Oeste)<\/h2>\n  <table>\n    <thead>\n      <tr><th>Tramo<\/th><th>Tarifa vieja<\/th><th>Aumento 7%<\/th><th>Tarifa nueva<\/th><\/tr>\n    <\/thead>\n    <tbody>\n      <tr><td data-label=\"Tramo\">Plaza Miserere \u2013 Mercedes<\/td><td data-label=\"Tarifa vieja\">$4.317,24<\/td><td data-label=\"Aumento 7%\">$302,21<\/td><td data-label=\"Tarifa nueva\">$4.619,45<\/td><\/tr>\n      <tr><td data-label=\"Tramo\">Plaza Miserere \u2013 Luj\u00e1n<\/td><td data-label=\"Tarifa vieja\">$2.797,41<\/td><td data-label=\"Aumento 7%\">$195,82<\/td><td data-label=\"Tarifa nueva\">$2.993,23<\/td><\/tr>\n      <tr><td data-label=\"Tramo\">Luj\u00e1n \u2013 Mercedes<\/td><td data-label=\"Tarifa vieja\">$1.750,95<\/td><td data-label=\"Aumento 7%\">$122,57<\/td><td data-label=\"Tarifa nueva\">$1.873,52<\/td><\/tr>\n    <\/tbody>\n  <\/table>\n\n  <h2>Servicio: Plaza Italia \u2013 Mercedes (Expreso por Buen Ayre)<\/h2>\n  <table>\n    <thead>\n      <tr><th>Tramo<\/th><th>Tarifa vieja<\/th><th>Aumento 7%<\/th><th>Tarifa nueva<\/th><\/tr>\n    <\/thead>\n    <tbody>\n      <tr><td data-label=\"Tramo\">Plaza Italia \u2013 Mercedes<\/td><td data-label=\"Tarifa vieja\">$4.886,58<\/td><td data-label=\"Aumento 7%\">$342,06<\/td><td data-label=\"Tarifa nueva\">$5.228,64<\/td><\/tr>\n      <tr><td data-label=\"Tramo\">Plaza Italia \u2013 UNLu<\/td><td data-label=\"Tarifa vieja\">$3.366,76<\/td><td data-label=\"Aumento 7%\">$235,67<\/td><td data-label=\"Tarifa nueva\">$3.602,43<\/td><\/tr>\n      <tr><td data-label=\"Tramo\">Plaza Italia \u2013 Gral. Rodr\u00edguez<\/td><td data-label=\"Tarifa vieja\">$2.742,30<\/td><td data-label=\"Aumento 7%\">$192,00<\/td><td data-label=\"Tarifa nueva\">$2.934,30<\/td><\/tr>\n    <\/tbody>\n  <\/table>\n\n  <h2>Servicio: Plaza Italia \u2013 Mercedes (Com\u00fan por Acceso Oeste)<\/h2>\n  <table>\n    <thead>\n      <tr><th>Tramo<\/th><th>Tarifa vieja<\/th><th>Aumento 7%<\/th><th>Tarifa nueva<\/th><\/tr>\n    <\/thead>\n    <tbody>\n      <tr><td data-label=\"Tramo\">Plaza Italia \u2013 Mercedes<\/td><td data-label=\"Tarifa vieja\">$2.565,43<\/td><td data-label=\"Aumento 7%\">$179,58<\/td><td data-label=\"Tarifa nueva\">$2.745,01<\/td><\/tr>\n      <tr><td data-label=\"Tramo\">Plaza Italia \u2013 Luj\u00e1n<\/td><td data-label=\"Tarifa vieja\">$1.696,91<\/td><td data-label=\"Aumento 7%\">$118,85<\/td><td data-label=\"Tarifa nueva\">$1.815,69<\/td><\/tr>\n    <\/tbody>\n  <\/table>\n\n  <h2>Servicio: Plaza Italia \u2013 Mercedes (Com\u00fan por Rutas 8 y 7)<\/h2>\n  <table>\n    <thead>\n      <tr><th>Tramo<\/th><th>Tarifa vieja<\/th><th>Aumento 7%<\/th><th>Tarifa nueva<\/th><\/tr>\n    <\/thead>\n    <tbody>\n      <tr><td data-label=\"Tramo\">Plaza Italia \u2013 Mercedes<\/td><td data-label=\"Tarifa vieja\">$2.661,49<\/td><td data-label=\"Aumento 7%\">$186,31<\/td><td data-label=\"Tarifa nueva\">$2.847,37<\/td><\/tr>\n      <tr><td data-label=\"Tramo\">Plaza Italia \u2013 Luj\u00e1n<\/td><td data-label=\"Tarifa vieja\">$1.792,25<\/td><td data-label=\"Aumento 7%\">$125,46<\/td><td data-label=\"Tarifa nueva\">$1.917,71<\/td><\/tr>\n      <tr><td data-label=\"Tramo\">Plaza Italia \u2013 Gral. Rodr\u00edguez<\/td><td data-label=\"Tarifa vieja\">$1.427,70<\/td><td data-label=\"Aumento 7%\">$99,94<\/td><td data-label=\"Tarifa nueva\">$1.527,64<\/td><\/tr>\n    <\/tbody>\n  <\/table>\n\n<\/body>\n<\/html>\n\n","protected":false},"excerpt":{"rendered":"<p>El servicio de colectivos 57 Atl\u00e1ntida subi\u00f3 los valores de los boletos de las distintas distancias que recorre. A los &#8230; <a title=\"Aumenta el 57: conoc\u00e9 los nuevos valores del boleto\" class=\"read-more\" href=\"https:\/\/www.hoymercedes.com.ar\/principal\/2025\/06\/18\/aumenta-el-57-conoce-los-nuevos-valores-del-boleto\/\" aria-label=\"Leer m\u00e1s sobre Aumenta el 57: conoc\u00e9 los nuevos valores del boleto\">Leer m\u00e1s<\/a><\/p>\n","protected":false},"author":1,"featured_media":185434,"comment_status":"closed","ping_status":"open","sticky":false,"template":"","format":"standard","meta":{"_monsterinsights_skip_tracking":false,"_monsterinsights_sitenote_active":false,"_monsterinsights_sitenote_note":"","_monsterinsights_sitenote_category":0,"jetpack_post_was_ever_published":false,"_jetpack_newsletter_access":"","_jetpack_dont_email_post_to_subs":false,"_jetpack_newsletter_tier_id":0,"_jetpack_memberships_contains_paywalled_content":false,"_jetpack_memberships_contains_paid_content":false,"footnotes":"","jetpack_publicize_message":"","jetpack_publicize_feature_enabled":true,"jetpack_social_post_already_shared":false,"jetpack_social_options":{"image_generator_settings":{"template":"highway","default_image_id":0,"enabled":false},"version":2},"_wpas_customize_per_network":false},"categories":[8],"tags":[20500,19750,20501],"class_list":["post-185429","post","type-post","status-publish","format-standard","has-post-thumbnail","hentry","category-sociedad","tag-aumento-del-57","tag-incremento-de-tarifas","tag-valor-del-boleto-del-57","generate-columns","tablet-grid-50","mobile-grid-100","grid-parent","grid-50"],"jetpack_publicize_connections":[],"jetpack_featured_media_url":"https:\/\/www.hoymercedes.com.ar\/principal\/wp-content\/uploads\/2025\/06\/Captura-de-pantalla-2025-06-18-230019.png","wps_subtitle":"Golpe al bolsillo","jetpack_sharing_enabled":true,"_links":{"self":[{"href":"https:\/\/www.hoymercedes.com.ar\/principal\/wp-json\/wp\/v2\/posts\/185429","targetHints":{"allow":["GET"]}}],"collection":[{"href":"https:\/\/www.hoymercedes.com.ar\/principal\/wp-json\/wp\/v2\/posts"}],"about":[{"href":"https:\/\/www.hoymercedes.com.ar\/principal\/wp-json\/wp\/v2\/types\/post"}],"author":[{"embeddable":true,"href":"https:\/\/www.hoymercedes.com.ar\/principal\/wp-json\/wp\/v2\/users\/1"}],"replies":[{"embeddable":true,"href":"https:\/\/www.hoymercedes.com.ar\/principal\/wp-json\/wp\/v2\/comments?post=185429"}],"version-history":[{"count":2,"href":"https:\/\/www.hoymercedes.com.ar\/principal\/wp-json\/wp\/v2\/posts\/185429\/revisions"}],"predecessor-version":[{"id":185436,"href":"https:\/\/www.hoymercedes.com.ar\/principal\/wp-json\/wp\/v2\/posts\/185429\/revisions\/185436"}],"wp:featuredmedia":[{"embeddable":true,"href":"https:\/\/www.hoymercedes.com.ar\/principal\/wp-json\/wp\/v2\/media\/185434"}],"wp:attachment":[{"href":"https:\/\/www.hoymercedes.com.ar\/principal\/wp-json\/wp\/v2\/media?parent=185429"}],"wp:term":[{"taxonomy":"category","embeddable":true,"href":"https:\/\/www.hoymercedes.com.ar\/principal\/wp-json\/wp\/v2\/categories?post=185429"},{"taxonomy":"post_tag","embeddable":true,"href":"https:\/\/www.hoymercedes.com.ar\/principal\/wp-json\/wp\/v2\/tags?post=185429"}],"curies":[{"name":"wp","href":"https:\/\/api.w.org\/{rel}","templated":true}]}}