{"id":185445,"date":"2025-06-19T19:54:35","date_gmt":"2025-06-19T22:54:35","guid":{"rendered":"https:\/\/www.hoymercedes.com.ar\/principal\/?p=185445"},"modified":"2025-06-19T23:28:18","modified_gmt":"2025-06-20T02:28:18","slug":"dos-aprehendidos-por-varios-hechos-de-escruches","status":"publish","type":"post","link":"https:\/\/www.hoymercedes.com.ar\/principal\/2025\/06\/19\/dos-aprehendidos-por-varios-hechos-de-escruches\/","title":{"rendered":"Dos aprehendidos por varios hechos de escruches"},"content":{"rendered":"\n<p>En la jornada de este mi\u00e9rcoles 18 se llev\u00f3 a cabo la aprehensi\u00f3n de dos personas que hab\u00edan cometido il\u00edcitos en dos viviendas en la ciudad de Mercedes d\u00edas pasados.<\/p>\n\n\n\n<p>Seg\u00fan consta en la investigaci\u00f3n, el pasado 16 de junio, en horas de la noche, dos personas ingresaron a una casa quinta en calle 121 entre 24 y 26 y, tras romper el vidrio de una de las ventanas de la morada y el candado que la aseguraba del lado interno, accedieron al lugar. Una vez all\u00ed, revolvieron los distintos ambientes de la vivienda en busca de objetos de valor y se apropiaron ileg\u00edtimamente de varios efectos para luego retirarse del sitio. Poco m\u00e1s tarde uno de ellos retorn\u00f3 al lugar para hacerse de m\u00e1s objetos. Finalmente, al d\u00eda siguiente pero en horas de la ma\u00f1ana volvieron a ingresar al domicilio para continuar llev\u00e1ndose objetos de valor, entre ellos una bicicleta, un rifle de aire comprimido, herramientas, art\u00edculos de electr\u00f3nica, entre otros.<\/p>\n\n\n\n<p>En tanto, el mismo 16 de junio pero en horas de la tarde, estas dos personas ingresaron a otro domicilio de la misma cuadra, tras cortar el alambrado perimetral. All\u00ed se apoderaron de diversos efectos que escondieron en un tacho de residuos. En el lugar volvieron a ingresar horas m\u00e1s tarde y usaron el tacho para movilizar las pertenencias. Entre otros elementos se hicieron de una garrafa de 10 Kg, un televisor, y elementos varios de cocina.<\/p>\n\n\n\n<p>Por los hechos tom\u00f3 intervenci\u00f3n la Unidad Funcional de Instrucci\u00f3n N\u00b0 4 del Departamento Judicial Mercedes e imparti\u00f3 las directivas del caso. Tras reunir una serie de elementos probatorios se logr\u00f3 establecer la autor\u00eda del primer hecho por lo que en la urgencia &#8211; en el marco de las facultades que le son propias &#8211; se dispuso un allanamiento fiscal en un domicilio en la ciudad de Mercedes. En el lugar se encontraron una importante cantidad de elementos sustra\u00eddos en las viviendas antes mencionadas y se dispuso la aprehensi\u00f3n de un hombre y una mujer que se encontraban en el lugar.<\/p>\n\n\n\n<p>Los imputados (una mujer de 19 a\u00f1os con domicilio en la localidad de Mercedes y un hombre de 20 a\u00f1os con domicilio en Jun\u00edn) comparecieron ante el agente fiscal en el marco de la audiencia de declaraci\u00f3n en los t\u00e9rminos del art. 308 del C\u00f3digo Procesal Penal en la jornada de este jueves 19 del corriente. Fue por el delito de \u201cRobo agravado por ser cometido con infracci\u00f3n reiterado\u201d.<\/p>\n\n\n\n<p>Posteriormente se solicit\u00f3 ante el Juzgado de Garant\u00edas N\u00b0 3 &#8211; a cargo del dr. Patricio Arrieta &#8211; la convalidaci\u00f3n del allanamiento fiscal y la conversi\u00f3n de la aprehensi\u00f3n en detenci\u00f3n.<\/p>\n\n\n\n<p>Fuente: Fiscal\u00eda General Dpto Judicial Mercedes.<\/p>\n","protected":false},"excerpt":{"rendered":"<p>En la jornada de este mi\u00e9rcoles 18 se llev\u00f3 a cabo la aprehensi\u00f3n de dos personas que hab\u00edan cometido il\u00edcitos &#8230; <a title=\"Dos aprehendidos por varios hechos de escruches\" class=\"read-more\" href=\"https:\/\/www.hoymercedes.com.ar\/principal\/2025\/06\/19\/dos-aprehendidos-por-varios-hechos-de-escruches\/\" aria-label=\"Leer m\u00e1s sobre Dos aprehendidos por varios hechos de escruches\">Leer m\u00e1s<\/a><\/p>\n","protected":false},"author":1,"featured_media":185452,"comment_status":"closed","ping_status":"open","sticky":false,"template":"","format":"standard","meta":{"_monsterinsights_skip_tracking":false,"_monsterinsights_sitenote_active":false,"_monsterinsights_sitenote_note":"","_monsterinsights_sitenote_category":0,"jetpack_post_was_ever_published":false,"_jetpack_newsletter_access":"","_jetpack_dont_email_post_to_subs":false,"_jetpack_newsletter_tier_id":0,"_jetpack_memberships_contains_paywalled_content":false,"_jetpack_memberships_contains_paid_content":false,"footnotes":"","jetpack_publicize_message":"","jetpack_publicize_feature_enabled":true,"jetpack_social_post_already_shared":false,"jetpack_social_options":{"image_generator_settings":{"template":"highway","default_image_id":0,"enabled":false},"version":2},"_wpas_customize_per_network":false},"categories":[8],"tags":[],"class_list":["post-185445","post","type-post","status-publish","format-standard","has-post-thumbnail","hentry","category-sociedad","generate-columns","tablet-grid-50","mobile-grid-100","grid-parent","grid-50"],"jetpack_publicize_connections":[],"jetpack_featured_media_url":"https:\/\/www.hoymercedes.com.ar\/principal\/wp-content\/uploads\/2025\/06\/Policia-Bonaerense-Patrullero-2.jpg","wps_subtitle":"","jetpack_sharing_enabled":true,"_links":{"self":[{"href":"https:\/\/www.hoymercedes.com.ar\/principal\/wp-json\/wp\/v2\/posts\/185445","targetHints":{"allow":["GET"]}}],"collection":[{"href":"https:\/\/www.hoymercedes.com.ar\/principal\/wp-json\/wp\/v2\/posts"}],"about":[{"href":"https:\/\/www.hoymercedes.com.ar\/principal\/wp-json\/wp\/v2\/types\/post"}],"author":[{"embeddable":true,"href":"https:\/\/www.hoymercedes.com.ar\/principal\/wp-json\/wp\/v2\/users\/1"}],"replies":[{"embeddable":true,"href":"https:\/\/www.hoymercedes.com.ar\/principal\/wp-json\/wp\/v2\/comments?post=185445"}],"version-history":[{"count":1,"href":"https:\/\/www.hoymercedes.com.ar\/principal\/wp-json\/wp\/v2\/posts\/185445\/revisions"}],"predecessor-version":[{"id":185446,"href":"https:\/\/www.hoymercedes.com.ar\/principal\/wp-json\/wp\/v2\/posts\/185445\/revisions\/185446"}],"wp:featuredmedia":[{"embeddable":true,"href":"https:\/\/www.hoymercedes.com.ar\/principal\/wp-json\/wp\/v2\/media\/185452"}],"wp:attachment":[{"href":"https:\/\/www.hoymercedes.com.ar\/principal\/wp-json\/wp\/v2\/media?parent=185445"}],"wp:term":[{"taxonomy":"category","embeddable":true,"href":"https:\/\/www.hoymercedes.com.ar\/principal\/wp-json\/wp\/v2\/categories?post=185445"},{"taxonomy":"post_tag","embeddable":true,"href":"https:\/\/www.hoymercedes.com.ar\/principal\/wp-json\/wp\/v2\/tags?post=185445"}],"curies":[{"name":"wp","href":"https:\/\/api.w.org\/{rel}","templated":true}]}}