{"id":185457,"date":"2025-06-20T07:54:00","date_gmt":"2025-06-20T10:54:00","guid":{"rendered":"https:\/\/www.hoymercedes.com.ar\/principal\/?p=185457"},"modified":"2025-06-20T00:05:32","modified_gmt":"2025-06-20T03:05:32","slug":"avanza-la-construccion-del-paseo-de-la-ribera","status":"publish","type":"post","link":"https:\/\/www.hoymercedes.com.ar\/principal\/2025\/06\/20\/avanza-la-construccion-del-paseo-de-la-ribera\/","title":{"rendered":"Avanza la construcci\u00f3n del Paseo de la Ribera"},"content":{"rendered":"\n<!DOCTYPE html>\n<html lang=\"es\">\n<head>\n  <meta charset=\"UTF-8\">\n  <meta name=\"viewport\" content=\"width=device-width, initial-scale=1.0\">\n  <title>Paseo de la Ribera &#8211; Video<\/title>\n  <style>\n    .video-container {\n      border: 1px solid #e2e2e2;\n      background-color: #fafafa;\n      padding: 10px;\n      max-width: 900px;\n      margin: 20px auto;\n      box-sizing: border-box;\n    }\n\n    .responsive-iframe {\n      position: relative;\n      width: 100%;\n      height: 1350px; \/* Mejor altura para reels *\/\n    }\n\n    .responsive-iframe iframe {\n      position: absolute;\n      width: 100%;\n      height: 100%;\n      left: 0;\n      top: 0;\n      border: none;\n    }\n\n    @media (max-width: 600px) {\n      .responsive-iframe {\n        height: 500px;\n      }\n    }\n\n    @media (max-width: 400px) {\n      .responsive-iframe {\n        height: 400px;\n      }\n    }\n  <\/style>\n<\/head>\n<body>\n\n  <div class=\"video-container\">\n    <div class=\"responsive-iframe\">\n      <iframe loading=\"lazy\" \n        src=\"https:\/\/www.facebook.com\/plugins\/video.php?href=https%3A%2F%2Fwww.facebook.com%2Freel%2F1913085429440333&#038;show_text=false&#038;width=500\" \n        width=\"100%\" \n        height=\"100%\" \n        style=\"border:none;overflow:hidden\" \n        scrolling=\"no\" \n        frameborder=\"0\" \n        allowfullscreen=\"true\" \n        allow=\"autoplay; clipboard-write; encrypted-media; picture-in-picture; web-share\">\n      <\/iframe>\n    <\/div>\n  <\/div>\n\n<\/body>\n<\/html>\n\n\n\n\n<p>Con una gran inversi\u00f3n  y el respaldo del Gobierno de la Provincia, avanza la construcci\u00f3n del Paseo de la Ribera, una obra que promete transformar la relaci\u00f3n de la ciudad con el r\u00edo Luj\u00e1n. El proyecto no solo busca embellecer el entorno y ofrecer un nuevo espacio p\u00fablico para el disfrute de vecinos y vecinas, sino que adem\u00e1s representa un hito en materia de saneamiento ambiental y prevenci\u00f3n de inundaciones. En estos d\u00edas se vieron m\u00e1s detalles en un video difundido por la Municipalidad.<\/p>\n\n\n\n<p><strong>Provincia<\/strong><\/p>\n\n\n\n<p>La iniciativa forma parte del Programa de Manejo Integral de la Cuenca del R\u00edo Luj\u00e1n, coordinado por el Ministerio de Infraestructura bonaerense y el Comit\u00e9 de Cuenca (COMIL\u00da). Las tareas incluyen la limpieza y consolidaci\u00f3n de la ribera, la ampliaci\u00f3n del sistema de desag\u00fces, senderos elevados, bicisendas, iluminaci\u00f3n LED, mobiliario urbano y varios kil\u00f3metros de espacio verde accesible.<\/p>\n\n\n\n<p>\u201cEl objetivo es claro: darle a Mercedes su r\u00edo, pero de manera segura y sustentable\u201d, se\u00f1alaron desde la cartera provincial.<\/p>\n\n\n\n<p><strong>Desaf\u00edos<\/strong><\/p>\n\n\n\n<p>Uno de los principales desaf\u00edos que enfrenta la obra es la necesidad de resistir eventuales crecidas siendo tambi\u00e9n una ayuda para que el agua avance lo menos posible hacia las barriadas, algo dif\u00edcil, pero sumamente importante para lo cual se trabaja.<\/p>\n\n\n\n<p><strong>Financiamiento<\/strong><\/p>\n\n\n\n<p>Financiado por la Provincia con apoyo de organismos multilaterales como la CAF (Banco de Desarrollo de Am\u00e9rica Latina), el Paseo de la Ribera es hoy una de las obras m\u00e1s significativas en marcha que fue gestionada por la gesti\u00f3n de Ustarroz.<\/p>\n\n\n\n<p><strong>Recuperaci\u00f3n<\/strong><\/p>\n\n\n\n<p>Con una mirada puesta en el futuro, Mercedes apuesta a convertir una zona hist\u00f3ricamente en un espacio de encuentro, recreaci\u00f3n y protecci\u00f3n del ambiente. Si todo avanza seg\u00fan lo previsto, el paseo podr\u00eda inaugurarse en los pr\u00f3ximos meses.<\/p>\n\n\n\n<p><strong>Obra<\/strong><\/p>\n\n\n\n<p>Es importante destacar que al ser financiada por un organismo internacional y la Provincia no puede hacerse esas intervenciones en otro punto de la ciudad, dado que su objetivo es el cuidado de la naturaleza y el saneamiento ambiental.<\/p>\n\n\n\n<p><\/p>\n","protected":false},"excerpt":{"rendered":"<p>Paseo de la Ribera &#8211; Video Con una gran inversi\u00f3n y el respaldo del Gobierno de la Provincia, avanza la &#8230; <a title=\"Avanza la construcci\u00f3n del Paseo de la Ribera\" class=\"read-more\" href=\"https:\/\/www.hoymercedes.com.ar\/principal\/2025\/06\/20\/avanza-la-construccion-del-paseo-de-la-ribera\/\" aria-label=\"Leer m\u00e1s sobre Avanza la construcci\u00f3n del Paseo de la Ribera\">Leer m\u00e1s<\/a><\/p>\n","protected":false},"author":1,"featured_media":185459,"comment_status":"closed","ping_status":"open","sticky":false,"template":"","format":"standard","meta":{"_monsterinsights_skip_tracking":false,"_monsterinsights_sitenote_active":false,"_monsterinsights_sitenote_note":"","_monsterinsights_sitenote_category":0,"jetpack_post_was_ever_published":false,"_jetpack_newsletter_access":"","_jetpack_dont_email_post_to_subs":false,"_jetpack_newsletter_tier_id":0,"_jetpack_memberships_contains_paywalled_content":false,"_jetpack_memberships_contains_paid_content":false,"footnotes":"","jetpack_publicize_message":"","jetpack_publicize_feature_enabled":true,"jetpack_social_post_already_shared":true,"jetpack_social_options":{"image_generator_settings":{"template":"highway","default_image_id":0,"enabled":false},"version":2},"_wpas_customize_per_network":false},"categories":[8],"tags":[],"class_list":["post-185457","post","type-post","status-publish","format-standard","has-post-thumbnail","hentry","category-sociedad","generate-columns","tablet-grid-50","mobile-grid-100","grid-parent","grid-50"],"jetpack_publicize_connections":[],"jetpack_featured_media_url":"https:\/\/www.hoymercedes.com.ar\/principal\/wp-content\/uploads\/2025\/06\/paseo-ribera-e1750388671472.png","wps_subtitle":"","jetpack_sharing_enabled":true,"_links":{"self":[{"href":"https:\/\/www.hoymercedes.com.ar\/principal\/wp-json\/wp\/v2\/posts\/185457","targetHints":{"allow":["GET"]}}],"collection":[{"href":"https:\/\/www.hoymercedes.com.ar\/principal\/wp-json\/wp\/v2\/posts"}],"about":[{"href":"https:\/\/www.hoymercedes.com.ar\/principal\/wp-json\/wp\/v2\/types\/post"}],"author":[{"embeddable":true,"href":"https:\/\/www.hoymercedes.com.ar\/principal\/wp-json\/wp\/v2\/users\/1"}],"replies":[{"embeddable":true,"href":"https:\/\/www.hoymercedes.com.ar\/principal\/wp-json\/wp\/v2\/comments?post=185457"}],"version-history":[{"count":1,"href":"https:\/\/www.hoymercedes.com.ar\/principal\/wp-json\/wp\/v2\/posts\/185457\/revisions"}],"predecessor-version":[{"id":185460,"href":"https:\/\/www.hoymercedes.com.ar\/principal\/wp-json\/wp\/v2\/posts\/185457\/revisions\/185460"}],"wp:featuredmedia":[{"embeddable":true,"href":"https:\/\/www.hoymercedes.com.ar\/principal\/wp-json\/wp\/v2\/media\/185459"}],"wp:attachment":[{"href":"https:\/\/www.hoymercedes.com.ar\/principal\/wp-json\/wp\/v2\/media?parent=185457"}],"wp:term":[{"taxonomy":"category","embeddable":true,"href":"https:\/\/www.hoymercedes.com.ar\/principal\/wp-json\/wp\/v2\/categories?post=185457"},{"taxonomy":"post_tag","embeddable":true,"href":"https:\/\/www.hoymercedes.com.ar\/principal\/wp-json\/wp\/v2\/tags?post=185457"}],"curies":[{"name":"wp","href":"https:\/\/api.w.org\/{rel}","templated":true}]}}