{"id":185469,"date":"2025-06-20T09:57:37","date_gmt":"2025-06-20T12:57:37","guid":{"rendered":"https:\/\/www.hoymercedes.com.ar\/principal\/?p=185469"},"modified":"2025-06-20T09:57:39","modified_gmt":"2025-06-20T12:57:39","slug":"cine-mercedes-con-tres-propuestas-para-el-finde-largo","status":"publish","type":"post","link":"https:\/\/www.hoymercedes.com.ar\/principal\/2025\/06\/20\/cine-mercedes-con-tres-propuestas-para-el-finde-largo\/","title":{"rendered":"Cine Mercedes con tres propuestas para el finde largo"},"content":{"rendered":"\n<p>Desde el viernes 20 al martes 24 de junio, el Cine Mercedes presenta tres propuestas para su gran pantalla. Una semana m\u00e1s sigue \u00abLilo y Stitch\u00bb y \u00abC\u00f3mo entrenar a tu Drag\u00f3n\u00bb. A su vez, se estren\u00f3 en la pantalla local la nueva pel\u00edcula de Disney \u00abElio\u00bb. <\/p>\n\n\n<div class=\"wp-block-image\">\n<figure class=\"aligncenter size-large\"><img loading=\"lazy\" decoding=\"async\" width=\"703\" height=\"1024\" data-attachment-id=\"185471\" data-permalink=\"https:\/\/www.hoymercedes.com.ar\/principal\/2025\/06\/20\/cine-mercedes-con-tres-propuestas-para-el-finde-largo\/gacetilla-cine-mercedes-12-5\/#main\" data-orig-file=\"https:\/\/www.hoymercedes.com.ar\/principal\/wp-content\/uploads\/2025\/06\/Gacetilla-Cine-Mercedes-12.png\" data-orig-size=\"827,1204\" data-comments-opened=\"0\" data-image-meta=\"{&quot;aperture&quot;:&quot;0&quot;,&quot;credit&quot;:&quot;&quot;,&quot;camera&quot;:&quot;&quot;,&quot;caption&quot;:&quot;&quot;,&quot;created_timestamp&quot;:&quot;0&quot;,&quot;copyright&quot;:&quot;&quot;,&quot;focal_length&quot;:&quot;0&quot;,&quot;iso&quot;:&quot;0&quot;,&quot;shutter_speed&quot;:&quot;0&quot;,&quot;title&quot;:&quot;&quot;,&quot;orientation&quot;:&quot;0&quot;}\" data-image-title=\"Gacetilla Cine Mercedes (12)\" data-image-description=\"\" data-image-caption=\"\" data-large-file=\"https:\/\/www.hoymercedes.com.ar\/principal\/wp-content\/uploads\/2025\/06\/Gacetilla-Cine-Mercedes-12-703x1024.png\" src=\"https:\/\/www.hoymercedes.com.ar\/principal\/wp-content\/uploads\/2025\/06\/Gacetilla-Cine-Mercedes-12-703x1024.png\" alt=\"\" class=\"wp-image-185471\" srcset=\"https:\/\/www.hoymercedes.com.ar\/principal\/wp-content\/uploads\/2025\/06\/Gacetilla-Cine-Mercedes-12-703x1024.png 703w, https:\/\/www.hoymercedes.com.ar\/principal\/wp-content\/uploads\/2025\/06\/Gacetilla-Cine-Mercedes-12-426x620.png 426w, https:\/\/www.hoymercedes.com.ar\/principal\/wp-content\/uploads\/2025\/06\/Gacetilla-Cine-Mercedes-12-103x150.png 103w, https:\/\/www.hoymercedes.com.ar\/principal\/wp-content\/uploads\/2025\/06\/Gacetilla-Cine-Mercedes-12.png 827w\" sizes=\"auto, (max-width: 703px) 100vw, 703px\" \/><\/figure>\n<\/div>\n\n\n<p>Sinopsis \u00abElio\u00bb: La historia de Elio, un ni\u00f1o de 11 a\u00f1os con una imaginaci\u00f3n desbordante y una enorme obsesi\u00f3n por los extraterrestres, que lucha por encajar hasta que de repente es transportado al espacio y es identificado por error como el embajador gal\u00e1ctico de la Tierra. (FILMAFFINITY)<\/p>\n\n\n\n<p>Sinopsis \u00abC\u00f3mo Entrenar a tu Drag\u00f3n\u00bb: En la escarpada Isla Mema, donde vikingos y dragones han mantenido una amarga enemistad durante generaciones, Hipo es un muchacho diferente a los dem\u00e1s. El ingenioso y subestimado hijo del jefe Estoico el Inmenso desaf\u00eda siglos de tradici\u00f3n haci\u00e9ndose amigo de Desdentao, un temido drag\u00f3n Furia Nocturna. Su insospechado v\u00ednculo desvelar\u00e1 la verdadera naturaleza de los dragones, poniendo a prueba los cimientos de la sociedad vikinga. En compa\u00f1\u00eda de la feroz y ambiciosa Astrid y Boc\u00f3n, el estrafalario herrero del pueblo, Hipo planta cara a un mundo dividido por el miedo y la incomprensi\u00f3n. Pero cuando surge una ancestral amenaza que pone en peligro tanto a vikingos como a dragones, la amistad de Hipo con Desdentao se convertir\u00e1 en la clave para forjar un nuevo futuro. Juntos, deber\u00e1n recorrer la delicada senda hacia la paz, volando m\u00e1s all\u00e1 de los l\u00edmites de sus mundos y redefiniendo para siempre el significado de ser un h\u00e9roe y un l\u00edder.<\/p>\n\n\n\n<p>Sinopsis \u00abLilo y Stitch\u00bb: Remake en imagen real de \u00abLilo &amp; Stitch\u00bb. Narra la historia de una ni\u00f1a hawaiana solitaria y un extraterrestre fugitivo que la ayuda a recomponer su rota familia.<\/p>\n","protected":false},"excerpt":{"rendered":"<p>Desde el viernes 20 al martes 24 de junio, el Cine Mercedes presenta tres propuestas para su gran pantalla. Una &#8230; <a title=\"Cine Mercedes con tres propuestas para el finde largo\" class=\"read-more\" href=\"https:\/\/www.hoymercedes.com.ar\/principal\/2025\/06\/20\/cine-mercedes-con-tres-propuestas-para-el-finde-largo\/\" aria-label=\"Leer m\u00e1s sobre Cine Mercedes con tres propuestas para el finde largo\">Leer m\u00e1s<\/a><\/p>\n","protected":false},"author":1,"featured_media":185470,"comment_status":"closed","ping_status":"open","sticky":false,"template":"","format":"standard","meta":{"_monsterinsights_skip_tracking":false,"_monsterinsights_sitenote_active":false,"_monsterinsights_sitenote_note":"","_monsterinsights_sitenote_category":0,"jetpack_post_was_ever_published":false,"_jetpack_newsletter_access":"","_jetpack_dont_email_post_to_subs":false,"_jetpack_newsletter_tier_id":0,"_jetpack_memberships_contains_paywalled_content":false,"_jetpack_memberships_contains_paid_content":false,"footnotes":"","jetpack_publicize_message":"","jetpack_publicize_feature_enabled":true,"jetpack_social_post_already_shared":false,"jetpack_social_options":{"image_generator_settings":{"template":"highway","default_image_id":0,"enabled":false},"version":2},"_wpas_customize_per_network":false},"categories":[8],"tags":[],"class_list":["post-185469","post","type-post","status-publish","format-standard","has-post-thumbnail","hentry","category-sociedad","generate-columns","tablet-grid-50","mobile-grid-100","grid-parent","grid-50"],"jetpack_publicize_connections":[],"jetpack_featured_media_url":"https:\/\/www.hoymercedes.com.ar\/principal\/wp-content\/uploads\/2025\/06\/GIFTBAG_INSTAGRAM_PAYOFF_POSTER_LAS.jpg","wps_subtitle":"","jetpack_sharing_enabled":true,"_links":{"self":[{"href":"https:\/\/www.hoymercedes.com.ar\/principal\/wp-json\/wp\/v2\/posts\/185469","targetHints":{"allow":["GET"]}}],"collection":[{"href":"https:\/\/www.hoymercedes.com.ar\/principal\/wp-json\/wp\/v2\/posts"}],"about":[{"href":"https:\/\/www.hoymercedes.com.ar\/principal\/wp-json\/wp\/v2\/types\/post"}],"author":[{"embeddable":true,"href":"https:\/\/www.hoymercedes.com.ar\/principal\/wp-json\/wp\/v2\/users\/1"}],"replies":[{"embeddable":true,"href":"https:\/\/www.hoymercedes.com.ar\/principal\/wp-json\/wp\/v2\/comments?post=185469"}],"version-history":[{"count":1,"href":"https:\/\/www.hoymercedes.com.ar\/principal\/wp-json\/wp\/v2\/posts\/185469\/revisions"}],"predecessor-version":[{"id":185472,"href":"https:\/\/www.hoymercedes.com.ar\/principal\/wp-json\/wp\/v2\/posts\/185469\/revisions\/185472"}],"wp:featuredmedia":[{"embeddable":true,"href":"https:\/\/www.hoymercedes.com.ar\/principal\/wp-json\/wp\/v2\/media\/185470"}],"wp:attachment":[{"href":"https:\/\/www.hoymercedes.com.ar\/principal\/wp-json\/wp\/v2\/media?parent=185469"}],"wp:term":[{"taxonomy":"category","embeddable":true,"href":"https:\/\/www.hoymercedes.com.ar\/principal\/wp-json\/wp\/v2\/categories?post=185469"},{"taxonomy":"post_tag","embeddable":true,"href":"https:\/\/www.hoymercedes.com.ar\/principal\/wp-json\/wp\/v2\/tags?post=185469"}],"curies":[{"name":"wp","href":"https:\/\/api.w.org\/{rel}","templated":true}]}}