{"id":185523,"date":"2025-06-22T20:32:51","date_gmt":"2025-06-22T23:32:51","guid":{"rendered":"https:\/\/www.hoymercedes.com.ar\/principal\/?p=185523"},"modified":"2025-06-22T20:36:11","modified_gmt":"2025-06-22T23:36:11","slug":"la-ola-de-frio-tambien-llega-a-mercedes","status":"publish","type":"post","link":"https:\/\/www.hoymercedes.com.ar\/principal\/2025\/06\/22\/la-ola-de-frio-tambien-llega-a-mercedes\/","title":{"rendered":"La ola de fr\u00edo tambi\u00e9n llega a Mercedes"},"content":{"rendered":"\n<p>Mercedes afrontar\u00e1 esta semana una <strong>ola polar intensa<\/strong>, con d\u00edas de fr\u00edo extremo, viento fuerte, heladas y noches muy fr\u00edas. Aunque no se prev\u00e9 nieve local, las condiciones invernales requerir\u00e1n especial precauci\u00f3n. Segu\u00ed los informes del SMN y a cuidarse del fr\u00edo polar.<\/p>\n\n\n\n<h3 class=\"wp-block-heading\">\u00bfQu\u00e9 esperar en los pr\u00f3ximos d\u00edas en Mercedes?<\/h3>\n\n\n\n<ul class=\"wp-block-list\">\n<li><strong>Lunes 23 de junio<\/strong> ser\u00e1 el d\u00eda m\u00e1s severo: temperaturas que podr\u00edan descender hasta <strong>\u22122\u202f\u00b0C de m\u00ednima<\/strong>, con m\u00e1ximas que apenas rozar\u00e1n los <strong>10\u202f\u00b0C<\/strong>. El viento har\u00e1 que la sensaci\u00f3n t\u00e9rmica sea a\u00fan m\u00e1s baja.<\/li>\n\n\n\n<li><strong>Martes 24 de junio<\/strong> arranca con fr\u00edo residual (m\u00ednima alrededor de <strong>2\u202f\u00b0C<\/strong>) y luego un suave ascenso t\u00e9rmico, pero sin superar los <strong>14\u202f\u00b0C<\/strong> <\/li>\n\n\n\n<li><strong>Mi\u00e9rcoles 25<\/strong>, se esperan condiciones inestables y posibilidad de chubascos aislados. Las noches continuar\u00e1n con temperaturas rondando los <strong>\u22122\u202f\u00b0C<\/strong> .<\/li>\n<\/ul>\n\n\n\n<h3 class=\"wp-block-heading\">Riesgos por nieve o escarcha<\/h3>\n\n\n\n<p>Aunque las precipitaciones del domingo y lunes ser\u00e1n principalmente en forma de llovizna, no se descarta la formaci\u00f3n de <strong>escarcha intensa<\/strong> en zonas abiertas y en la periferia urbana. A diferencia de la zona sudoeste provincial, donde ya nev\u00f3, aqu\u00ed en Mercedes se prev\u00e9 un clima muy fr\u00edo, pero sin nieve .<\/p>\n\n\n\n<figure class=\"wp-block-table\"><table class=\"has-fixed-layout\"><thead><tr><th>Riesgo<\/th><th>Detalle<\/th><th>Recomendaciones<\/th><\/tr><\/thead><tbody><tr><td><strong>Viento \/ Sensaci\u00f3n t\u00e9rmica<\/strong><\/td><td>Rachas de 60\u201380\u202fkm\/h aumentan el fr\u00edo percibido.<\/td><td>Usar ropa t\u00e9rmica, cortavientos y abrigos cerrados.<\/td><\/tr><tr><td><strong>Heladas<\/strong><\/td><td>Superficies expuestas (auto, calle, techos) pueden congelarse.<\/td><td>Conducir con precauci\u00f3n y proteger los autos.<\/td><\/tr><tr><td><strong>Vulnerabilidad social<\/strong><\/td><td>Riesgo para adultos mayores, chicos y personas sin vivienda.<\/td><td>Revisar redes solidarias; cubrir a grupos de riesgo.<\/td><\/tr><tr><td><strong>Calefacci\u00f3n<\/strong><\/td><td>Mal uso de estufas puede causar intoxicaci\u00f3n.<\/td><td>Ventilar ambientes y revisar instalaciones.<\/td><\/tr><\/tbody><\/table><\/figure>\n","protected":false},"excerpt":{"rendered":"<p>Mercedes afrontar\u00e1 esta semana una ola polar intensa, con d\u00edas de fr\u00edo extremo, viento fuerte, heladas y noches muy fr\u00edas. &#8230; <a title=\"La ola de fr\u00edo tambi\u00e9n llega a Mercedes\" class=\"read-more\" href=\"https:\/\/www.hoymercedes.com.ar\/principal\/2025\/06\/22\/la-ola-de-frio-tambien-llega-a-mercedes\/\" aria-label=\"Leer m\u00e1s sobre La ola de fr\u00edo tambi\u00e9n llega a Mercedes\">Leer m\u00e1s<\/a><\/p>\n","protected":false},"author":1,"featured_media":185524,"comment_status":"closed","ping_status":"open","sticky":false,"template":"","format":"standard","meta":{"_monsterinsights_skip_tracking":false,"_monsterinsights_sitenote_active":false,"_monsterinsights_sitenote_note":"","_monsterinsights_sitenote_category":0,"jetpack_post_was_ever_published":false,"_jetpack_newsletter_access":"","_jetpack_dont_email_post_to_subs":false,"_jetpack_newsletter_tier_id":0,"_jetpack_memberships_contains_paywalled_content":false,"_jetpack_memberships_contains_paid_content":false,"footnotes":"","jetpack_publicize_message":"","jetpack_publicize_feature_enabled":true,"jetpack_social_post_already_shared":false,"jetpack_social_options":{"image_generator_settings":{"template":"highway","default_image_id":0,"enabled":false},"version":2},"_wpas_customize_per_network":false},"categories":[8],"tags":[20507],"class_list":["post-185523","post","type-post","status-publish","format-standard","has-post-thumbnail","hentry","category-sociedad","tag-frio-en-mercedes","generate-columns","tablet-grid-50","mobile-grid-100","grid-parent","grid-50"],"jetpack_publicize_connections":[],"jetpack_featured_media_url":"https:\/\/www.hoymercedes.com.ar\/principal\/wp-content\/uploads\/2025\/06\/ChatGPT-Image-22-jun-2025-20_22_13.png","wps_subtitle":"A abrigarse ","jetpack_sharing_enabled":true,"_links":{"self":[{"href":"https:\/\/www.hoymercedes.com.ar\/principal\/wp-json\/wp\/v2\/posts\/185523","targetHints":{"allow":["GET"]}}],"collection":[{"href":"https:\/\/www.hoymercedes.com.ar\/principal\/wp-json\/wp\/v2\/posts"}],"about":[{"href":"https:\/\/www.hoymercedes.com.ar\/principal\/wp-json\/wp\/v2\/types\/post"}],"author":[{"embeddable":true,"href":"https:\/\/www.hoymercedes.com.ar\/principal\/wp-json\/wp\/v2\/users\/1"}],"replies":[{"embeddable":true,"href":"https:\/\/www.hoymercedes.com.ar\/principal\/wp-json\/wp\/v2\/comments?post=185523"}],"version-history":[{"count":2,"href":"https:\/\/www.hoymercedes.com.ar\/principal\/wp-json\/wp\/v2\/posts\/185523\/revisions"}],"predecessor-version":[{"id":185526,"href":"https:\/\/www.hoymercedes.com.ar\/principal\/wp-json\/wp\/v2\/posts\/185523\/revisions\/185526"}],"wp:featuredmedia":[{"embeddable":true,"href":"https:\/\/www.hoymercedes.com.ar\/principal\/wp-json\/wp\/v2\/media\/185524"}],"wp:attachment":[{"href":"https:\/\/www.hoymercedes.com.ar\/principal\/wp-json\/wp\/v2\/media?parent=185523"}],"wp:term":[{"taxonomy":"category","embeddable":true,"href":"https:\/\/www.hoymercedes.com.ar\/principal\/wp-json\/wp\/v2\/categories?post=185523"},{"taxonomy":"post_tag","embeddable":true,"href":"https:\/\/www.hoymercedes.com.ar\/principal\/wp-json\/wp\/v2\/tags?post=185523"}],"curies":[{"name":"wp","href":"https:\/\/api.w.org\/{rel}","templated":true}]}}