{"id":185529,"date":"2025-06-22T22:23:14","date_gmt":"2025-06-23T01:23:14","guid":{"rendered":"https:\/\/www.hoymercedes.com.ar\/principal\/?p=185529"},"modified":"2025-06-22T22:23:16","modified_gmt":"2025-06-23T01:23:16","slug":"el-dubarry-avanza-en-la-construccion-de-un-circuito-integral-para-abordar-las-violencias","status":"publish","type":"post","link":"https:\/\/www.hoymercedes.com.ar\/principal\/2025\/06\/22\/el-dubarry-avanza-en-la-construccion-de-un-circuito-integral-para-abordar-las-violencias\/","title":{"rendered":"El  Dubarry avanza en la construcci\u00f3n de un circuito integral para abordar las violencias"},"content":{"rendered":"\n<figure class=\"wp-block-image size-full is-resized\"><img loading=\"lazy\" decoding=\"async\" width=\"600\" height=\"450\" data-attachment-id=\"185530\" data-permalink=\"https:\/\/www.hoymercedes.com.ar\/principal\/2025\/06\/22\/el-dubarry-avanza-en-la-construccion-de-un-circuito-integral-para-abordar-las-violencias\/hospital-dubarry-gebero-i\/#main\" data-orig-file=\"https:\/\/www.hoymercedes.com.ar\/principal\/wp-content\/uploads\/2025\/06\/Hospital-Dubarry-Gebero-I.jpg\" data-orig-size=\"600,450\" data-comments-opened=\"0\" data-image-meta=\"{&quot;aperture&quot;:&quot;0&quot;,&quot;credit&quot;:&quot;&quot;,&quot;camera&quot;:&quot;&quot;,&quot;caption&quot;:&quot;&quot;,&quot;created_timestamp&quot;:&quot;0&quot;,&quot;copyright&quot;:&quot;&quot;,&quot;focal_length&quot;:&quot;0&quot;,&quot;iso&quot;:&quot;0&quot;,&quot;shutter_speed&quot;:&quot;0&quot;,&quot;title&quot;:&quot;&quot;,&quot;orientation&quot;:&quot;0&quot;}\" data-image-title=\"Hospital Dubarry &amp;#8211; G\u00e9bero &amp;#8211; I\" data-image-description=\"&lt;p&gt;El  Dubarry avanza en la construcci\u00f3n de un circuito integral para abordar las violencias&lt;\/p&gt;\n\" data-image-caption=\"&lt;p&gt;El  Dubarry avanza en la construcci\u00f3n de un circuito integral para abordar las violencias&lt;\/p&gt;\n\" data-large-file=\"https:\/\/www.hoymercedes.com.ar\/principal\/wp-content\/uploads\/2025\/06\/Hospital-Dubarry-Gebero-I.jpg\" src=\"https:\/\/www.hoymercedes.com.ar\/principal\/wp-content\/uploads\/2025\/06\/Hospital-Dubarry-Gebero-I.jpg\" alt=\"\" class=\"wp-image-185530\" style=\"width:960px;height:auto\" srcset=\"https:\/\/www.hoymercedes.com.ar\/principal\/wp-content\/uploads\/2025\/06\/Hospital-Dubarry-Gebero-I.jpg 600w, https:\/\/www.hoymercedes.com.ar\/principal\/wp-content\/uploads\/2025\/06\/Hospital-Dubarry-Gebero-I-150x113.jpg 150w\" sizes=\"auto, (max-width: 600px) 100vw, 600px\" \/><\/figure>\n\n\n\n<p>En el marco de su compromiso con la equidad y el acceso a una salud integral, el Hospital Zonal \u201cBlas Dubarry\u201d contin\u00faa fortaleciendo su <strong>Circuito de Abordaje de las Violencias<\/strong> a trav\u00e9s del \u00e1rea de Salud y G\u00e9nero.<\/p>\n\n\n\n<p>Durante el \u00faltimo encuentro del equipo interdisciplinario, se trabaj\u00f3 en la <strong>Gu\u00eda de entrevistas para consultorios externos e internaci\u00f3n<\/strong>, un instrumento clave para la atenci\u00f3n de situaciones de violencia. Esta gu\u00eda fue elaborada tomando como base la propuesta del Ministerio de las Mujeres, pero adaptada espec\u00edficamente a las caracter\u00edsticas y necesidades del territorio mercedino.<\/p>\n\n\n\n<p>\u201cEl objetivo es contar con herramientas contextualizadas que nos permitan una intervenci\u00f3n m\u00e1s eficaz, humana y situada frente a casos de violencia\u201d, se\u00f1alaron desde el \u00e1rea.<\/p>\n\n\n\n<p>En las pr\u00f3ximas jornadas de trabajo, el equipo profundizar\u00e1 en tres ejes fundamentales:<\/p>\n\n\n\n<ul class=\"wp-block-list\">\n<li><strong>Matriz de riesgo:<\/strong> para evaluar el nivel de urgencia y peligrosidad de cada situaci\u00f3n.<\/li>\n\n\n\n<li><strong>Recursero:<\/strong> mapeo de recursos institucionales y comunitarios disponibles para asistir a las personas afectadas.<\/li>\n\n\n\n<li><strong>Estrategias de implementaci\u00f3n de la Gu\u00eda:<\/strong> para su aplicaci\u00f3n efectiva en distintos espacios del hospital.<\/li>\n<\/ul>\n\n\n\n<p>Desde el hospital remarcaron su compromiso con el desarrollo de pr\u00e1cticas que promuevan el respeto, la escucha activa y el acompa\u00f1amiento profesional en el abordaje de violencias por motivos de g\u00e9nero y otras formas de vulneraci\u00f3n.<\/p>\n","protected":false},"excerpt":{"rendered":"<p>En el marco de su compromiso con la equidad y el acceso a una salud integral, el Hospital Zonal \u201cBlas &#8230; <a title=\"El  Dubarry avanza en la construcci\u00f3n de un circuito integral para abordar las violencias\" class=\"read-more\" href=\"https:\/\/www.hoymercedes.com.ar\/principal\/2025\/06\/22\/el-dubarry-avanza-en-la-construccion-de-un-circuito-integral-para-abordar-las-violencias\/\" aria-label=\"Leer m\u00e1s sobre El  Dubarry avanza en la construcci\u00f3n de un circuito integral para abordar las violencias\">Leer m\u00e1s<\/a><\/p>\n","protected":false},"author":1,"featured_media":185530,"comment_status":"closed","ping_status":"open","sticky":false,"template":"","format":"standard","meta":{"_monsterinsights_skip_tracking":false,"_monsterinsights_sitenote_active":false,"_monsterinsights_sitenote_note":"","_monsterinsights_sitenote_category":0,"jetpack_post_was_ever_published":false,"_jetpack_newsletter_access":"","_jetpack_dont_email_post_to_subs":false,"_jetpack_newsletter_tier_id":0,"_jetpack_memberships_contains_paywalled_content":false,"_jetpack_memberships_contains_paid_content":false,"footnotes":"","jetpack_publicize_message":"","jetpack_publicize_feature_enabled":true,"jetpack_social_post_already_shared":false,"jetpack_social_options":{"image_generator_settings":{"template":"highway","default_image_id":0,"enabled":false},"version":2},"_wpas_customize_per_network":false},"categories":[8],"tags":[20508,140],"class_list":["post-185529","post","type-post","status-publish","format-standard","has-post-thumbnail","hentry","category-sociedad","tag-genero-en-el-duberry","tag-hospital-dubarry","generate-columns","tablet-grid-50","mobile-grid-100","grid-parent","grid-50"],"jetpack_publicize_connections":[],"jetpack_featured_media_url":"https:\/\/www.hoymercedes.com.ar\/principal\/wp-content\/uploads\/2025\/06\/Hospital-Dubarry-Gebero-I.jpg","wps_subtitle":"Cuidado integral","jetpack_sharing_enabled":true,"_links":{"self":[{"href":"https:\/\/www.hoymercedes.com.ar\/principal\/wp-json\/wp\/v2\/posts\/185529","targetHints":{"allow":["GET"]}}],"collection":[{"href":"https:\/\/www.hoymercedes.com.ar\/principal\/wp-json\/wp\/v2\/posts"}],"about":[{"href":"https:\/\/www.hoymercedes.com.ar\/principal\/wp-json\/wp\/v2\/types\/post"}],"author":[{"embeddable":true,"href":"https:\/\/www.hoymercedes.com.ar\/principal\/wp-json\/wp\/v2\/users\/1"}],"replies":[{"embeddable":true,"href":"https:\/\/www.hoymercedes.com.ar\/principal\/wp-json\/wp\/v2\/comments?post=185529"}],"version-history":[{"count":2,"href":"https:\/\/www.hoymercedes.com.ar\/principal\/wp-json\/wp\/v2\/posts\/185529\/revisions"}],"predecessor-version":[{"id":185532,"href":"https:\/\/www.hoymercedes.com.ar\/principal\/wp-json\/wp\/v2\/posts\/185529\/revisions\/185532"}],"wp:featuredmedia":[{"embeddable":true,"href":"https:\/\/www.hoymercedes.com.ar\/principal\/wp-json\/wp\/v2\/media\/185530"}],"wp:attachment":[{"href":"https:\/\/www.hoymercedes.com.ar\/principal\/wp-json\/wp\/v2\/media?parent=185529"}],"wp:term":[{"taxonomy":"category","embeddable":true,"href":"https:\/\/www.hoymercedes.com.ar\/principal\/wp-json\/wp\/v2\/categories?post=185529"},{"taxonomy":"post_tag","embeddable":true,"href":"https:\/\/www.hoymercedes.com.ar\/principal\/wp-json\/wp\/v2\/tags?post=185529"}],"curies":[{"name":"wp","href":"https:\/\/api.w.org\/{rel}","templated":true}]}}