{"id":185541,"date":"2025-06-23T18:47:53","date_gmt":"2025-06-23T21:47:53","guid":{"rendered":"https:\/\/www.hoymercedes.com.ar\/principal\/?p=185541"},"modified":"2025-06-24T08:54:47","modified_gmt":"2025-06-24T11:54:47","slug":"miercoles-25-y-viernes-27-quienes-tienen-asueto","status":"publish","type":"post","link":"https:\/\/www.hoymercedes.com.ar\/principal\/2025\/06\/23\/miercoles-25-y-viernes-27-quienes-tienen-asueto\/","title":{"rendered":"Mi\u00e9rcoles 25 y viernes 27 \u00bfqui\u00e9nes tienen asueto?"},"content":{"rendered":"\n<p>En el correr de la semana habr\u00e1 vecinos que tendr\u00e1n d\u00edas no laborales. El mi\u00e9rcoles 25 de junio, al conmemorarse los 273 a\u00f1os de los or\u00edgenes de Mercedes, habr\u00e1 feriado local. Mientras que el viernes 27 se cumple con el D\u00eda del Trabajador Estatal que tendr\u00e1 oficinas p\u00fablicas con sus puertas cerradas. <\/p>\n\n\n\n<p>El 25 de junio de 1752 es la fecha que se toma como relevante para los or\u00edgenes de Mercedes. Es as\u00ed que son varias las dependencias que se encontrar\u00e1n cerradas por un nuevo aniversario de esta fecha en el marco de un feriado local. La primera que se ver\u00e1 con atenci\u00f3n reducida ser\u00e1 la Municipalidad de Mercedes. Si bien no habr\u00e1 un desfile por la Avenida 29 como festejo, s\u00ed se har\u00e1 el acto protocolar las 11 de la ma\u00f1ana en la Plaza Rivadavia (San Luis) y sus dependencias se encontrar\u00e1n cerradas, a excepci\u00f3n de las guardias. <\/p>\n\n\n\n<p>El mismo mi\u00e9rcoles 25 de junio adhieren al asueto local las Instituciones Educativas (tanto p\u00fablicas como privadas), las dependencias del Poder Judicial (Tribunales Nacionales y Provinciales), el Colegio de Abogados del Departamento Judicial Mercedes y los Bancos (tambi\u00e9n tantos p\u00fablicos como privados). As\u00edmismo, se espera la confirmaci\u00f3n del Hospital Dubarry y otros organismos nacionales y provinciales que tienen depedencias en Mercedes. Adem\u00e1s, algunos comercios confirmaron que trabajar\u00e1n solamente mediod\u00eda en este feriado local.<\/p>\n\n\n\n<p><strong>D\u00eda del Empleado Estatal<\/strong><\/p>\n\n\n\n<p>Por otra parte, el pr\u00f3ximo viernes 27 de junio habr\u00e1&nbsp;asueto&nbsp;para todos los empleados p\u00fablicos por el D\u00eda del Trabajador del Estado, en homenaje a la fecha en que la Organizaci\u00f3n Internacional del Trabajo&nbsp;(OIT) valid\u00f3 el derecho a la negociaci\u00f3n colectiva y las relaciones de trabajo para este sector.<\/p>\n\n\n\n<p>Ante esta fecha, los organismos del Estado que confirmaron su asueto fueron , ANSES, Gendarmer\u00eda Nacional y el Hospital Blas L. Dubarry. Se espera la confirmaci\u00f3n de la atenci\u00f3n en PAMI, as\u00ed como en ARCA y ARBA.<\/p>\n\n\n\n<p>No obstante, Escuelas P\u00fablicas y Tribunales no tendr\u00e1n el asueto el D\u00eda del Empleado Estatal. Los organismos provinciales de los cuales dependen  estos organismos confirmaron que el viernes 27 de junio las actividades se desarrollar\u00e1n de manera regular. <\/p>\n","protected":false},"excerpt":{"rendered":"<p>En el correr de la semana habr\u00e1 vecinos que tendr\u00e1n d\u00edas no laborales. El mi\u00e9rcoles 25 de junio, al conmemorarse &#8230; <a title=\"Mi\u00e9rcoles 25 y viernes 27 \u00bfqui\u00e9nes tienen asueto?\" class=\"read-more\" href=\"https:\/\/www.hoymercedes.com.ar\/principal\/2025\/06\/23\/miercoles-25-y-viernes-27-quienes-tienen-asueto\/\" aria-label=\"Leer m\u00e1s sobre Mi\u00e9rcoles 25 y viernes 27 \u00bfqui\u00e9nes tienen asueto?\">Leer m\u00e1s<\/a><\/p>\n","protected":false},"author":1,"featured_media":184003,"comment_status":"closed","ping_status":"open","sticky":false,"template":"","format":"standard","meta":{"_monsterinsights_skip_tracking":false,"_monsterinsights_sitenote_active":false,"_monsterinsights_sitenote_note":"","_monsterinsights_sitenote_category":0,"jetpack_post_was_ever_published":false,"_jetpack_newsletter_access":"","_jetpack_dont_email_post_to_subs":false,"_jetpack_newsletter_tier_id":0,"_jetpack_memberships_contains_paywalled_content":false,"_jetpack_memberships_contains_paid_content":false,"footnotes":"","jetpack_publicize_message":"","jetpack_publicize_feature_enabled":true,"jetpack_social_post_already_shared":false,"jetpack_social_options":{"image_generator_settings":{"template":"highway","default_image_id":0,"enabled":false},"version":2},"_wpas_customize_per_network":false},"categories":[8],"tags":[],"class_list":["post-185541","post","type-post","status-publish","format-standard","has-post-thumbnail","hentry","category-sociedad","generate-columns","tablet-grid-50","mobile-grid-100","grid-parent","grid-50"],"jetpack_publicize_connections":[],"jetpack_featured_media_url":"https:\/\/www.hoymercedes.com.ar\/principal\/wp-content\/uploads\/2025\/04\/MunicipalidadDeMercedes.jpg","wps_subtitle":"","jetpack_sharing_enabled":true,"_links":{"self":[{"href":"https:\/\/www.hoymercedes.com.ar\/principal\/wp-json\/wp\/v2\/posts\/185541","targetHints":{"allow":["GET"]}}],"collection":[{"href":"https:\/\/www.hoymercedes.com.ar\/principal\/wp-json\/wp\/v2\/posts"}],"about":[{"href":"https:\/\/www.hoymercedes.com.ar\/principal\/wp-json\/wp\/v2\/types\/post"}],"author":[{"embeddable":true,"href":"https:\/\/www.hoymercedes.com.ar\/principal\/wp-json\/wp\/v2\/users\/1"}],"replies":[{"embeddable":true,"href":"https:\/\/www.hoymercedes.com.ar\/principal\/wp-json\/wp\/v2\/comments?post=185541"}],"version-history":[{"count":3,"href":"https:\/\/www.hoymercedes.com.ar\/principal\/wp-json\/wp\/v2\/posts\/185541\/revisions"}],"predecessor-version":[{"id":185562,"href":"https:\/\/www.hoymercedes.com.ar\/principal\/wp-json\/wp\/v2\/posts\/185541\/revisions\/185562"}],"wp:featuredmedia":[{"embeddable":true,"href":"https:\/\/www.hoymercedes.com.ar\/principal\/wp-json\/wp\/v2\/media\/184003"}],"wp:attachment":[{"href":"https:\/\/www.hoymercedes.com.ar\/principal\/wp-json\/wp\/v2\/media?parent=185541"}],"wp:term":[{"taxonomy":"category","embeddable":true,"href":"https:\/\/www.hoymercedes.com.ar\/principal\/wp-json\/wp\/v2\/categories?post=185541"},{"taxonomy":"post_tag","embeddable":true,"href":"https:\/\/www.hoymercedes.com.ar\/principal\/wp-json\/wp\/v2\/tags?post=185541"}],"curies":[{"name":"wp","href":"https:\/\/api.w.org\/{rel}","templated":true}]}}