{"id":185556,"date":"2025-06-23T21:02:25","date_gmt":"2025-06-24T00:02:25","guid":{"rendered":"https:\/\/www.hoymercedes.com.ar\/principal\/?p=185556"},"modified":"2025-06-23T21:05:56","modified_gmt":"2025-06-24T00:05:56","slug":"capacitacion-como-potenciar-tu-tienda-con-diseno-de-vidrieras","status":"publish","type":"post","link":"https:\/\/www.hoymercedes.com.ar\/principal\/2025\/06\/23\/capacitacion-como-potenciar-tu-tienda-con-diseno-de-vidrieras\/","title":{"rendered":"Capacitaci\u00f3n: c\u00f3mo potenciar tu tienda con dise\u00f1o de vidrieras"},"content":{"rendered":"\n<p>Este jueves 26 de junio a las 12:30 horas, la C\u00e1mara Econ\u00f3mica Mercedina ser\u00e1 sede de una capacitaci\u00f3n presencial para comerciantes y responsables de puntos de venta que deseen mejorar el impacto visual de sus vidrieras y aumentar sus ventas.<\/p>\n\n\n\n<p>La jornada estar\u00e1 a cargo de Silvina Lescinskas, especialista en dise\u00f1o de vidrieras y creadora del espacio @decovidrieras. La propuesta lleva por t\u00edtulo \u201cPotenci\u00e1 tu tienda con dise\u00f1o de vidrieras\u201d y est\u00e1 orientada a brindar herramientas concretas para transformar una vidriera en una herramienta de venta efectiva.<\/p>\n\n\n\n<p>La capacitaci\u00f3n se desarrollar\u00e1 en modalidad te\u00f3rico-pr\u00e1ctica, tendr\u00e1 una duraci\u00f3n de 3 horas y media, y est\u00e1 dirigida a comerciantes, emprendedores y personal de tiendas. Cada comercio podr\u00e1 inscribir hasta dos personas.<\/p>\n\n\n\n<p>Desde la organizaci\u00f3n destacan que se trata de una actividad remunerada con cupos limitados y requiere inscripci\u00f3n previa. Los valores de la jornada son de $20.000 para socios de la CEM y $30.000 para no socios.<\/p>\n\n\n\n<p>El encuentro busca responder a una necesidad concreta del comercio local: optimizar la presentaci\u00f3n de productos en los frentes de los negocios y as\u00ed captar la atenci\u00f3n del cliente desde el primer vistazo.<\/p>\n\n\n\n<p>\u201cUna buena exhibici\u00f3n puede hacer la diferencia entre que te miren\u2026 o que entren a comprar\u201d, expresaron desde la C\u00e1mara Econ\u00f3mica. La capacitaci\u00f3n tendr\u00e1 lugar en la sede de la entidad, ubicada en calle 29 entre 26 y 28.<\/p>\n\n\n\n<p>Las personas interesadas pueden inscribirse a trav\u00e9s del siguiente formulario: https:\/\/forms.gle\/W8BeqWDDCMQ69ou97<\/p>\n\n\n\n<p><\/p>\n","protected":false},"excerpt":{"rendered":"<p>Este jueves 26 de junio a las 12:30 horas, la C\u00e1mara Econ\u00f3mica Mercedina ser\u00e1 sede de una capacitaci\u00f3n presencial para &#8230; <a title=\"Capacitaci\u00f3n: c\u00f3mo potenciar tu tienda con dise\u00f1o de vidrieras\" class=\"read-more\" href=\"https:\/\/www.hoymercedes.com.ar\/principal\/2025\/06\/23\/capacitacion-como-potenciar-tu-tienda-con-diseno-de-vidrieras\/\" aria-label=\"Leer m\u00e1s sobre Capacitaci\u00f3n: c\u00f3mo potenciar tu tienda con dise\u00f1o de vidrieras\">Leer m\u00e1s<\/a><\/p>\n","protected":false},"author":1,"featured_media":185557,"comment_status":"closed","ping_status":"open","sticky":false,"template":"","format":"standard","meta":{"_monsterinsights_skip_tracking":false,"_monsterinsights_sitenote_active":false,"_monsterinsights_sitenote_note":"","_monsterinsights_sitenote_category":0,"jetpack_post_was_ever_published":false,"_jetpack_newsletter_access":"","_jetpack_dont_email_post_to_subs":false,"_jetpack_newsletter_tier_id":0,"_jetpack_memberships_contains_paywalled_content":false,"_jetpack_memberships_contains_paid_content":false,"footnotes":"","jetpack_publicize_message":"","jetpack_publicize_feature_enabled":true,"jetpack_social_post_already_shared":false,"jetpack_social_options":{"image_generator_settings":{"template":"highway","default_image_id":0,"enabled":false},"version":2},"_wpas_customize_per_network":false},"categories":[8],"tags":[],"class_list":["post-185556","post","type-post","status-publish","format-standard","has-post-thumbnail","hentry","category-sociedad","generate-columns","tablet-grid-50","mobile-grid-100","grid-parent","grid-50"],"jetpack_publicize_connections":[],"jetpack_featured_media_url":"https:\/\/www.hoymercedes.com.ar\/principal\/wp-content\/uploads\/2025\/06\/IMG-20250623-WA0021.jpg","wps_subtitle":"","jetpack_sharing_enabled":true,"_links":{"self":[{"href":"https:\/\/www.hoymercedes.com.ar\/principal\/wp-json\/wp\/v2\/posts\/185556","targetHints":{"allow":["GET"]}}],"collection":[{"href":"https:\/\/www.hoymercedes.com.ar\/principal\/wp-json\/wp\/v2\/posts"}],"about":[{"href":"https:\/\/www.hoymercedes.com.ar\/principal\/wp-json\/wp\/v2\/types\/post"}],"author":[{"embeddable":true,"href":"https:\/\/www.hoymercedes.com.ar\/principal\/wp-json\/wp\/v2\/users\/1"}],"replies":[{"embeddable":true,"href":"https:\/\/www.hoymercedes.com.ar\/principal\/wp-json\/wp\/v2\/comments?post=185556"}],"version-history":[{"count":1,"href":"https:\/\/www.hoymercedes.com.ar\/principal\/wp-json\/wp\/v2\/posts\/185556\/revisions"}],"predecessor-version":[{"id":185558,"href":"https:\/\/www.hoymercedes.com.ar\/principal\/wp-json\/wp\/v2\/posts\/185556\/revisions\/185558"}],"wp:featuredmedia":[{"embeddable":true,"href":"https:\/\/www.hoymercedes.com.ar\/principal\/wp-json\/wp\/v2\/media\/185557"}],"wp:attachment":[{"href":"https:\/\/www.hoymercedes.com.ar\/principal\/wp-json\/wp\/v2\/media?parent=185556"}],"wp:term":[{"taxonomy":"category","embeddable":true,"href":"https:\/\/www.hoymercedes.com.ar\/principal\/wp-json\/wp\/v2\/categories?post=185556"},{"taxonomy":"post_tag","embeddable":true,"href":"https:\/\/www.hoymercedes.com.ar\/principal\/wp-json\/wp\/v2\/tags?post=185556"}],"curies":[{"name":"wp","href":"https:\/\/api.w.org\/{rel}","templated":true}]}}