{"id":185563,"date":"2025-06-25T09:55:00","date_gmt":"2025-06-25T12:55:00","guid":{"rendered":"https:\/\/www.hoymercedes.com.ar\/principal\/?p=185563"},"modified":"2025-06-24T08:58:11","modified_gmt":"2025-06-24T11:58:11","slug":"viernes-27-anses-confirma-asueto","status":"publish","type":"post","link":"https:\/\/www.hoymercedes.com.ar\/principal\/2025\/06\/25\/viernes-27-anses-confirma-asueto\/","title":{"rendered":"Viernes 27: ANSES confirma asueto para sus empleados"},"content":{"rendered":"\n<p>Desde la Agencia ANSES confirmaron que el viernes 27 de junio sus oficinas de atenci\u00f3n peramenecer\u00e1n cerradas en el marco del D\u00eda del Trabajador del Estado. <\/p>\n\n\n\n<p>\u00abSe informa que, seg\u00fan lo establece la Ley 26.876, el\u00a0<strong>viernes 27 de junio<\/strong>\u00a0las delegaciones de ANSES estar\u00e1n cerradas con motivo del D\u00eda del Trabajador del Estado\u00bb, expresa en la comunicaci\u00f3n.<\/p>\n\n\n\n<p>\u00abCabe aclarar que no se otorgaron turnos para este d\u00eda y la atenci\u00f3n se reanudar\u00e1 con normalidad el lunes 30\u00bb, destacan desde el organismo nacional.<\/p>\n\n\n\n<p><\/p>\n","protected":false},"excerpt":{"rendered":"<p>Desde la Agencia ANSES confirmaron que el viernes 27 de junio sus oficinas de atenci\u00f3n peramenecer\u00e1n cerradas en el marco &#8230; <a title=\"Viernes 27: ANSES confirma asueto para sus empleados\" class=\"read-more\" href=\"https:\/\/www.hoymercedes.com.ar\/principal\/2025\/06\/25\/viernes-27-anses-confirma-asueto\/\" aria-label=\"Leer m\u00e1s sobre Viernes 27: ANSES confirma asueto para sus empleados\">Leer m\u00e1s<\/a><\/p>\n","protected":false},"author":1,"featured_media":172443,"comment_status":"closed","ping_status":"open","sticky":false,"template":"","format":"standard","meta":{"_monsterinsights_skip_tracking":false,"_monsterinsights_sitenote_active":false,"_monsterinsights_sitenote_note":"","_monsterinsights_sitenote_category":0,"jetpack_post_was_ever_published":false,"_jetpack_newsletter_access":"","_jetpack_dont_email_post_to_subs":false,"_jetpack_newsletter_tier_id":0,"_jetpack_memberships_contains_paywalled_content":false,"_jetpack_memberships_contains_paid_content":false,"footnotes":"","jetpack_publicize_message":"","jetpack_publicize_feature_enabled":true,"jetpack_social_post_already_shared":true,"jetpack_social_options":{"image_generator_settings":{"template":"highway","default_image_id":0,"enabled":false},"version":2},"_wpas_customize_per_network":false},"categories":[8],"tags":[],"class_list":["post-185563","post","type-post","status-publish","format-standard","has-post-thumbnail","hentry","category-sociedad","generate-columns","tablet-grid-50","mobile-grid-100","grid-parent","grid-50"],"jetpack_publicize_connections":[],"jetpack_featured_media_url":"https:\/\/www.hoymercedes.com.ar\/principal\/wp-content\/uploads\/2024\/02\/anses-mercedes.jpg","wps_subtitle":"","jetpack_sharing_enabled":true,"_links":{"self":[{"href":"https:\/\/www.hoymercedes.com.ar\/principal\/wp-json\/wp\/v2\/posts\/185563","targetHints":{"allow":["GET"]}}],"collection":[{"href":"https:\/\/www.hoymercedes.com.ar\/principal\/wp-json\/wp\/v2\/posts"}],"about":[{"href":"https:\/\/www.hoymercedes.com.ar\/principal\/wp-json\/wp\/v2\/types\/post"}],"author":[{"embeddable":true,"href":"https:\/\/www.hoymercedes.com.ar\/principal\/wp-json\/wp\/v2\/users\/1"}],"replies":[{"embeddable":true,"href":"https:\/\/www.hoymercedes.com.ar\/principal\/wp-json\/wp\/v2\/comments?post=185563"}],"version-history":[{"count":2,"href":"https:\/\/www.hoymercedes.com.ar\/principal\/wp-json\/wp\/v2\/posts\/185563\/revisions"}],"predecessor-version":[{"id":185565,"href":"https:\/\/www.hoymercedes.com.ar\/principal\/wp-json\/wp\/v2\/posts\/185563\/revisions\/185565"}],"wp:featuredmedia":[{"embeddable":true,"href":"https:\/\/www.hoymercedes.com.ar\/principal\/wp-json\/wp\/v2\/media\/172443"}],"wp:attachment":[{"href":"https:\/\/www.hoymercedes.com.ar\/principal\/wp-json\/wp\/v2\/media?parent=185563"}],"wp:term":[{"taxonomy":"category","embeddable":true,"href":"https:\/\/www.hoymercedes.com.ar\/principal\/wp-json\/wp\/v2\/categories?post=185563"},{"taxonomy":"post_tag","embeddable":true,"href":"https:\/\/www.hoymercedes.com.ar\/principal\/wp-json\/wp\/v2\/tags?post=185563"}],"curies":[{"name":"wp","href":"https:\/\/api.w.org\/{rel}","templated":true}]}}