{"id":185571,"date":"2025-06-24T10:20:00","date_gmt":"2025-06-24T13:20:00","guid":{"rendered":"https:\/\/www.hoymercedes.com.ar\/principal\/?p=185571"},"modified":"2025-06-24T09:16:52","modified_gmt":"2025-06-24T12:16:52","slug":"lanzan-el-presupuesto-participativo-educativo-2025","status":"publish","type":"post","link":"https:\/\/www.hoymercedes.com.ar\/principal\/2025\/06\/24\/lanzan-el-presupuesto-participativo-educativo-2025\/","title":{"rendered":"Lanzan el presupuesto participativo educativo 2025"},"content":{"rendered":"\n<p>En un encuentro con representantes de las Cooperadores Escolares e instituciones educativas se presentaron los lineamientos del Presupuesto Participativo Educativo 2025. Fue en el Colegio Nacional y cont\u00f3 con la presencia del intendente Juan I. Ustarroz el secretario de educaci\u00f3n, Jos\u00e9 Lu\u00eds Pisano, y la presidenta del Consejo Escolar, Maguy Oliva. <\/p>\n\n\n<div class=\"wp-block-image\">\n<figure class=\"aligncenter size-full\"><img loading=\"lazy\" decoding=\"async\" width=\"871\" height=\"581\" data-attachment-id=\"185572\" data-permalink=\"https:\/\/www.hoymercedes.com.ar\/principal\/2025\/06\/24\/lanzan-el-presupuesto-participativo-educativo-2025\/20250623_183806\/#main\" data-orig-file=\"https:\/\/www.hoymercedes.com.ar\/principal\/wp-content\/uploads\/2025\/06\/20250623_183806.jpg\" data-orig-size=\"871,581\" data-comments-opened=\"0\" data-image-meta=\"{&quot;aperture&quot;:&quot;0&quot;,&quot;credit&quot;:&quot;&quot;,&quot;camera&quot;:&quot;&quot;,&quot;caption&quot;:&quot;&quot;,&quot;created_timestamp&quot;:&quot;1750703886&quot;,&quot;copyright&quot;:&quot;&quot;,&quot;focal_length&quot;:&quot;0&quot;,&quot;iso&quot;:&quot;0&quot;,&quot;shutter_speed&quot;:&quot;0&quot;,&quot;title&quot;:&quot;&quot;,&quot;orientation&quot;:&quot;0&quot;}\" data-image-title=\"20250623_183806\" data-image-description=\"\" data-image-caption=\"\" data-large-file=\"https:\/\/www.hoymercedes.com.ar\/principal\/wp-content\/uploads\/2025\/06\/20250623_183806.jpg\" src=\"https:\/\/www.hoymercedes.com.ar\/principal\/wp-content\/uploads\/2025\/06\/20250623_183806.jpg\" alt=\"\" class=\"wp-image-185572\" srcset=\"https:\/\/www.hoymercedes.com.ar\/principal\/wp-content\/uploads\/2025\/06\/20250623_183806.jpg 871w, https:\/\/www.hoymercedes.com.ar\/principal\/wp-content\/uploads\/2025\/06\/20250623_183806-630x420.jpg 630w, https:\/\/www.hoymercedes.com.ar\/principal\/wp-content\/uploads\/2025\/06\/20250623_183806-150x100.jpg 150w\" sizes=\"auto, (max-width: 871px) 100vw, 871px\" \/><\/figure>\n<\/div>\n\n\n<p><strong>Propuesta<\/strong><br>La actividad impulsada por la Secretar\u00eda de Educaci\u00f3n tiene un fuerte acompa\u00f1amiento de la Federaci\u00f3n de Cooperadoras Escolares, presidida por Santiago Bergerot, quien tambi\u00e9n estuvo en la reuni\u00f3n.<br>\u201cHemos realizado una presentaci\u00f3n tambi\u00e9n efectuando un balance del a\u00f1o pasado, brindando datos y acciones concretadas, obras, proyectos pedag\u00f3gicos y todo lo inherente a su institucionalizaci\u00f3n\u201d cont\u00f3 Jos\u00e9 Lu\u00eds Pisano respecto al presupuesto participativo.<br>El secretario de educaci\u00f3n asimismo destac\u00f3 que \u201ces sumamente valioso y nos enorgullece este tipo de encuentros, porque entre todas y todos, organizados, construimos una mejor educaci\u00f3n, decidiendo c\u00f3mo y donde invertir, con transparencia, con ejecuci\u00f3n por parte de cada comunidad y debatiendo cada una de ellas d\u00f3nde y c\u00f3mo invertir, qu\u00e9 proyectos concretar y construyendo en unidad\u201d destac\u00f3. <\/p>\n\n\n\n<p><strong>Satisfacci\u00f3n<br><\/strong>\u201cEs sumamente gratificante ver tantos vecinos y vecinas comprometidos con la educaci\u00f3n, con la construcci\u00f3n colectiva e involucr\u00e1ndose en cada instituci\u00f3n\u201d siendo \u201calgo que beneficia a cada familia, a cada escuela, pero tambi\u00e9n a toda una ciudad\u201d porque \u201ces trabajar solidariamente, desinteresadamente, por una sociedad mejor, en el presente, por el futuro\u201d coment\u00f3 el intendente Juan I. Ustarroz.<\/p>\n\n\n\n<p><strong>Presencia<\/strong><br>Participaron tambi\u00e9n de la actividad la presidenta del Consejo Escolar, Maguy Oliva, la coordinadora de educaci\u00f3n, Pamela Herrera y muy especialmente integrantes de cooperadoras e instituciones educativas de distintos niveles.<\/p>\n\n\n\n<p><strong>Datos<\/strong><br>De octubre de 2024 a marzo de 2020 se ejecutaron 30 proyectos con una inversi\u00f3n de 63 millones de pesos en 35 establecimientos educativos beneficiando 7400 estudiantes entre inicial, primaria y secundaria.<br>El principal objetivo es que las escuelas puedan invertir en infraestructura.<\/p>\n\n\n\n<p>Fuente: Prensa Municipal<\/p>\n","protected":false},"excerpt":{"rendered":"<p>En un encuentro con representantes de las Cooperadores Escolares e instituciones educativas se presentaron los lineamientos del Presupuesto Participativo Educativo &#8230; <a title=\"Lanzan el presupuesto participativo educativo 2025\" class=\"read-more\" href=\"https:\/\/www.hoymercedes.com.ar\/principal\/2025\/06\/24\/lanzan-el-presupuesto-participativo-educativo-2025\/\" aria-label=\"Leer m\u00e1s sobre Lanzan el presupuesto participativo educativo 2025\">Leer m\u00e1s<\/a><\/p>\n","protected":false},"author":1,"featured_media":185573,"comment_status":"closed","ping_status":"open","sticky":false,"template":"","format":"standard","meta":{"_monsterinsights_skip_tracking":false,"_monsterinsights_sitenote_active":false,"_monsterinsights_sitenote_note":"","_monsterinsights_sitenote_category":0,"jetpack_post_was_ever_published":false,"_jetpack_newsletter_access":"","_jetpack_dont_email_post_to_subs":false,"_jetpack_newsletter_tier_id":0,"_jetpack_memberships_contains_paywalled_content":false,"_jetpack_memberships_contains_paid_content":false,"footnotes":"","jetpack_publicize_message":"","jetpack_publicize_feature_enabled":true,"jetpack_social_post_already_shared":true,"jetpack_social_options":{"image_generator_settings":{"template":"highway","default_image_id":0,"enabled":false},"version":2},"_wpas_customize_per_network":false},"categories":[8],"tags":[],"class_list":["post-185571","post","type-post","status-publish","format-standard","has-post-thumbnail","hentry","category-sociedad","generate-columns","tablet-grid-50","mobile-grid-100","grid-parent","grid-50"],"jetpack_publicize_connections":[],"jetpack_featured_media_url":"https:\/\/www.hoymercedes.com.ar\/principal\/wp-content\/uploads\/2025\/06\/PPA.jpg","wps_subtitle":"","jetpack_sharing_enabled":true,"_links":{"self":[{"href":"https:\/\/www.hoymercedes.com.ar\/principal\/wp-json\/wp\/v2\/posts\/185571","targetHints":{"allow":["GET"]}}],"collection":[{"href":"https:\/\/www.hoymercedes.com.ar\/principal\/wp-json\/wp\/v2\/posts"}],"about":[{"href":"https:\/\/www.hoymercedes.com.ar\/principal\/wp-json\/wp\/v2\/types\/post"}],"author":[{"embeddable":true,"href":"https:\/\/www.hoymercedes.com.ar\/principal\/wp-json\/wp\/v2\/users\/1"}],"replies":[{"embeddable":true,"href":"https:\/\/www.hoymercedes.com.ar\/principal\/wp-json\/wp\/v2\/comments?post=185571"}],"version-history":[{"count":1,"href":"https:\/\/www.hoymercedes.com.ar\/principal\/wp-json\/wp\/v2\/posts\/185571\/revisions"}],"predecessor-version":[{"id":185574,"href":"https:\/\/www.hoymercedes.com.ar\/principal\/wp-json\/wp\/v2\/posts\/185571\/revisions\/185574"}],"wp:featuredmedia":[{"embeddable":true,"href":"https:\/\/www.hoymercedes.com.ar\/principal\/wp-json\/wp\/v2\/media\/185573"}],"wp:attachment":[{"href":"https:\/\/www.hoymercedes.com.ar\/principal\/wp-json\/wp\/v2\/media?parent=185571"}],"wp:term":[{"taxonomy":"category","embeddable":true,"href":"https:\/\/www.hoymercedes.com.ar\/principal\/wp-json\/wp\/v2\/categories?post=185571"},{"taxonomy":"post_tag","embeddable":true,"href":"https:\/\/www.hoymercedes.com.ar\/principal\/wp-json\/wp\/v2\/tags?post=185571"}],"curies":[{"name":"wp","href":"https:\/\/api.w.org\/{rel}","templated":true}]}}