{"id":185587,"date":"2025-06-24T16:48:46","date_gmt":"2025-06-24T19:48:46","guid":{"rendered":"https:\/\/www.hoymercedes.com.ar\/principal\/?p=185587"},"modified":"2025-06-24T16:48:48","modified_gmt":"2025-06-24T19:48:48","slug":"lujan-encuentran-cuerpo-sin-vida-en-el-barro-de-una-obra","status":"publish","type":"post","link":"https:\/\/www.hoymercedes.com.ar\/principal\/2025\/06\/24\/lujan-encuentran-cuerpo-sin-vida-en-el-barro-de-una-obra\/","title":{"rendered":"Luj\u00e1n: encuentran cuerpo sin vida en el barro de una obra"},"content":{"rendered":"\n<p>Hallaron el cuerpo sin vida de un paciente psiqui\u00e1trico. Estaba semi enterrado en el barrio del lecho del r\u00edo Luj\u00e1n. Se hab\u00eda ausentado del Hospital Interzonal \u00abDr. Domingo Cabred\u00bb el 14 de junio.<\/p>\n\n\n\n<p>El viernes, personal de la Comisar\u00eda Luj\u00e1n Tercera de Open Door fue comisionado tras una llamada que alertaba sobre el hallazgo de un cuerpo en el lecho del r\u00edo Luj\u00e1n, detr\u00e1s del Hospital Interzonal \u201cDr. Domingo Cabred\u201d, en la zona conocida como Puente de los Huesos, detr\u00e1s del barrio cerrado Everlinks.<\/p>\n\n\n\n<p>El aviso lo dio el encargado de la obra de ensanchamiento del r\u00edo, perteneciente a la empresa Sabavisa S.A., quien relat\u00f3 haber encontrado el cad\u00e1ver de un hombre vestido, descalzo y semi enterrado en el barro.<\/p>\n\n\n\n<p>El lugar fue inmediatamente preservado a la espera de la llegada de la Polic\u00eda Cient\u00edfica, conforme dispuso la fiscal Mariana Su\u00e1rez, titular de la Fiscal\u00eda 9, que interviene en el caso bajo la car\u00e1tula de: \u201cAveriguaciones causales de muerte\u201d.<\/p>\n\n\n\n<p>Horas m\u00e1s tarde, se acerc\u00f3 a la dependencia policial el jefe del Departamento de Sistema de Informaci\u00f3n del Hospital Cabred, quien identific\u00f3 el cuerpo como el de Alejandro Marcelo Gonz\u00e1lez, un paciente internado en dicho establecimiento de salud mental. Ten\u00eda 54 a\u00f1os y estaba diagnosticado con \u201ctrastornos psic\u00f3ticos con retraso mental moderado\u201d.<\/p>\n\n\n\n<p>Seg\u00fan se inform\u00f3 oficialmente, Gonz\u00e1lez se hab\u00eda ausentado sin aviso de su pabell\u00f3n el pasado 14 de junio a las 21:00, y no fue encontrado a pesar de la activaci\u00f3n del protocolo de b\u00fasqueda institucional.<\/p>\n\n\n\n<p>El hospital aport\u00f3 a la investigaci\u00f3n tanto la historia cl\u00ednica del paciente como la documentaci\u00f3n personal correspondiente.<\/p>\n\n\n\n<p>La fiscal Su\u00e1rez fue informada del reconocimiento del cuerpo y dispuso la realizaci\u00f3n de la operaci\u00f3n de autopsia que permitir\u00e1 determinar con mayor precisi\u00f3n las causas del fallecimiento.<\/p>\n\n\n\n<p>Foto: El Civismo<\/p>\n","protected":false},"excerpt":{"rendered":"<p>Hallaron el cuerpo sin vida de un paciente psiqui\u00e1trico. Estaba semi enterrado en el barrio del lecho del r\u00edo Luj\u00e1n. &#8230; <a title=\"Luj\u00e1n: encuentran cuerpo sin vida en el barro de una obra\" class=\"read-more\" href=\"https:\/\/www.hoymercedes.com.ar\/principal\/2025\/06\/24\/lujan-encuentran-cuerpo-sin-vida-en-el-barro-de-una-obra\/\" aria-label=\"Leer m\u00e1s sobre Luj\u00e1n: encuentran cuerpo sin vida en el barro de una obra\">Leer m\u00e1s<\/a><\/p>\n","protected":false},"author":1,"featured_media":185588,"comment_status":"closed","ping_status":"open","sticky":false,"template":"","format":"standard","meta":{"_monsterinsights_skip_tracking":false,"_monsterinsights_sitenote_active":false,"_monsterinsights_sitenote_note":"","_monsterinsights_sitenote_category":0,"jetpack_post_was_ever_published":false,"_jetpack_newsletter_access":"","_jetpack_dont_email_post_to_subs":false,"_jetpack_newsletter_tier_id":0,"_jetpack_memberships_contains_paywalled_content":false,"_jetpack_memberships_contains_paid_content":false,"footnotes":"","jetpack_publicize_message":"","jetpack_publicize_feature_enabled":true,"jetpack_social_post_already_shared":false,"jetpack_social_options":{"image_generator_settings":{"template":"highway","default_image_id":0,"enabled":false},"version":2},"_wpas_customize_per_network":false},"categories":[8],"tags":[],"class_list":["post-185587","post","type-post","status-publish","format-standard","has-post-thumbnail","hentry","category-sociedad","generate-columns","tablet-grid-50","mobile-grid-100","grid-parent","grid-50"],"jetpack_publicize_connections":[],"jetpack_featured_media_url":"https:\/\/www.hoymercedes.com.ar\/principal\/wp-content\/uploads\/2025\/06\/Obra-Rio-Lujan.jpg","wps_subtitle":"Dolor ","jetpack_sharing_enabled":true,"_links":{"self":[{"href":"https:\/\/www.hoymercedes.com.ar\/principal\/wp-json\/wp\/v2\/posts\/185587","targetHints":{"allow":["GET"]}}],"collection":[{"href":"https:\/\/www.hoymercedes.com.ar\/principal\/wp-json\/wp\/v2\/posts"}],"about":[{"href":"https:\/\/www.hoymercedes.com.ar\/principal\/wp-json\/wp\/v2\/types\/post"}],"author":[{"embeddable":true,"href":"https:\/\/www.hoymercedes.com.ar\/principal\/wp-json\/wp\/v2\/users\/1"}],"replies":[{"embeddable":true,"href":"https:\/\/www.hoymercedes.com.ar\/principal\/wp-json\/wp\/v2\/comments?post=185587"}],"version-history":[{"count":2,"href":"https:\/\/www.hoymercedes.com.ar\/principal\/wp-json\/wp\/v2\/posts\/185587\/revisions"}],"predecessor-version":[{"id":185590,"href":"https:\/\/www.hoymercedes.com.ar\/principal\/wp-json\/wp\/v2\/posts\/185587\/revisions\/185590"}],"wp:featuredmedia":[{"embeddable":true,"href":"https:\/\/www.hoymercedes.com.ar\/principal\/wp-json\/wp\/v2\/media\/185588"}],"wp:attachment":[{"href":"https:\/\/www.hoymercedes.com.ar\/principal\/wp-json\/wp\/v2\/media?parent=185587"}],"wp:term":[{"taxonomy":"category","embeddable":true,"href":"https:\/\/www.hoymercedes.com.ar\/principal\/wp-json\/wp\/v2\/categories?post=185587"},{"taxonomy":"post_tag","embeddable":true,"href":"https:\/\/www.hoymercedes.com.ar\/principal\/wp-json\/wp\/v2\/tags?post=185587"}],"curies":[{"name":"wp","href":"https:\/\/api.w.org\/{rel}","templated":true}]}}