{"id":185613,"date":"2025-06-25T19:25:42","date_gmt":"2025-06-25T22:25:42","guid":{"rendered":"https:\/\/www.hoymercedes.com.ar\/principal\/?p=185613"},"modified":"2025-06-25T19:25:46","modified_gmt":"2025-06-25T22:25:46","slug":"grave-siniestro-vial-con-dos-jovenes-y-camioneta-involucrada","status":"publish","type":"post","link":"https:\/\/www.hoymercedes.com.ar\/principal\/2025\/06\/25\/grave-siniestro-vial-con-dos-jovenes-y-camioneta-involucrada\/","title":{"rendered":"Grave siniestro vial con dos j\u00f3venes y camioneta involucrada"},"content":{"rendered":"\n<figure class=\"wp-block-embed is-type-video is-provider-youtube wp-block-embed-youtube wp-embed-aspect-16-9 wp-has-aspect-ratio\"><div class=\"wp-block-embed__wrapper\">\n<iframe loading=\"lazy\" title=\"Siniestro vial 14  y 29\" width=\"1200\" height=\"675\" src=\"https:\/\/www.youtube.com\/embed\/S67IkNzb60g?feature=oembed\" frameborder=\"0\" allow=\"accelerometer; autoplay; clipboard-write; encrypted-media; gyroscope; picture-in-picture; web-share\" referrerpolicy=\"strict-origin-when-cross-origin\" allowfullscreen><\/iframe>\n<\/div><\/figure>\n\n\n\n<p>Un hecho de gran preocupaci\u00f3n se gener\u00f3 con un siniestro vial que involucr\u00f3 a dos menores que se movilizaban en una motocicleta y a una camioneta que aparentemente se dio a la fuga. Se abri\u00f3 una investigaci\u00f3n policial y judicial al respecto.<\/p>\n\n\n\n<p>Las personas heridas en el siniestro fueron atendidas por el SAME y trasladadas al Hospital Dubarry, donde a la hora de elaborar este informe continuaba, al menos una de ellas, internada.<\/p>\n\n\n\n<p>No hay informe sanitario oficial.<\/p>\n\n\n\n<p>La novedad fue conocida tras un primer avance noticioso compartido por el periodista Esteban Marcelo.<\/p>\n\n\n\n<p>Fue en calle 14 y 49.<\/p>\n","protected":false},"excerpt":{"rendered":"<p>Un hecho de gran preocupaci\u00f3n se gener\u00f3 con un siniestro vial que involucr\u00f3 a dos menores que se movilizaban en &#8230; <a title=\"Grave siniestro vial con dos j\u00f3venes y camioneta involucrada\" class=\"read-more\" href=\"https:\/\/www.hoymercedes.com.ar\/principal\/2025\/06\/25\/grave-siniestro-vial-con-dos-jovenes-y-camioneta-involucrada\/\" aria-label=\"Leer m\u00e1s sobre Grave siniestro vial con dos j\u00f3venes y camioneta involucrada\">Leer m\u00e1s<\/a><\/p>\n","protected":false},"author":1,"featured_media":185614,"comment_status":"closed","ping_status":"open","sticky":false,"template":"","format":"standard","meta":{"_monsterinsights_skip_tracking":false,"_monsterinsights_sitenote_active":false,"_monsterinsights_sitenote_note":"","_monsterinsights_sitenote_category":0,"jetpack_post_was_ever_published":false,"_jetpack_newsletter_access":"","_jetpack_dont_email_post_to_subs":false,"_jetpack_newsletter_tier_id":0,"_jetpack_memberships_contains_paywalled_content":false,"_jetpack_memberships_contains_paid_content":false,"footnotes":"","jetpack_publicize_message":"","jetpack_publicize_feature_enabled":true,"jetpack_social_post_already_shared":false,"jetpack_social_options":{"image_generator_settings":{"template":"highway","default_image_id":0,"enabled":false},"version":2},"_wpas_customize_per_network":false},"categories":[85],"tags":[20512,10395],"class_list":["post-185613","post","type-post","status-publish","format-standard","has-post-thumbnail","hentry","category-policial","tag-menores-en-moto","tag-siniestro-vial","generate-columns","tablet-grid-50","mobile-grid-100","grid-parent","grid-50"],"jetpack_publicize_connections":[],"jetpack_featured_media_url":"https:\/\/www.hoymercedes.com.ar\/principal\/wp-content\/uploads\/2025\/06\/Captura-de-pantalla-2025-06-25-192432.png","wps_subtitle":"Preocupante ","jetpack_sharing_enabled":true,"_links":{"self":[{"href":"https:\/\/www.hoymercedes.com.ar\/principal\/wp-json\/wp\/v2\/posts\/185613","targetHints":{"allow":["GET"]}}],"collection":[{"href":"https:\/\/www.hoymercedes.com.ar\/principal\/wp-json\/wp\/v2\/posts"}],"about":[{"href":"https:\/\/www.hoymercedes.com.ar\/principal\/wp-json\/wp\/v2\/types\/post"}],"author":[{"embeddable":true,"href":"https:\/\/www.hoymercedes.com.ar\/principal\/wp-json\/wp\/v2\/users\/1"}],"replies":[{"embeddable":true,"href":"https:\/\/www.hoymercedes.com.ar\/principal\/wp-json\/wp\/v2\/comments?post=185613"}],"version-history":[{"count":2,"href":"https:\/\/www.hoymercedes.com.ar\/principal\/wp-json\/wp\/v2\/posts\/185613\/revisions"}],"predecessor-version":[{"id":185617,"href":"https:\/\/www.hoymercedes.com.ar\/principal\/wp-json\/wp\/v2\/posts\/185613\/revisions\/185617"}],"wp:featuredmedia":[{"embeddable":true,"href":"https:\/\/www.hoymercedes.com.ar\/principal\/wp-json\/wp\/v2\/media\/185614"}],"wp:attachment":[{"href":"https:\/\/www.hoymercedes.com.ar\/principal\/wp-json\/wp\/v2\/media?parent=185613"}],"wp:term":[{"taxonomy":"category","embeddable":true,"href":"https:\/\/www.hoymercedes.com.ar\/principal\/wp-json\/wp\/v2\/categories?post=185613"},{"taxonomy":"post_tag","embeddable":true,"href":"https:\/\/www.hoymercedes.com.ar\/principal\/wp-json\/wp\/v2\/tags?post=185613"}],"curies":[{"name":"wp","href":"https:\/\/api.w.org\/{rel}","templated":true}]}}