{"id":185621,"date":"2025-06-25T23:07:28","date_gmt":"2025-06-26T02:07:28","guid":{"rendered":"https:\/\/www.hoymercedes.com.ar\/principal\/?p=185621"},"modified":"2025-06-25T23:07:33","modified_gmt":"2025-06-26T02:07:33","slug":"se-conmemoro-el-273-aniversario-de-los-origenes-de-mercedes","status":"publish","type":"post","link":"https:\/\/www.hoymercedes.com.ar\/principal\/2025\/06\/25\/se-conmemoro-el-273-aniversario-de-los-origenes-de-mercedes\/","title":{"rendered":"Se conmemor\u00f3 el 273 aniversario de los or\u00edgenes de Mercedes"},"content":{"rendered":"\n<figure class=\"wp-block-embed is-type-video is-provider-youtube wp-block-embed-youtube wp-embed-aspect-16-9 wp-has-aspect-ratio\"><div class=\"wp-block-embed__wrapper\">\n<span class=\"embed-youtube\" style=\"text-align:center; display: block;\"><iframe loading=\"lazy\" class=\"youtube-player\" width=\"1200\" height=\"675\" src=\"https:\/\/www.youtube.com\/embed\/v92beON7mBE?version=3&#038;rel=1&#038;showsearch=0&#038;showinfo=1&#038;iv_load_policy=1&#038;fs=1&#038;hl=es-ES&#038;autohide=2&#038;wmode=transparent\" allowfullscreen=\"true\" style=\"border:0;\" sandbox=\"allow-scripts allow-same-origin allow-popups allow-presentation allow-popups-to-escape-sandbox\"><\/iframe><\/span>\n<\/div><\/figure>\n\n\n\n<p>Con una amplia participaci\u00f3n de escuelas e instituciones se llev\u00f3 adelante el acto protocolar por el <strong>273 aniversario de los or\u00edgenes de nuestra localidad.<\/strong> \u201cNuestra ciudad es linda, solidaria, pujante, que trabaja en comunidad, que se esfuerza an\u00f3nimamente por s\u00ed y por el resto, cooperativamente\u201d coment\u00f3 el jefe comunal, <strong>Dr. Juan I. Ustarroz.<\/strong><\/p>\n\n\n\n<p><strong>Agradecimiento<\/strong><\/p>\n\n\n\n<p>Ustarroz lo primero que hizo fue agradecer \u201ca cada instituci\u00f3n educativa presente, las y los abanderados\u201d como as\u00ed tambi\u00e9n a \u201cquienes en esta ma\u00f1ana fr\u00eda generan este encuentro, que abraza a toda la comunidad\u201d.<\/p>\n\n\n\n<p>Hizo un balance por distintos momentos de la historia, record\u00f3 acciones de val\u00eda, como \u201clos jardines maternales, que cuidan lo mejor que tenemos, que es la primera infancia, y que es una pol\u00edtica de Estado\u201d mencionando que \u201clos inici\u00f3 el intendente Selva\u201d qui\u00e9n estaba presente para profundizarlos y lograr llegar a 10 Jardines Espacio Primera Infancia e incluso \u201cel programa primeros mil d\u00edas, que luego se nacionaliz\u00f3\u201d.<\/p>\n\n\n\n<p>Destac\u00f3 tambi\u00e9n en el presente obras importantes que se vienen haciendo, como la h\u00eddrica que va desde el R\u00edo a la 22bis y 1 dando una soluci\u00f3n hist\u00f3rica, la ampliaci\u00f3n de la planta depuradora, la nueva red cloacal, las redes de agua en distintas localidades, el nuevo centro de atenci\u00f3n a la salud y muchas m\u00e1s, que \u201cson en el presente, por un futuro mejor\u201d.<\/p>\n\n\n\n<p>Remarc\u00f3 que un gran desaf\u00edo, constante, es \u201cla educaci\u00f3n, un aspecto muy importante\u201d para \u201ctrabajar en comunidad\u201d siendo \u201cun desaf\u00edo inquebrantable\u201d.<\/p>\n\n\n\n<p>Antes de finalizar remarc\u00f3 que \u201ccuando dejamos de lado diferencias y pensamos en realmente afrontar los problemas con la mayor fortaleza, tenemos que estar unidos. As\u00ed que agradecer este acompa\u00f1amiento, convocar siempre a trabajar en esta unidad, en la diversidad que somos como sociedad y como ciudad, y poder cumplir este objetivo de generaci\u00f3n tras generaci\u00f3n, dejar un poco mejor nuestra ciudad, inclusiva, solidaria, colaborativa y que piense en t\u00e9rminos de futuro, pero desde un presente concreto\u201d.<\/p>\n\n\n\n<figure class=\"wp-block-image size-large\"><img loading=\"lazy\" decoding=\"async\" width=\"1024\" height=\"682\" data-attachment-id=\"185624\" data-permalink=\"https:\/\/www.hoymercedes.com.ar\/principal\/2025\/06\/25\/se-conmemoro-el-273-aniversario-de-los-origenes-de-mercedes\/dsc04923\/#main\" data-orig-file=\"https:\/\/www.hoymercedes.com.ar\/principal\/wp-content\/uploads\/2025\/06\/DSC04923.jpg\" data-orig-size=\"1319,879\" data-comments-opened=\"0\" data-image-meta=\"{&quot;aperture&quot;:&quot;0&quot;,&quot;credit&quot;:&quot;&quot;,&quot;camera&quot;:&quot;&quot;,&quot;caption&quot;:&quot;&quot;,&quot;created_timestamp&quot;:&quot;0&quot;,&quot;copyright&quot;:&quot;&quot;,&quot;focal_length&quot;:&quot;0&quot;,&quot;iso&quot;:&quot;0&quot;,&quot;shutter_speed&quot;:&quot;0&quot;,&quot;title&quot;:&quot;&quot;,&quot;orientation&quot;:&quot;0&quot;}\" data-image-title=\"DSC04923\" data-image-description=\"\" data-image-caption=\"\" data-large-file=\"https:\/\/www.hoymercedes.com.ar\/principal\/wp-content\/uploads\/2025\/06\/DSC04923-1024x682.jpg\" src=\"https:\/\/www.hoymercedes.com.ar\/principal\/wp-content\/uploads\/2025\/06\/DSC04923-1024x682.jpg\" alt=\"\" class=\"wp-image-185624\" srcset=\"https:\/\/www.hoymercedes.com.ar\/principal\/wp-content\/uploads\/2025\/06\/DSC04923-1024x682.jpg 1024w, https:\/\/www.hoymercedes.com.ar\/principal\/wp-content\/uploads\/2025\/06\/DSC04923-630x420.jpg 630w, https:\/\/www.hoymercedes.com.ar\/principal\/wp-content\/uploads\/2025\/06\/DSC04923-150x100.jpg 150w, https:\/\/www.hoymercedes.com.ar\/principal\/wp-content\/uploads\/2025\/06\/DSC04923-700x465.jpg 700w, https:\/\/www.hoymercedes.com.ar\/principal\/wp-content\/uploads\/2025\/06\/DSC04923.jpg 1319w\" sizes=\"auto, (max-width: 1024px) 100vw, 1024px\" \/><\/figure>\n\n\n\n<p><strong>Presencia<\/strong><br>Se cont\u00f3 con una enorme cantidad de instituciones educativas con sus banderas de ceremonia, el sub secretario de asuntos municipales, Santiago R\u00e9vora, el ex intendente Carlos Selva, el inspector Cristian Ponce, la presidenta del Concejo Deliberante Mariana San Mart\u00edn, funcionarios, Veteranos, Bomberos, Iglesias y especialmente vecinos y vecinas.<\/p>\n\n\n\n<p><strong>Historia<\/strong><\/p>\n\n\n\n<p>En este d\u00eda, la palabra la tom\u00f3 tambi\u00e9n <strong>Andr\u00e9s Monferrand<\/strong>, bibliotecario y escrito, quien a trav\u00e9s de la figura de Ra\u00fal Ortelli efectu\u00f3 un amplio recorrido por la historia de Mercedes. Entre algunos de los conceptos expresados se encuentran:&nbsp;<\/p>\n\n\n\n<p>Declar\u00e1ndome, al menos en parte, en contra de nuestro mito fundacional de \u00e9pica antimalones \u2014esa letan\u00eda represiva que alg\u00fan d\u00eda se deber\u00e1 revisar si so\u00f1amos con un futuro de paz e igualdad\u2014, retorna la figura del escritor Ra\u00fal Ortelli. En \u00e9l se concentra buena parte de la historia y de la lengua, de la memoria y de la m\u00fasica verbal de Mercedes. (\u2026)<\/p>\n\n\n\n<p>Mercedes en el recuerdo, Ra\u00fal. Nosotros los nativos, vos, yo, todos nativos. El paso firme, la tonada gauchesca, la palmada en la espalda, la calidez como el vino tinto en el odre. Siempre el recuerdo. (\u2026)<\/p>\n\n\n\n<p>La mirada valerosa en la noche de los tiempos, la princesa ranquel, la pulper\u00eda del puente, el cacique Lepin, el capit\u00e1n vague, el fuerte junto a la laguna. Los postes de \u00f1andubay, el perro fantasma, los zanjones del Sapo, la ca\u00f1ada del Moyano. \u00a1Qu\u00e9 mitolog\u00eda, Ra\u00fal! \u00a1Cu\u00e1nta pasi\u00f3n en el cuchillo! (\u2026)<\/p>\n\n\n\n<p>Adivinas, fantasmas, cuchilleros. El gallo granadero en lo de Lagos, enfrente del maestro Bustos Fern\u00e1ndez. Los yuyales de la avenida 40. Las armas colgadas, el archivo, la obsesi\u00f3n por saberlo todo. (\u2026)<\/p>\n\n\n\n<p>La parada de payador, el velorio de angelitos, los sucesos del Atrio. El diablo, las brujas, los candiles con grasa de potro. El jinete en la noche, el almac\u00e9n de Garc\u00eda, el diario La Hora, el Palacio de Tribunales, la sangre en las esquinas. (\u2026)<\/p>\n\n\n\n<p>La esquina de la sal, las cinco esquinas, la librer\u00eda del gallego D\u00edaz. Joaquina Piedrabuena, Ramonita Far\u00edas, Libertaria Carrizo. La cancha de Arrillaga, el primer autom\u00f3vil, los lenocinios, la f\u00e1brica de carruajes. Pichaco y el ca\u00f1\u00f3n. (\u2026)<\/p>\n\n\n\n<p>Las charlas con Cirilo Villarreal y Jos\u00e9 Luis Franco, los gorros colorados del Monte. Portero insigne del m\u00e1s ac\u00e1 y m\u00e1s all\u00e1 del pueblo. (\u2026)<\/p>\n\n\n\n<p>Recordar con vos, Ra\u00fal, recordar Mercedes, record\u00e1ndote. Y desde ah\u00ed \u2014con vos y con todos\u2014 so\u00f1ar otra vez el comienzo. Un nuevo origen. Un futuro m\u00e1s claro, m\u00e1s compartido, m\u00e1s solidario, m\u00e1s nuestro. Un futuro donde nadie quede atr\u00e1s. (\u2026)<\/p>\n","protected":false},"excerpt":{"rendered":"<p>Con una amplia participaci\u00f3n de escuelas e instituciones se llev\u00f3 adelante el acto protocolar por el 273 aniversario de los &#8230; <a title=\"Se conmemor\u00f3 el 273 aniversario de los or\u00edgenes de Mercedes\" class=\"read-more\" href=\"https:\/\/www.hoymercedes.com.ar\/principal\/2025\/06\/25\/se-conmemoro-el-273-aniversario-de-los-origenes-de-mercedes\/\" aria-label=\"Leer m\u00e1s sobre Se conmemor\u00f3 el 273 aniversario de los or\u00edgenes de Mercedes\">Leer m\u00e1s<\/a><\/p>\n","protected":false},"author":1,"featured_media":185622,"comment_status":"closed","ping_status":"open","sticky":false,"template":"","format":"standard","meta":{"_monsterinsights_skip_tracking":false,"_monsterinsights_sitenote_active":false,"_monsterinsights_sitenote_note":"","_monsterinsights_sitenote_category":0,"jetpack_post_was_ever_published":false,"_jetpack_newsletter_access":"","_jetpack_dont_email_post_to_subs":false,"_jetpack_newsletter_tier_id":0,"_jetpack_memberships_contains_paywalled_content":false,"_jetpack_memberships_contains_paid_content":false,"footnotes":"","jetpack_publicize_message":"","jetpack_publicize_feature_enabled":true,"jetpack_social_post_already_shared":false,"jetpack_social_options":{"image_generator_settings":{"template":"highway","default_image_id":0,"enabled":false},"version":2},"_wpas_customize_per_network":false},"categories":[8],"tags":[20513,2399],"class_list":["post-185621","post","type-post","status-publish","format-standard","has-post-thumbnail","hentry","category-sociedad","tag-273-aniversario-de-mercedes","tag-origenes-de-mercedes","generate-columns","tablet-grid-50","mobile-grid-100","grid-parent","grid-50"],"jetpack_publicize_connections":[],"jetpack_featured_media_url":"https:\/\/www.hoymercedes.com.ar\/principal\/wp-content\/uploads\/2025\/06\/DSC04904.jpg","wps_subtitle":"Aniversario ","jetpack_sharing_enabled":true,"_links":{"self":[{"href":"https:\/\/www.hoymercedes.com.ar\/principal\/wp-json\/wp\/v2\/posts\/185621","targetHints":{"allow":["GET"]}}],"collection":[{"href":"https:\/\/www.hoymercedes.com.ar\/principal\/wp-json\/wp\/v2\/posts"}],"about":[{"href":"https:\/\/www.hoymercedes.com.ar\/principal\/wp-json\/wp\/v2\/types\/post"}],"author":[{"embeddable":true,"href":"https:\/\/www.hoymercedes.com.ar\/principal\/wp-json\/wp\/v2\/users\/1"}],"replies":[{"embeddable":true,"href":"https:\/\/www.hoymercedes.com.ar\/principal\/wp-json\/wp\/v2\/comments?post=185621"}],"version-history":[{"count":2,"href":"https:\/\/www.hoymercedes.com.ar\/principal\/wp-json\/wp\/v2\/posts\/185621\/revisions"}],"predecessor-version":[{"id":185626,"href":"https:\/\/www.hoymercedes.com.ar\/principal\/wp-json\/wp\/v2\/posts\/185621\/revisions\/185626"}],"wp:featuredmedia":[{"embeddable":true,"href":"https:\/\/www.hoymercedes.com.ar\/principal\/wp-json\/wp\/v2\/media\/185622"}],"wp:attachment":[{"href":"https:\/\/www.hoymercedes.com.ar\/principal\/wp-json\/wp\/v2\/media?parent=185621"}],"wp:term":[{"taxonomy":"category","embeddable":true,"href":"https:\/\/www.hoymercedes.com.ar\/principal\/wp-json\/wp\/v2\/categories?post=185621"},{"taxonomy":"post_tag","embeddable":true,"href":"https:\/\/www.hoymercedes.com.ar\/principal\/wp-json\/wp\/v2\/tags?post=185621"}],"curies":[{"name":"wp","href":"https:\/\/api.w.org\/{rel}","templated":true}]}}