{"id":185631,"date":"2025-06-29T14:36:44","date_gmt":"2025-06-29T17:36:44","guid":{"rendered":"https:\/\/www.hoymercedes.com.ar\/principal\/?p=185631"},"modified":"2025-06-29T14:36:46","modified_gmt":"2025-06-29T17:36:46","slug":"tributo-a-the-beatles-beatkings-actua-el-4-de-julio","status":"publish","type":"post","link":"https:\/\/www.hoymercedes.com.ar\/principal\/2025\/06\/29\/tributo-a-the-beatles-beatkings-actua-el-4-de-julio\/","title":{"rendered":"Tributo a The Beatles: Beatkings act\u00faa el 4 de julio"},"content":{"rendered":"\n<p>Por primera vez en Mercedes, el venidero 4 de julio, llegar\u00e1 a los escenarios mercedinos la banda tributo a The Beatles. Orginales de Luj\u00e1n, Beatkings actuar\u00e1 en la Parrilla \u00abLos de Mauri\u00bb (calle 11 y 126). Las entradas ya pueden reservarse al 2323-532110, con un valor de $6000 por derecho a show.<\/p>\n\n\n\n<p>Integrada por Fito Ristok (bater\u00eda), Francisco Zanazzi (teclados), Jorge Liguori (guitarra y arm\u00f3nica), Pablo Kraneviter (guitarra y voz), Eduardo Rosso (bajo) y Diego Rosso (bajo y percusiones), Beatkings propone un tributo al grupo emblem\u00e1tico ingl\u00e9s con interpretaciones de los \u00e9xitos. <\/p>\n\n\n\n<p>\u201cNo hacemos reversiones ni imitaciones. Tocamos la m\u00fasica Beatle en vivo, respetando las tonalidades originales y la sonoridad, pero con nuestras propias improntas\u201d, explic\u00f3 Diego Rosso.<\/p>\n\n\n\n<p>En esta oportunidad, la primera en Mercedes, estar\u00e1 presentando el espect\u00e1culo \u201c\u00c9xitos de Oro\u201d en donde la beatleman\u00eda se har\u00e1 presente. En vivo interpretar\u00e1n los temas n\u00famero uno de John, Paul, George y Ringo y que son parte de la historia de la m\u00fasica internacional. <\/p>\n\n\n<div class=\"wp-block-image\">\n<figure class=\"aligncenter size-large\"><img loading=\"lazy\" decoding=\"async\" width=\"819\" height=\"1024\" data-attachment-id=\"185632\" data-permalink=\"https:\/\/www.hoymercedes.com.ar\/principal\/2025\/06\/29\/tributo-a-the-beatles-beatkings-actua-el-4-de-julio\/attachment\/1000245373\/#main\" data-orig-file=\"https:\/\/www.hoymercedes.com.ar\/principal\/wp-content\/uploads\/2025\/06\/1000245373.jpg\" data-orig-size=\"1080,1350\" data-comments-opened=\"0\" data-image-meta=\"{&quot;aperture&quot;:&quot;0&quot;,&quot;credit&quot;:&quot;&quot;,&quot;camera&quot;:&quot;&quot;,&quot;caption&quot;:&quot;&quot;,&quot;created_timestamp&quot;:&quot;0&quot;,&quot;copyright&quot;:&quot;&quot;,&quot;focal_length&quot;:&quot;0&quot;,&quot;iso&quot;:&quot;0&quot;,&quot;shutter_speed&quot;:&quot;0&quot;,&quot;title&quot;:&quot;&quot;,&quot;orientation&quot;:&quot;0&quot;}\" data-image-title=\"1000245373\" data-image-description=\"\" data-image-caption=\"\" data-large-file=\"https:\/\/www.hoymercedes.com.ar\/principal\/wp-content\/uploads\/2025\/06\/1000245373-819x1024.jpg\" src=\"https:\/\/www.hoymercedes.com.ar\/principal\/wp-content\/uploads\/2025\/06\/1000245373-819x1024.jpg\" alt=\"\" class=\"wp-image-185632\" srcset=\"https:\/\/www.hoymercedes.com.ar\/principal\/wp-content\/uploads\/2025\/06\/1000245373-819x1024.jpg 819w, https:\/\/www.hoymercedes.com.ar\/principal\/wp-content\/uploads\/2025\/06\/1000245373-496x620.jpg 496w, https:\/\/www.hoymercedes.com.ar\/principal\/wp-content\/uploads\/2025\/06\/1000245373-120x150.jpg 120w, https:\/\/www.hoymercedes.com.ar\/principal\/wp-content\/uploads\/2025\/06\/1000245373.jpg 1080w\" sizes=\"auto, (max-width: 819px) 100vw, 819px\" \/><\/figure>\n<\/div>","protected":false},"excerpt":{"rendered":"<p>Por primera vez en Mercedes, el venidero 4 de julio, llegar\u00e1 a los escenarios mercedinos la banda tributo a The &#8230; <a title=\"Tributo a The Beatles: Beatkings act\u00faa el 4 de julio\" class=\"read-more\" href=\"https:\/\/www.hoymercedes.com.ar\/principal\/2025\/06\/29\/tributo-a-the-beatles-beatkings-actua-el-4-de-julio\/\" aria-label=\"Leer m\u00e1s sobre Tributo a The Beatles: Beatkings act\u00faa el 4 de julio\">Leer m\u00e1s<\/a><\/p>\n","protected":false},"author":1,"featured_media":185701,"comment_status":"closed","ping_status":"open","sticky":false,"template":"","format":"standard","meta":{"_monsterinsights_skip_tracking":false,"_monsterinsights_sitenote_active":false,"_monsterinsights_sitenote_note":"","_monsterinsights_sitenote_category":0,"jetpack_post_was_ever_published":false,"_jetpack_newsletter_access":"","_jetpack_dont_email_post_to_subs":false,"_jetpack_newsletter_tier_id":0,"_jetpack_memberships_contains_paywalled_content":false,"_jetpack_memberships_contains_paid_content":false,"footnotes":"","jetpack_publicize_message":"","jetpack_publicize_feature_enabled":true,"jetpack_social_post_already_shared":false,"jetpack_social_options":{"image_generator_settings":{"template":"highway","default_image_id":0,"enabled":false},"version":2},"_wpas_customize_per_network":false},"categories":[8],"tags":[],"class_list":["post-185631","post","type-post","status-publish","format-standard","has-post-thumbnail","hentry","category-sociedad","generate-columns","tablet-grid-50","mobile-grid-100","grid-parent","grid-50"],"jetpack_publicize_connections":[],"jetpack_featured_media_url":"https:\/\/www.hoymercedes.com.ar\/principal\/wp-content\/uploads\/2025\/06\/Screenshot_20250629-115547_copy_800x533_1.png","wps_subtitle":"","jetpack_sharing_enabled":true,"_links":{"self":[{"href":"https:\/\/www.hoymercedes.com.ar\/principal\/wp-json\/wp\/v2\/posts\/185631","targetHints":{"allow":["GET"]}}],"collection":[{"href":"https:\/\/www.hoymercedes.com.ar\/principal\/wp-json\/wp\/v2\/posts"}],"about":[{"href":"https:\/\/www.hoymercedes.com.ar\/principal\/wp-json\/wp\/v2\/types\/post"}],"author":[{"embeddable":true,"href":"https:\/\/www.hoymercedes.com.ar\/principal\/wp-json\/wp\/v2\/users\/1"}],"replies":[{"embeddable":true,"href":"https:\/\/www.hoymercedes.com.ar\/principal\/wp-json\/wp\/v2\/comments?post=185631"}],"version-history":[{"count":2,"href":"https:\/\/www.hoymercedes.com.ar\/principal\/wp-json\/wp\/v2\/posts\/185631\/revisions"}],"predecessor-version":[{"id":185709,"href":"https:\/\/www.hoymercedes.com.ar\/principal\/wp-json\/wp\/v2\/posts\/185631\/revisions\/185709"}],"wp:featuredmedia":[{"embeddable":true,"href":"https:\/\/www.hoymercedes.com.ar\/principal\/wp-json\/wp\/v2\/media\/185701"}],"wp:attachment":[{"href":"https:\/\/www.hoymercedes.com.ar\/principal\/wp-json\/wp\/v2\/media?parent=185631"}],"wp:term":[{"taxonomy":"category","embeddable":true,"href":"https:\/\/www.hoymercedes.com.ar\/principal\/wp-json\/wp\/v2\/categories?post=185631"},{"taxonomy":"post_tag","embeddable":true,"href":"https:\/\/www.hoymercedes.com.ar\/principal\/wp-json\/wp\/v2\/tags?post=185631"}],"curies":[{"name":"wp","href":"https:\/\/api.w.org\/{rel}","templated":true}]}}