{"id":185639,"date":"2025-06-26T19:59:20","date_gmt":"2025-06-26T22:59:20","guid":{"rendered":"https:\/\/www.hoymercedes.com.ar\/principal\/?p=185639"},"modified":"2025-06-26T22:13:46","modified_gmt":"2025-06-27T01:13:46","slug":"ips-asueto-por-el-dia-de-los-trabajadores-estatales","status":"publish","type":"post","link":"https:\/\/www.hoymercedes.com.ar\/principal\/2025\/06\/26\/ips-asueto-por-el-dia-de-los-trabajadores-estatales\/","title":{"rendered":"IPS: Asueto por el d\u00eda de los trabajadores estatales"},"content":{"rendered":"<div class=\"wp-block-image\">\n<figure class=\"alignleft size-full\"><img decoding=\"async\" src=\"https:\/\/www.hoymercedes.com.ar\/principal\/wp-content\/uploads\/2025\/06\/image-3.png\" alt=\"\" class=\"wp-image-185640\"\/><\/figure>\n<\/div>\n\n\n<p>El Instituto de Previsi\u00f3n Social de la provincia tendr\u00e1 asueto por el d\u00eda de los trabajadores del Estado que se conmemora el d\u00eda viernes 27 de junio. En tal sentido, todas sus oficinas ver\u00e1n suspendida la atenci\u00f3n, retomando con normalidad el lunes 30 del corriente mes.\u00a0<\/p>\n\n\n\n<p>&nbsp;Se informa que conforme la Ley Provincial N\u00ba 14.600 el d\u00eda viernes 27 de junio de 2025 es asueto para los y las trabajadores\/as de la Administraci\u00f3n P\u00fablica de la provincia de Buenos Aires, en conmemoraci\u00f3n del \u201cD\u00eda del Trabajador del Estado\u201d; fecha en que la Organizaci\u00f3n Internacional del Trabajo (OIT) adopt\u00f3 el Convenio N\u00ba 151 reconociendo el derecho a la negociaci\u00f3n colectiva en la administraci\u00f3n p\u00fablica.<\/p>\n","protected":false},"excerpt":{"rendered":"<p>El Instituto de Previsi\u00f3n Social de la provincia tendr\u00e1 asueto por el d\u00eda de los trabajadores del Estado que se &#8230; <a title=\"IPS: Asueto por el d\u00eda de los trabajadores estatales\" class=\"read-more\" href=\"https:\/\/www.hoymercedes.com.ar\/principal\/2025\/06\/26\/ips-asueto-por-el-dia-de-los-trabajadores-estatales\/\" aria-label=\"Leer m\u00e1s sobre IPS: Asueto por el d\u00eda de los trabajadores estatales\">Leer m\u00e1s<\/a><\/p>\n","protected":false},"author":1,"featured_media":185647,"comment_status":"closed","ping_status":"open","sticky":false,"template":"","format":"standard","meta":{"_monsterinsights_skip_tracking":false,"_monsterinsights_sitenote_active":false,"_monsterinsights_sitenote_note":"","_monsterinsights_sitenote_category":0,"jetpack_post_was_ever_published":false,"_jetpack_newsletter_access":"","_jetpack_dont_email_post_to_subs":false,"_jetpack_newsletter_tier_id":0,"_jetpack_memberships_contains_paywalled_content":false,"_jetpack_memberships_contains_paid_content":false,"footnotes":"","jetpack_publicize_message":"","jetpack_publicize_feature_enabled":true,"jetpack_social_post_already_shared":false,"jetpack_social_options":{"image_generator_settings":{"template":"highway","default_image_id":0,"enabled":false},"version":2},"_wpas_customize_per_network":false},"categories":[8],"tags":[],"class_list":["post-185639","post","type-post","status-publish","format-standard","has-post-thumbnail","hentry","category-sociedad","generate-columns","tablet-grid-50","mobile-grid-100","grid-parent","grid-50"],"jetpack_publicize_connections":[],"jetpack_featured_media_url":"https:\/\/www.hoymercedes.com.ar\/principal\/wp-content\/uploads\/2025\/06\/IPS-Mercedes.jpg","wps_subtitle":"","jetpack_sharing_enabled":true,"_links":{"self":[{"href":"https:\/\/www.hoymercedes.com.ar\/principal\/wp-json\/wp\/v2\/posts\/185639","targetHints":{"allow":["GET"]}}],"collection":[{"href":"https:\/\/www.hoymercedes.com.ar\/principal\/wp-json\/wp\/v2\/posts"}],"about":[{"href":"https:\/\/www.hoymercedes.com.ar\/principal\/wp-json\/wp\/v2\/types\/post"}],"author":[{"embeddable":true,"href":"https:\/\/www.hoymercedes.com.ar\/principal\/wp-json\/wp\/v2\/users\/1"}],"replies":[{"embeddable":true,"href":"https:\/\/www.hoymercedes.com.ar\/principal\/wp-json\/wp\/v2\/comments?post=185639"}],"version-history":[{"count":1,"href":"https:\/\/www.hoymercedes.com.ar\/principal\/wp-json\/wp\/v2\/posts\/185639\/revisions"}],"predecessor-version":[{"id":185641,"href":"https:\/\/www.hoymercedes.com.ar\/principal\/wp-json\/wp\/v2\/posts\/185639\/revisions\/185641"}],"wp:featuredmedia":[{"embeddable":true,"href":"https:\/\/www.hoymercedes.com.ar\/principal\/wp-json\/wp\/v2\/media\/185647"}],"wp:attachment":[{"href":"https:\/\/www.hoymercedes.com.ar\/principal\/wp-json\/wp\/v2\/media?parent=185639"}],"wp:term":[{"taxonomy":"category","embeddable":true,"href":"https:\/\/www.hoymercedes.com.ar\/principal\/wp-json\/wp\/v2\/categories?post=185639"},{"taxonomy":"post_tag","embeddable":true,"href":"https:\/\/www.hoymercedes.com.ar\/principal\/wp-json\/wp\/v2\/tags?post=185639"}],"curies":[{"name":"wp","href":"https:\/\/api.w.org\/{rel}","templated":true}]}}