{"id":185642,"date":"2025-06-26T21:00:00","date_gmt":"2025-06-27T00:00:00","guid":{"rendered":"https:\/\/www.hoymercedes.com.ar\/principal\/?p=185642"},"modified":"2025-06-26T20:05:56","modified_gmt":"2025-06-26T23:05:56","slug":"formula-1-se-suma-a-elio-y-al-entrenamiento-del-dragon","status":"publish","type":"post","link":"https:\/\/www.hoymercedes.com.ar\/principal\/2025\/06\/26\/formula-1-se-suma-a-elio-y-al-entrenamiento-del-dragon\/","title":{"rendered":"F\u00f3rmula 1 se suma a Elio y al entrenamiento del drag\u00f3n"},"content":{"rendered":"\n<p>Desde el viernes 27 de junio, y hasta el martes 1\u00b0 de julio, el Cine Mercedes tendr\u00e1 tres pel\u00edculas en su cartelera. Mientras que \u00abC\u00f3mo entrena a tu drag\u00f3n\u00bb se podr\u00e1 ver el s\u00e1bado 28 y el domingo 29 en la funci\u00f3n de las 15:30, el resto de los d\u00edas, contin\u00faa \u00abElio\u00bb (funci\u00f3n de 18:15 hs) y suma a F\u00f3rmula 1 (funci\u00f3n de 20:30 hs.)<\/p>\n\n\n<div class=\"wp-block-image\">\n<figure class=\"aligncenter size-full\"><img loading=\"lazy\" decoding=\"async\" width=\"614\" height=\"863\" data-attachment-id=\"185605\" data-permalink=\"https:\/\/www.hoymercedes.com.ar\/principal\/2025\/06\/24\/encuentro-de-departamento-sociales-de-clubes-de-futbol-argentino\/gacetilla-cine-mercedes-13-5\/#main\" data-orig-file=\"https:\/\/www.hoymercedes.com.ar\/principal\/wp-content\/uploads\/2025\/06\/Gacetilla-Cine-Mercedes-13.png\" data-orig-size=\"614,863\" data-comments-opened=\"0\" data-image-meta=\"{&quot;aperture&quot;:&quot;0&quot;,&quot;credit&quot;:&quot;&quot;,&quot;camera&quot;:&quot;&quot;,&quot;caption&quot;:&quot;&quot;,&quot;created_timestamp&quot;:&quot;0&quot;,&quot;copyright&quot;:&quot;&quot;,&quot;focal_length&quot;:&quot;0&quot;,&quot;iso&quot;:&quot;0&quot;,&quot;shutter_speed&quot;:&quot;0&quot;,&quot;title&quot;:&quot;&quot;,&quot;orientation&quot;:&quot;0&quot;}\" data-image-title=\"Gacetilla Cine Mercedes (13)\" data-image-description=\"\" data-image-caption=\"\" data-large-file=\"https:\/\/www.hoymercedes.com.ar\/principal\/wp-content\/uploads\/2025\/06\/Gacetilla-Cine-Mercedes-13.png\" src=\"https:\/\/www.hoymercedes.com.ar\/principal\/wp-content\/uploads\/2025\/06\/Gacetilla-Cine-Mercedes-13.png\" alt=\"\" class=\"wp-image-185605\" srcset=\"https:\/\/www.hoymercedes.com.ar\/principal\/wp-content\/uploads\/2025\/06\/Gacetilla-Cine-Mercedes-13.png 614w, https:\/\/www.hoymercedes.com.ar\/principal\/wp-content\/uploads\/2025\/06\/Gacetilla-Cine-Mercedes-13-441x620.png 441w, https:\/\/www.hoymercedes.com.ar\/principal\/wp-content\/uploads\/2025\/06\/Gacetilla-Cine-Mercedes-13-107x150.png 107w\" sizes=\"auto, (max-width: 614px) 100vw, 614px\" \/><\/figure>\n<\/div>\n\n\n<p>Sinopsis \u00abElio\u00bb: La historia de Elio, un ni\u00f1o de 11 a\u00f1os con una imaginaci\u00f3n desbordante y una enorme obsesi\u00f3n por los extraterrestres, que lucha por encajar hasta que de repente es transportado al espacio y es identificado por error como el embajador gal\u00e1ctico de la Tierra. (FILMAFFINITY)<\/p>\n\n\n\n<p>Sin\u00f3psis \u00abF\u00f3rmula 1\u00bb: Apodado \u201cel m\u00e1s grande de todos los tiempos\u201d, Sonny Hayes fue el fen\u00f3meno m\u00e1s prometedor de la F\u00f3rmula 1 en la d\u00e9cada de 1990 hasta que un accidente en la pista casi acaba con su carrera. Treinta a\u00f1os despu\u00e9s, es un piloto n\u00f3mada a sueldo al que contacta su antiguo compa\u00f1ero de equipo Rub\u00e9n Cervantes, propietario de un equipo de F\u00f3rmula 1 en apuros que est\u00e1 al borde de la quiebra. Rub\u00e9n convence a Sonny para volver a la F\u00f3rmula 1 y tener una \u00faltima oportunidad para salvar al equipo y ser el mejor del mundo. Su compa\u00f1ero ser\u00e1 el novato Joshua Pearce, el piloto estrella del equipo que est\u00e1 decidido a imponer su propio ritmo.<\/p>\n\n\n\n<p>Sinopsis \u00abC\u00f3mo entrenar a tu drag\u00f3n\u00bb: En la escarpada Isla Mema, donde vikingos y dragones han mantenido una amarga enemistad durante generaciones, Hipo es un muchacho diferente a los dem\u00e1s. El ingenioso y subestimado hijo del jefe Estoico el Inmenso desaf\u00eda siglos de tradici\u00f3n haci\u00e9ndose amigo de Desdentao, un temido drag\u00f3n Furia Nocturna. Su insospechado v\u00ednculo desvelar\u00e1 la verdadera naturaleza de los dragones, poniendo a prueba los cimientos de la sociedad vikinga. En compa\u00f1\u00eda de la feroz y ambiciosa Astrid y Boc\u00f3n, el estrafalario herrero del pueblo, Hipo planta cara a un mundo dividido por el miedo y la incomprensi\u00f3n. Pero cuando surge una ancestral amenaza que pone en peligro tanto a vikingos como a dragones, la amistad de Hipo con Desdentao se convertir\u00e1 en la clave para forjar un nuevo futuro. Juntos, deber\u00e1n recorrer la delicada senda hacia la paz, volando m\u00e1s all\u00e1 de los l\u00edmites de sus mundos y redefiniendo para siempre el significado de ser un h\u00e9roe y un l\u00edder.<\/p>\n","protected":false},"excerpt":{"rendered":"<p>Desde el viernes 27 de junio, y hasta el martes 1\u00b0 de julio, el Cine Mercedes tendr\u00e1 tres pel\u00edculas en &#8230; <a title=\"F\u00f3rmula 1 se suma a Elio y al entrenamiento del drag\u00f3n\" class=\"read-more\" href=\"https:\/\/www.hoymercedes.com.ar\/principal\/2025\/06\/26\/formula-1-se-suma-a-elio-y-al-entrenamiento-del-dragon\/\" aria-label=\"Leer m\u00e1s sobre F\u00f3rmula 1 se suma a Elio y al entrenamiento del drag\u00f3n\">Leer m\u00e1s<\/a><\/p>\n","protected":false},"author":1,"featured_media":185604,"comment_status":"closed","ping_status":"open","sticky":false,"template":"","format":"standard","meta":{"_monsterinsights_skip_tracking":false,"_monsterinsights_sitenote_active":false,"_monsterinsights_sitenote_note":"","_monsterinsights_sitenote_category":0,"jetpack_post_was_ever_published":false,"_jetpack_newsletter_access":"","_jetpack_dont_email_post_to_subs":false,"_jetpack_newsletter_tier_id":0,"_jetpack_memberships_contains_paywalled_content":false,"_jetpack_memberships_contains_paid_content":false,"footnotes":"","jetpack_publicize_message":"","jetpack_publicize_feature_enabled":true,"jetpack_social_post_already_shared":true,"jetpack_social_options":{"image_generator_settings":{"template":"highway","default_image_id":0,"enabled":false},"version":2},"_wpas_customize_per_network":false},"categories":[8],"tags":[],"class_list":["post-185642","post","type-post","status-publish","format-standard","has-post-thumbnail","hentry","category-sociedad","generate-columns","tablet-grid-50","mobile-grid-100","grid-parent","grid-50"],"jetpack_publicize_connections":[],"jetpack_featured_media_url":"https:\/\/www.hoymercedes.com.ar\/principal\/wp-content\/uploads\/2025\/06\/thumbnail_F1.jpg","wps_subtitle":"","jetpack_sharing_enabled":true,"_links":{"self":[{"href":"https:\/\/www.hoymercedes.com.ar\/principal\/wp-json\/wp\/v2\/posts\/185642","targetHints":{"allow":["GET"]}}],"collection":[{"href":"https:\/\/www.hoymercedes.com.ar\/principal\/wp-json\/wp\/v2\/posts"}],"about":[{"href":"https:\/\/www.hoymercedes.com.ar\/principal\/wp-json\/wp\/v2\/types\/post"}],"author":[{"embeddable":true,"href":"https:\/\/www.hoymercedes.com.ar\/principal\/wp-json\/wp\/v2\/users\/1"}],"replies":[{"embeddable":true,"href":"https:\/\/www.hoymercedes.com.ar\/principal\/wp-json\/wp\/v2\/comments?post=185642"}],"version-history":[{"count":1,"href":"https:\/\/www.hoymercedes.com.ar\/principal\/wp-json\/wp\/v2\/posts\/185642\/revisions"}],"predecessor-version":[{"id":185643,"href":"https:\/\/www.hoymercedes.com.ar\/principal\/wp-json\/wp\/v2\/posts\/185642\/revisions\/185643"}],"wp:featuredmedia":[{"embeddable":true,"href":"https:\/\/www.hoymercedes.com.ar\/principal\/wp-json\/wp\/v2\/media\/185604"}],"wp:attachment":[{"href":"https:\/\/www.hoymercedes.com.ar\/principal\/wp-json\/wp\/v2\/media?parent=185642"}],"wp:term":[{"taxonomy":"category","embeddable":true,"href":"https:\/\/www.hoymercedes.com.ar\/principal\/wp-json\/wp\/v2\/categories?post=185642"},{"taxonomy":"post_tag","embeddable":true,"href":"https:\/\/www.hoymercedes.com.ar\/principal\/wp-json\/wp\/v2\/tags?post=185642"}],"curies":[{"name":"wp","href":"https:\/\/api.w.org\/{rel}","templated":true}]}}