{"id":185644,"date":"2025-06-26T22:01:27","date_gmt":"2025-06-27T01:01:27","guid":{"rendered":"https:\/\/www.hoymercedes.com.ar\/principal\/?p=185644"},"modified":"2025-06-26T22:01:29","modified_gmt":"2025-06-27T01:01:29","slug":"deniegan-prision-domiciliaria-a-implicados-en-linchamiento-de-olivera","status":"publish","type":"post","link":"https:\/\/www.hoymercedes.com.ar\/principal\/2025\/06\/26\/deniegan-prision-domiciliaria-a-implicados-en-linchamiento-de-olivera\/","title":{"rendered":"Deniegan prisi\u00f3n domiciliaria a implicados en linchamiento de Olivera"},"content":{"rendered":"\n<p><\/p>\n\n\n\n<p>El Juzgado de Garant\u00edas 3 de Mercedes, a cargo del Dr. Patricio Arrieta, <strong>rechaz\u00f3 los pedidos de prisi\u00f3n domiciliaria<\/strong> para tres de los cinco detenidos por el brutal asesinato de Jerem\u00edas Sosa, ocurrido el 22 de febrero en Olivera.<\/p>\n\n\n\n<p>Los acusados est\u00e1n imputados por <strong>\u00abHomicidio agravado por ensa\u00f1amiento, alevos\u00eda o insidia\u00bb<\/strong>, un delito que prev\u00e9 prisi\u00f3n perpetua. La decisi\u00f3n se fundamenta en los <strong>informes socioambientales negativos o insuficientes<\/strong> de los domicilios propuestos, as\u00ed como en la <strong>oposici\u00f3n de la fiscal Mar\u00eda Laura Cordiviola<\/strong>.<\/p>\n\n\n\n<p>El Juzgado coincidi\u00f3 con la fiscal, argumentando la <strong>falta de nuevas pruebas<\/strong> que pudieran cambiar la situaci\u00f3n de los imputados. Adem\u00e1s, se tuvo en cuenta el <strong>riesgo de fuga<\/strong> debido a la alta pena y la extrema violencia del crimen. En el caso de Guti\u00e9rrez, su condici\u00f3n de pr\u00f3fugo durante casi dos meses fue un factor clave.<\/p>\n\n\n\n<p>La causa contin\u00faa avanzando, con cinco detenidos y tres pr\u00f3fugos,  se\u00f1alado como el autor material del crimen. El asesinato de Jerem\u00edas Sosa, quien fue atado y golpeado hasta la muerte tras un presunto intento de robo, conmocion\u00f3 a la comunidad y la investigaci\u00f3n sigue su curso en medio de un contexto de violencia vecinal.<\/p>\n","protected":false},"excerpt":{"rendered":"<p>El Juzgado de Garant\u00edas 3 de Mercedes, a cargo del Dr. Patricio Arrieta, rechaz\u00f3 los pedidos de prisi\u00f3n domiciliaria para &#8230; <a title=\"Deniegan prisi\u00f3n domiciliaria a implicados en linchamiento de Olivera\" class=\"read-more\" href=\"https:\/\/www.hoymercedes.com.ar\/principal\/2025\/06\/26\/deniegan-prision-domiciliaria-a-implicados-en-linchamiento-de-olivera\/\" aria-label=\"Leer m\u00e1s sobre Deniegan prisi\u00f3n domiciliaria a implicados en linchamiento de Olivera\">Leer m\u00e1s<\/a><\/p>\n","protected":false},"author":1,"featured_media":182932,"comment_status":"closed","ping_status":"open","sticky":false,"template":"","format":"standard","meta":{"_monsterinsights_skip_tracking":false,"_monsterinsights_sitenote_active":false,"_monsterinsights_sitenote_note":"","_monsterinsights_sitenote_category":0,"jetpack_post_was_ever_published":false,"_jetpack_newsletter_access":"","_jetpack_dont_email_post_to_subs":false,"_jetpack_newsletter_tier_id":0,"_jetpack_memberships_contains_paywalled_content":false,"_jetpack_memberships_contains_paid_content":false,"footnotes":"","jetpack_publicize_message":"","jetpack_publicize_feature_enabled":true,"jetpack_social_post_already_shared":false,"jetpack_social_options":{"image_generator_settings":{"template":"highway","default_image_id":0,"enabled":false},"version":2},"_wpas_customize_per_network":false},"categories":[85],"tags":[20515,12474,7278],"class_list":["post-185644","post","type-post","status-publish","format-standard","has-post-thumbnail","hentry","category-policial","tag-crimen-de-jeremias-sosa","tag-justicia-de-mercedes","tag-olivera","generate-columns","tablet-grid-50","mobile-grid-100","grid-parent","grid-50"],"jetpack_publicize_connections":[],"jetpack_featured_media_url":"https:\/\/www.hoymercedes.com.ar\/principal\/wp-content\/uploads\/2025\/03\/Movilizacion-por-Jeremias.png","wps_subtitle":"Justicia de Mercedes ","jetpack_sharing_enabled":true,"_links":{"self":[{"href":"https:\/\/www.hoymercedes.com.ar\/principal\/wp-json\/wp\/v2\/posts\/185644","targetHints":{"allow":["GET"]}}],"collection":[{"href":"https:\/\/www.hoymercedes.com.ar\/principal\/wp-json\/wp\/v2\/posts"}],"about":[{"href":"https:\/\/www.hoymercedes.com.ar\/principal\/wp-json\/wp\/v2\/types\/post"}],"author":[{"embeddable":true,"href":"https:\/\/www.hoymercedes.com.ar\/principal\/wp-json\/wp\/v2\/users\/1"}],"replies":[{"embeddable":true,"href":"https:\/\/www.hoymercedes.com.ar\/principal\/wp-json\/wp\/v2\/comments?post=185644"}],"version-history":[{"count":2,"href":"https:\/\/www.hoymercedes.com.ar\/principal\/wp-json\/wp\/v2\/posts\/185644\/revisions"}],"predecessor-version":[{"id":185646,"href":"https:\/\/www.hoymercedes.com.ar\/principal\/wp-json\/wp\/v2\/posts\/185644\/revisions\/185646"}],"wp:featuredmedia":[{"embeddable":true,"href":"https:\/\/www.hoymercedes.com.ar\/principal\/wp-json\/wp\/v2\/media\/182932"}],"wp:attachment":[{"href":"https:\/\/www.hoymercedes.com.ar\/principal\/wp-json\/wp\/v2\/media?parent=185644"}],"wp:term":[{"taxonomy":"category","embeddable":true,"href":"https:\/\/www.hoymercedes.com.ar\/principal\/wp-json\/wp\/v2\/categories?post=185644"},{"taxonomy":"post_tag","embeddable":true,"href":"https:\/\/www.hoymercedes.com.ar\/principal\/wp-json\/wp\/v2\/tags?post=185644"}],"curies":[{"name":"wp","href":"https:\/\/api.w.org\/{rel}","templated":true}]}}